{"id":48427,"date":"2017-07-17T16:16:28","date_gmt":"2017-07-17T12:16:28","guid":{"rendered":""},"modified":"-0001-11-30T00:00:00","modified_gmt":"-0001-11-29T20:00:00","slug":"","status":"publish","type":"post","link":"https:\/\/ucnoqta.az\/?p=48427","title":{"rendered":"Faiq \u018fmirlinin v\u0259sat\u0259tl\u0259ri t\u0259min edilm\u0259di"},"content":{"rendered":"<p><span style=\"line-height: 1.6em;\">Bu g&uuml;n S\u0259bail rayon M\u0259hk\u0259m\u0259sind\u0259 Az\u0259rbaycan Xalq C\u0259bh\u0259si Partiyas\u0131 s\u0259drinin h\u0259bsd\u0259 olan k&ouml;m\u0259k&ccedil;isi, &quot;Azadl\u0131q&quot; q\u0259zetinin yay\u0131m direktoru Faiq \u018fmirlinin i\u015fi &uuml;zr\u0259 m\u0259hk\u0259m\u0259 prosesi davam etdirilib.<\/span><span style=\"line-height: 1.6em;\">Trend-in m\u0259lumat\u0131na g&ouml;r\u0259, hakim Ayt\u0259n \u018fliyevan\u0131n s\u0259drliyi il\u0259 ke&ccedil;iril\u0259n prosesd\u0259 &ccedil;\u0131x\u0131\u015f ed\u0259n F.\u018fmirlinin v\u0259kili F\u0259xr\u0259ddin Mehdiyev m&uuml;v\u0259kkilinin s\u0259hh\u0259tind\u0259 ciddi probleml\u0259r oldu\u011funu deyib. V\u0259kil qeyd edib ki, F.\u018fmirli h\u0259r d\u0259f\u0259 m\u0259hk\u0259m\u0259y\u0259 g\u0259tiril\u0259nd\u0259n sonra onun s\u0259hh\u0259ti pisl\u0259\u015fir. F.Mehdiyev buna g&ouml;r\u0259 d\u0259 m\u0259hk\u0259m\u0259 istintaq\u0131n\u0131n tez yekunla\u015fmas\u0131n\u0131 ist\u0259yib.<\/span><br \/>\n<span style=\"line-height: 1.6em;\">V\u0259kil h\u0259m&ccedil;inin prosesd\u0259 istintaq vaxt\u0131 dindirilm\u0259y\u0259n iki \u015fahidin d\u0259 dindirilm\u0259sini ist\u0259yib.<\/span><\/p>\n<p>Prosesd\u0259 &ccedil;\u0131x\u0131\u015f ed\u0259n F.\u018fmirli s\u0259hh\u0259tinin yax\u015f\u0131 olmad\u0131\u011f\u0131n\u0131, bir ne&ccedil;\u0259 x\u0259st\u0259likd\u0259n \u0259ziyy\u0259t &ccedil;\u0259ksiyini deyib.<\/p>\n<p>Prosesd\u0259 v\u0259sat\u0259tl\u0259r t\u0259min olunmayb v\u0259 m\u0259hk\u0259m\u0259 prosesi iyulun 19-a t\u0259yin edilib.<\/p>\n<p>Qeyd ed\u0259k ki, F.\u018fmirli &ouml;t\u0259n il avqustun 20-d\u0259 saxlan\u0131l\u0131b. Avqustun 22-d\u0259 N\u0259simi rayon M\u0259hk\u0259m\u0259sinin q\u0259rar\u0131 il\u0259 onun bar\u0259sind\u0259 3 ayl\u0131q h\u0259bs-q\u0259timkan t\u0259dbiri se&ccedil;ilib. F.\u018fmirlinin bar\u0259sind\u0259ki h\u0259bs q\u0259timkan q\u0259rar\u0131n\u0131n m&uuml;dd\u0259ti bir ne&ccedil;\u0259 d\u0259f\u0259 art\u0131r\u0131l\u0131b.<\/p>\n<p>F.\u018fmirli Cinay\u0259t M\u0259c\u0259ll\u0259sinin 168.1-ci (Dini ayinl\u0259rin icras\u0131 ad\u0131 alt\u0131nda v\u0259t\u0259nda\u015flar\u0131n h&uuml;quqlar\u0131na q\u0259sd etm\u0259) v\u0259 283.2.2-ci (Milli, irqi, sosial, dini nifr\u0259t v\u0259 d&uuml;\u015fm\u0259n&ccedil;iliyin sal\u0131nmas\u0131), 213-c&uuml; (vergid\u0259n yay\u0131nma) v\u0259 308-ci (v\u0259zif\u0259 s\u0259lahiyy\u0259tl\u0259rind\u0259n sui-istifad\u0259) madd\u0259l\u0259ri il\u0259 ittiham edilirdi. \u0130stintaq ba\u015fa &ccedil;atan \u0259r\u0259f\u0259d\u0259 Ba\u015f Prokurorluq F.\u018fmirlinin ittiham olundu\u011fu iki madd\u0259 &#8211; Cinay\u0259t M\u0259c\u0259ll\u0259sinin 168.1-ci (Dini ayinl\u0259rin icras\u0131 ad\u0131 alt\u0131nda v\u0259t\u0259nda\u015flar\u0131n h&uuml;quqlar\u0131na q\u0259sd etm\u0259) v\u0259 308-ci (v\u0259zif\u0259 s\u0259lahiyy\u0259tl\u0259rind\u0259n sui-istifad\u0259) madd\u0259l\u0259rin\u0259 xitam verib. Haz\u0131rda F.\u018fmirli Cinay\u0259t M\u0259c\u0259ll\u0259sinin 283.2.2-ci (Milli, irqi, sosial, dini nifr\u0259t v\u0259 d&uuml;\u015fm\u0259n&ccedil;iliyin sal\u0131nmas\u0131) v\u0259 213-c&uuml; (vergid\u0259n yay\u0131nma) madd\u0259l\u0259ri il\u0259 ittiham edilir.<\/p>\n","protected":false},"excerpt":{"rendered":"<p>Bu g&uuml;n S\u0259bail rayon M\u0259hk\u0259m\u0259sind\u0259 Az\u0259rbaycan Xalq C\u0259bh\u0259si Partiyas\u0131 s\u0259drinin h\u0259bsd\u0259 olan k&ouml;m\u0259k&ccedil;isi, &quot;Azadl\u0131q&quot; q\u0259zetinin yay\u0131m direktoru Faiq \u018fmirlinin i\u015fi &uuml;zr\u0259 m\u0259hk\u0259m\u0259 prosesi davam etdirilib.Trend-in m\u0259lumat\u0131na g&ouml;r\u0259, hakim Ayt\u0259n \u018fliyevan\u0131n&hellip;<\/p>\n","protected":false},"author":1,"featured_media":251278,"comment_status":"open","ping_status":"open","sticky":false,"template":"","format":"standard","meta":{"_lmt_disableupdate":"","_lmt_disable":"","footnotes":""},"categories":[],"tags":[],"class_list":["post-48427","post","type-post","status-publish","format-standard","has-post-thumbnail","hentry"],"_links":{"self":[{"href":"https:\/\/ucnoqta.az\/index.php?rest_route=\/wp\/v2\/posts\/48427","targetHints":{"allow":["GET"]}}],"collection":[{"href":"https:\/\/ucnoqta.az\/index.php?rest_route=\/wp\/v2\/posts"}],"about":[{"href":"https:\/\/ucnoqta.az\/index.php?rest_route=\/wp\/v2\/types\/post"}],"author":[{"embeddable":true,"href":"https:\/\/ucnoqta.az\/index.php?rest_route=\/wp\/v2\/users\/1"}],"replies":[{"embeddable":true,"href":"https:\/\/ucnoqta.az\/index.php?rest_route=%2Fwp%2Fv2%2Fcomments&post=48427"}],"version-history":[{"count":0,"href":"https:\/\/ucnoqta.az\/index.php?rest_route=\/wp\/v2\/posts\/48427\/revisions"}],"wp:featuredmedia":[{"embeddable":true,"href":"https:\/\/ucnoqta.az\/index.php?rest_route=\/wp\/v2\/media\/251278"}],"wp:attachment":[{"href":"https:\/\/ucnoqta.az\/index.php?rest_route=%2Fwp%2Fv2%2Fmedia&parent=48427"}],"wp:term":[{"taxonomy":"category","embeddable":true,"href":"https:\/\/ucnoqta.az\/index.php?rest_route=%2Fwp%2Fv2%2Fcategories&post=48427"},{"taxonomy":"post_tag","embeddable":true,"href":"https:\/\/ucnoqta.az\/index.php?rest_route=%2Fwp%2Fv2%2Ftags&post=48427"}],"curies":[{"name":"wp","href":"https:\/\/api.w.org\/{rel}","templated":true}]}}