{"id":48426,"date":"2017-07-17T16:14:05","date_gmt":"2017-07-17T12:14:05","guid":{"rendered":""},"modified":"-0001-11-30T00:00:00","modified_gmt":"-0001-11-29T20:00:00","slug":"","status":"publish","type":"post","link":"https:\/\/ucnoqta.az\/?p=48426","title":{"rendered":"\u0130lham \u018fliyev:<font color=red><b> \u201cAz\u0259rbaycan\u0131n \u0259razi b\u00fct\u00f6vl\u00fcy\u00fc b\u00fct\u00fcn d\u00fcnya t\u0259r\u0259find\u0259n d\u0259st\u0259kl\u0259nir\u201d<\/b><\/font>"},"content":{"rendered":"<p><span style=\"line-height: 1.6em;\">&ldquo;Siz d\u0259 qeyd etdiniz ki, Az\u0259rbaycan\u0131n \u0259razi b&uuml;t&ouml;vl&uuml;y&uuml; m\u0259s\u0259l\u0259l\u0259ri Latviya t\u0259r\u0259find\u0259n d\u0259st\u0259kl\u0259nir, dey\u0259 bil\u0259r\u0259m ki, b&uuml;t&uuml;n d&uuml;nya t\u0259r\u0259find\u0259n d\u0259st\u0259kl\u0259nir&rdquo;.&nbsp;<\/span><span style=\"line-height: 1.6em;\">Bunu Riqada Latviya prezidenti il\u0259 birg\u0259 m\u0259tbuata a&ccedil;\u0131qlama ver\u0259n Az\u0259rbaycan prezidenti \u0130lham \u018fliyev deyib.<\/span><br \/>\n<span style=\"line-height: 1.6em;\">O qeyd edib ki, Latviya il\u0259 Az\u0259rbaycan aras\u0131nda imzalanan strateji t\u0259r\u0259fda\u015fl\u0131q haqq\u0131nda Birg\u0259 B\u0259yannam\u0259d\u0259 Erm\u0259nistan-Az\u0259rbaycan, Da\u011fl\u0131q Qaraba\u011f m&uuml;naqi\u015f\u0259sinin h\u0259lli il\u0259 ba\u011fl\u0131 &ccedil;ox &ouml;n\u0259mli m\u0259s\u0259l\u0259l\u0259r \u0259ksini tap\u0131b: &ldquo;Burada qeyd olunur ki, bu m\u0259s\u0259l\u0259 BMT T\u0259hl&uuml;k\u0259sizlik \u015euras\u0131n\u0131n m&uuml;vafiq q\u0259tnam\u0259l\u0259ri, Az\u0259rbaycan\u0131n \u0259razi b&uuml;t&ouml;vl&uuml;y&uuml;, suverenliyi, Az\u0259rbaycan s\u0259rh\u0259dl\u0259rinin toxunulmazl\u0131\u011f\u0131 &ccedil;\u0259r&ccedil;iv\u0259sind\u0259 h\u0259llini tapmal\u0131d\u0131r. Bu, \u0259dal\u0259tli m&ouml;vqedir, bu m&ouml;vqey\u0259 g&ouml;r\u0259 m\u0259n siz\u0259 minn\u0259tdaram. Biz bu g&uuml;n, \u0259lb\u0259tt\u0259 ki, regional probleml\u0259r\u0259 d\u0259 toxunduq, t\u0259hl&uuml;k\u0259sizlik m\u0259s\u0259l\u0259l\u0259ri m&uuml;zakir\u0259 edildi. Biz indi strateji t\u0259r\u0259fda\u015flar kimi, \u0259lb\u0259tt\u0259 ki, b&uuml;t&uuml;n m\u0259s\u0259l\u0259l\u0259ri &ccedil;ox a&ccedil;\u0131q, s\u0259mimi \u015f\u0259kild\u0259 m&uuml;zakir\u0259 edirik&rdquo;.<\/span><\/p>\n","protected":false},"excerpt":{"rendered":"<p>&ldquo;Siz d\u0259 qeyd etdiniz ki, Az\u0259rbaycan\u0131n \u0259razi b&uuml;t&ouml;vl&uuml;y&uuml; m\u0259s\u0259l\u0259l\u0259ri Latviya t\u0259r\u0259find\u0259n d\u0259st\u0259kl\u0259nir, dey\u0259 bil\u0259r\u0259m ki, b&uuml;t&uuml;n d&uuml;nya t\u0259r\u0259find\u0259n d\u0259st\u0259kl\u0259nir&rdquo;.&nbsp;Bunu Riqada Latviya prezidenti il\u0259 birg\u0259 m\u0259tbuata a&ccedil;\u0131qlama ver\u0259n Az\u0259rbaycan prezidenti \u0130lham&hellip;<\/p>\n","protected":false},"author":1,"featured_media":251278,"comment_status":"open","ping_status":"open","sticky":false,"template":"","format":"standard","meta":{"_lmt_disableupdate":"","_lmt_disable":"","footnotes":""},"categories":[],"tags":[],"class_list":["post-48426","post","type-post","status-publish","format-standard","has-post-thumbnail","hentry"],"_links":{"self":[{"href":"https:\/\/ucnoqta.az\/index.php?rest_route=\/wp\/v2\/posts\/48426","targetHints":{"allow":["GET"]}}],"collection":[{"href":"https:\/\/ucnoqta.az\/index.php?rest_route=\/wp\/v2\/posts"}],"about":[{"href":"https:\/\/ucnoqta.az\/index.php?rest_route=\/wp\/v2\/types\/post"}],"author":[{"embeddable":true,"href":"https:\/\/ucnoqta.az\/index.php?rest_route=\/wp\/v2\/users\/1"}],"replies":[{"embeddable":true,"href":"https:\/\/ucnoqta.az\/index.php?rest_route=%2Fwp%2Fv2%2Fcomments&post=48426"}],"version-history":[{"count":0,"href":"https:\/\/ucnoqta.az\/index.php?rest_route=\/wp\/v2\/posts\/48426\/revisions"}],"wp:featuredmedia":[{"embeddable":true,"href":"https:\/\/ucnoqta.az\/index.php?rest_route=\/wp\/v2\/media\/251278"}],"wp:attachment":[{"href":"https:\/\/ucnoqta.az\/index.php?rest_route=%2Fwp%2Fv2%2Fmedia&parent=48426"}],"wp:term":[{"taxonomy":"category","embeddable":true,"href":"https:\/\/ucnoqta.az\/index.php?rest_route=%2Fwp%2Fv2%2Fcategories&post=48426"},{"taxonomy":"post_tag","embeddable":true,"href":"https:\/\/ucnoqta.az\/index.php?rest_route=%2Fwp%2Fv2%2Ftags&post=48426"}],"curies":[{"name":"wp","href":"https:\/\/api.w.org\/{rel}","templated":true}]}}