{"id":48424,"date":"2017-07-17T16:02:39","date_gmt":"2017-07-17T12:02:39","guid":{"rendered":""},"modified":"-0001-11-30T00:00:00","modified_gmt":"-0001-11-29T20:00:00","slug":"","status":"publish","type":"post","link":"https:\/\/ucnoqta.az\/?p=48424","title":{"rendered":"Latviya prezidenti:<font color=red><b> \u201cLatviya Az\u0259rbaycan\u0131n \u0259razi b\u00fct\u00f6vl\u00fcy\u00fcn\u00fc bundan sonra da d\u0259st\u0259kl\u0259y\u0259c\u0259k\u201d <\/b><\/font>"},"content":{"rendered":"<p><span style=\"line-height: 1.6em;\">Az\u0259rbaycan prezidenti \u0130lham \u018fliyevin v\u0259 Latviya prezidenti Raymonds Veyonisin n&uuml;may\u0259nd\u0259 hey\u0259tl\u0259rinin i\u015ftirak\u0131 il\u0259 geni\u015f t\u0259rkibd\u0259 g&ouml;r&uuml;\u015f&uuml; olub.<\/span><span style=\"line-height: 1.6em;\">APA-n\u0131n m\u0259lumat\u0131na g&ouml;r\u0259, g&ouml;r&uuml;\u015fd\u0259 &ouml;lk\u0259l\u0259rimiz aras\u0131nda m&uuml;xt\u0259lif sah\u0259l\u0259rd\u0259 \u0259m\u0259kda\u015fl\u0131\u011f\u0131n geni\u015fl\u0259ndirilm\u0259si &uuml;&ccedil;&uuml;n b&ouml;y&uuml;k imkanlar\u0131n oldu\u011fu bildirilib, Az\u0259rbaycan\u0131n beyn\u0259lxalq n\u0259qliyyat d\u0259hlizl\u0259rind\u0259, o c&uuml;ml\u0259d\u0259n \u015e\u0259rq-Q\u0259rb, \u015eimal-C\u0259nub d\u0259hlizl\u0259rind\u0259, Asiya il\u0259 Avropa aras\u0131nda y&uuml;kda\u015f\u0131malarda &ouml;n\u0259mli rolu qeyd edilib.<\/span><br \/>\n<span style=\"line-height: 1.6em;\">D&ouml;vl\u0259t ba\u015f&ccedil;\u0131s\u0131 Az\u0259rbaycan\u0131n beyn\u0259lxalq n\u0259qliyyat \u0259m\u0259kda\u015fl\u0131\u011f\u0131 sah\u0259sind\u0259 g&ouml;rd&uuml;y&uuml; i\u015fl\u0259rd\u0259n dan\u0131\u015f\u0131b.<\/span><br \/>\n<span style=\"line-height: 1.6em;\">G&ouml;r&uuml;\u015fd\u0259 Az\u0259rbaycan prezidentinin Latviyaya r\u0259smi s\u0259f\u0259ri &ccedil;\u0259r&ccedil;iv\u0259sind\u0259 imzalanacaq s\u0259n\u0259dl\u0259rin \u0259h\u0259miyy\u0259ti qeyd olunub, bu s\u0259n\u0259dl\u0259rin \u0259laq\u0259l\u0259rin daha da geni\u015fl\u0259nm\u0259sin\u0259 t&ouml;hf\u0259 ver\u0259c\u0259yin\u0259 \u0259minlik ifad\u0259 edilib. H\u0259m&ccedil;inin t\u0259hsil sah\u0259sind\u0259 \u0259m\u0259kda\u015fl\u0131q m&uuml;zakir\u0259 edildi v\u0259 bu sah\u0259d\u0259 \u0259laq\u0259l\u0259rin geni\u015fl\u0259ndirilm\u0259si &uuml;&ccedil;&uuml;n yax\u015f\u0131 imkanlar\u0131n oldu\u011fu bildirilib.<\/span><br \/>\n<span style=\"line-height: 1.6em;\">S&ouml;hb\u0259t zaman\u0131 Az\u0259rbaycan-Latviya m&uuml;nasib\u0259tl\u0259rinin Az\u0259rbaycan-Avropa \u0130ttifaq\u0131 m&uuml;nasib\u0259tl\u0259ri &ccedil;\u0259r&ccedil;iv\u0259sind\u0259 &ouml;n\u0259mi qeyd edilib. H&ouml;kum\u0259tl\u0259raras\u0131 Komissiyan\u0131n f\u0259aliyy\u0259ti m&uuml;zakir\u0259 olunub, ticar\u0259t d&ouml;vriyy\u0259sinin art\u0131r\u0131lmas\u0131 &uuml;&ccedil;&uuml;n imkanlar\u0131n ara\u015fd\u0131r\u0131lmas\u0131, ixrac-idxal potensial\u0131n\u0131n m&uuml;\u0259yy\u0259nl\u0259\u015fdirilm\u0259si, k\u0259nd t\u0259s\u0259rr&uuml;fat\u0131, turizm, informasiya-kommunikasiya texnologiyalar\u0131 sah\u0259sind\u0259 \u0259m\u0259kda\u015fl\u0131q m\u0259s\u0259l\u0259l\u0259rind\u0259n dan\u0131\u015f\u0131l\u0131b.<\/span><br \/>\n<span style=\"line-height: 1.6em;\">Prezident Raymonds Veyonis vur\u011fulay\u0131b ki, Latviya Az\u0259rbaycan\u0131n \u0259razi b&uuml;t&ouml;vl&uuml;y&uuml;n&uuml; daim d\u0259st\u0259kl\u0259yib v\u0259 bundan sonra da d\u0259st\u0259kl\u0259y\u0259c\u0259k. Latviya d&ouml;vl\u0259tinin ba\u015f&ccedil;\u0131s\u0131 &ouml;lk\u0259sinin g\u0259l\u0259c\u0259kd\u0259 d\u0259 Az\u0259rbaycan-Avropa \u0130ttifaq\u0131 \u0259m\u0259kda\u015fl\u0131\u011f\u0131n\u0131n m&ouml;hk\u0259ml\u0259ndirilm\u0259si i\u015fin\u0259 t&ouml;hf\u0259 ver\u0259c\u0259yini vur\u011fulay\u0131b.<\/span><\/p>\n<p>&nbsp;<br \/>\n*** 12.37<br \/>\n&nbsp;<br \/>\nAz\u0259rbaycan prezidenti \u0130lham \u018fliyevin v\u0259 Latviya prezidenti Raymonds Veyonisin Riqada geni\u015f t\u0259rkibd\u0259 g&ouml;r&uuml;\u015f&uuml; olub.<br \/>\n&nbsp;<br \/>\nAPA-n\u0131n x\u0259b\u0259rin\u0259 g&ouml;r\u0259, &nbsp;bu bar\u0259d\u0259 Az\u0259rbaycan prezidentinin m\u0259tbuat xidm\u0259tinin yayd\u0131\u011f\u0131 m\u0259lumatda deyilir.&nbsp;<\/p>\n","protected":false},"excerpt":{"rendered":"<p>Az\u0259rbaycan prezidenti \u0130lham \u018fliyevin v\u0259 Latviya prezidenti Raymonds Veyonisin n&uuml;may\u0259nd\u0259 hey\u0259tl\u0259rinin i\u015ftirak\u0131 il\u0259 geni\u015f t\u0259rkibd\u0259 g&ouml;r&uuml;\u015f&uuml; olub.APA-n\u0131n m\u0259lumat\u0131na g&ouml;r\u0259, g&ouml;r&uuml;\u015fd\u0259 &ouml;lk\u0259l\u0259rimiz aras\u0131nda m&uuml;xt\u0259lif sah\u0259l\u0259rd\u0259 \u0259m\u0259kda\u015fl\u0131\u011f\u0131n geni\u015fl\u0259ndirilm\u0259si &uuml;&ccedil;&uuml;n b&ouml;y&uuml;k imkanlar\u0131n oldu\u011fu&hellip;<\/p>\n","protected":false},"author":1,"featured_media":251278,"comment_status":"open","ping_status":"open","sticky":false,"template":"","format":"standard","meta":{"_lmt_disableupdate":"","_lmt_disable":"","footnotes":""},"categories":[86],"tags":[],"class_list":["post-48424","post","type-post","status-publish","format-standard","has-post-thumbnail","hentry","category-siyaset"],"_links":{"self":[{"href":"https:\/\/ucnoqta.az\/index.php?rest_route=\/wp\/v2\/posts\/48424","targetHints":{"allow":["GET"]}}],"collection":[{"href":"https:\/\/ucnoqta.az\/index.php?rest_route=\/wp\/v2\/posts"}],"about":[{"href":"https:\/\/ucnoqta.az\/index.php?rest_route=\/wp\/v2\/types\/post"}],"author":[{"embeddable":true,"href":"https:\/\/ucnoqta.az\/index.php?rest_route=\/wp\/v2\/users\/1"}],"replies":[{"embeddable":true,"href":"https:\/\/ucnoqta.az\/index.php?rest_route=%2Fwp%2Fv2%2Fcomments&post=48424"}],"version-history":[{"count":0,"href":"https:\/\/ucnoqta.az\/index.php?rest_route=\/wp\/v2\/posts\/48424\/revisions"}],"wp:featuredmedia":[{"embeddable":true,"href":"https:\/\/ucnoqta.az\/index.php?rest_route=\/wp\/v2\/media\/251278"}],"wp:attachment":[{"href":"https:\/\/ucnoqta.az\/index.php?rest_route=%2Fwp%2Fv2%2Fmedia&parent=48424"}],"wp:term":[{"taxonomy":"category","embeddable":true,"href":"https:\/\/ucnoqta.az\/index.php?rest_route=%2Fwp%2Fv2%2Fcategories&post=48424"},{"taxonomy":"post_tag","embeddable":true,"href":"https:\/\/ucnoqta.az\/index.php?rest_route=%2Fwp%2Fv2%2Ftags&post=48424"}],"curies":[{"name":"wp","href":"https:\/\/api.w.org\/{rel}","templated":true}]}}