{"id":48420,"date":"2017-07-17T15:22:36","date_gmt":"2017-07-17T11:22:36","guid":{"rendered":""},"modified":"-0001-11-30T00:00:00","modified_gmt":"-0001-11-29T20:00:00","slug":"","status":"publish","type":"post","link":"https:\/\/ucnoqta.az\/?p=48420","title":{"rendered":"CASCFEN Xa\u00e7maz m\u00fc\u0259lliml\u0259ri \u00fc\u00e7\u00fcn seminar ke\u00e7irdi"},"content":{"rendered":"<p><span style=\"line-height: 1.6em;\">&nbsp;Orta Asiya v\u0259 G&uuml;ney Qafqaz S&ouml;z Azadl\u0131\u011f\u0131 \u015e\u0259b\u0259k\u0259si (CASCFEN) &ldquo;T\u0259hsil i\u015f&ccedil;il\u0259rinin media il\u0259 \u0259laq\u0259l\u0259rinin optimalla\u015fd\u0131r\u0131lmas\u0131&rdquo; layih\u0259si &ccedil;\u0259r&ccedil;iv\u0259sind\u0259 Xa&ccedil;mazdak\u0131 7 sayl\u0131 m\u0259kt\u0259bd\u0259 seminar ke&ccedil;irib.<\/span><span style=\"line-height: 1.6em;\">A&ccedil;\u0131l\u0131\u015fda &ccedil;\u0131x\u0131\u015f ed\u0259n m\u0259kt\u0259bin direktoru \u015eamama N\u0259sirova v\u0259 rayon t\u0259hsil \u015f&ouml;b\u0259sinin metodisti \u0130mran M&uuml;seyibli bel\u0259 t\u0259dbirl\u0259rin faydas\u0131n\u0131 qeyd edib.<\/span><span style=\"line-height: 1.6em;\">Daha sonra &ccedil;\u0131x\u0131\u015f ed\u0259n CASCFEN s\u0259dri Az\u0259r H\u0259sr\u0259t verdiyi d\u0259st\u0259y\u0259 g&ouml;r\u0259, Az\u0259rbaycan Respublikas\u0131n\u0131n Prezidenti yan\u0131nda QHT-l\u0259r\u0259 D&ouml;vl\u0259t D\u0259st\u0259yi \u015euras\u0131na t\u0259\u015f\u0259kk&uuml;r edib. O, eyni zamanda Xa&ccedil;maz rayon icra hakimiyy\u0259tin\u0259 v\u0259 m\u0259kt\u0259bin direktoru \u015eamama N\u0259sirovaya t\u0259\u015f\u0259kk&uuml;r&uuml;n&uuml; ifad\u0259 edib.<\/span><span style=\"line-height: 1.6em;\">Bunun ard\u0131nca o, layih\u0259 haqq\u0131nda bilgi verib. CASCFEN s\u0259dri deyib ki, Az\u0259rbaycanda bir s\u0131ra \u015f\u0259xsl\u0259r mediadan sui-istifad\u0259 edir, m&uuml;\u0259lliml\u0259r\u0259 narahatl\u0131q yarad\u0131r. Bunun s\u0259b\u0259bl\u0259rind\u0259n biri d\u0259 m\u0259kt\u0259b kollektivl\u0259rinin, onlar\u0131n r\u0259hb\u0259rl\u0259rinin media il\u0259 \u0259laq\u0259l\u0259rin nec\u0259 qurulaca\u011f\u0131n\u0131 yet\u0259rinc\u0259 bilm\u0259m\u0259sidir.<\/span><span style=\"line-height: 1.6em;\">&ldquo;Layih\u0259mizin m\u0259qs\u0259di odur ki, m&uuml;\u0259lliml\u0259ri media il\u0259 \u0259laq\u0259l\u0259rin nec\u0259 qurulmas\u0131 il\u0259 ba\u011fl\u0131 bilgil\u0259ndir\u0259k. Media sah\u0259sind\u0259 bilgil\u0259riniz n\u0259 q\u0259d\u0259r &ccedil;ox olarsa, he&ccedil; bir &ldquo;jurnalist&rdquo; sizi incid\u0259 bilm\u0259z&rdquo;, &ndash; dey\u0259 Az\u0259r H\u0259sr\u0259t bildirib.<\/span><span style=\"line-height: 1.6em;\">Sonra s&ouml;z alan ekspert, Az\u0259rbaycan M\u0259tbuat \u015euras\u0131 s\u0259drinin m&uuml;avini, Jurnalistl\u0259rin H\u0259mkarlar \u0130ttifaq\u0131n\u0131n s\u0259dri M&uuml;\u015ffiq \u018fl\u0259sgl\u0259rli media qanunvericiliyi haqq\u0131nda geni\u015f t\u0259qdimatla &ccedil;\u0131x\u0131\u015f edib. O, informasiya \u0259ld\u0259 etm\u0259k h&uuml;ququ, bu v\u0259 b\u0259nz\u0259r h&uuml;quqlardan ir\u0259li g\u0259l\u0259n v\u0259zif\u0259l\u0259ri ayr\u0131ca \u015f\u0259rh edib. Ekspert mediadan sui-istifad\u0259 hallar\u0131 &uuml;z\u0259rind\u0259 geni\u015f dayanaraq i\u015ftirak&ccedil;\u0131lara ayr\u0131nt\u0131l\u0131 bilgi verib.<\/span><\/p>\n<p>&ldquo;&Ouml;z&uuml;n&uuml; jurnalist kimi t\u0259qdim ed\u0259nl\u0259rin \u0259ks\u0259riyy\u0259ti, \u0259slind\u0259, mediadan sui-istifad\u0259 ed\u0259nl\u0259rdir. Bel\u0259 adamlarla t\u0259masdan qa&ccedil;maq laz\u0131md\u0131r. Bu adamlar\u0131n \u0259sl m\u0259qs\u0259di he&ccedil; d\u0259 x\u0259b\u0259r yaymaq deyil. Onlar\u0131n \u0259sl m\u0259qs\u0259di insanlar\u0131 \u015fantaj edib r&uuml;\u015fv\u0259t almaq, siz m&uuml;\u0259lliml\u0259ri qorxu alt\u0131nda saxlamaqd\u0131r&rdquo;, &ndash; dey\u0259 M&uuml;\u015ffiq \u018fl\u0259sg\u0259rli bildirib.<\/p>\n<p>M&uuml;\u0259lliml\u0259rin d\u0259 f\u0259all\u0131\u011f\u0131yla ke&ccedil;\u0259n seminarda maraql\u0131 &ccedil;\u0131x\u0131\u015flar olub. M&uuml;z\u0259ff\u0259roba k\u0259nd orta m\u0259kt\u0259binin direktoru F\u0259rzal\u0131 H\u0259s\u0259nov seminarda toxunulan m&ouml;vzunun onun &uuml;&ccedil;&uuml;n &ccedil;ox faydal\u0131 oldu\u011funu deyib. O, qeyd edib ki, bel\u0259 bilgil\u0259ndirm\u0259 t\u0259dbirl\u0259ri jurnalistikadan sui-istifad\u0259 hallar\u0131n\u0131n qar\u015f\u0131s\u0131n\u0131 almaqda \u0259v\u0259zsiz rol oynay\u0131r.<\/p>\n<p>&Ouml;z n&ouml;vb\u0259sind\u0259 Az\u0259r H\u0259sr\u0259t qeyd edib ki, F\u0259rzal\u0131 H\u0259s\u0259nov b&ouml;lg\u0259d\u0259 s&ouml;z adamlar\u0131n\u0131n t\u0259\u015fkilatlanmas\u0131nda oynad\u0131\u011f\u0131 rola, \u0259v\u0259zsiz xidm\u0259tl\u0259rin\u0259 g&ouml;r\u0259, CASCFEN-in diplomuyla t\u0259ltif edilib.<\/p>\n<p>Seminar\u0131n sonunda i\u015ftirak&ccedil;\u0131lara sertifikatlar t\u0259qdim edilib, qrup \u015f\u0259kli &ccedil;\u0259kdirilib.<\/p>\n<p>Layih\u0259 &ccedil;\u0259r&ccedil;iv\u0259sind\u0259 sonuncu seminar iyul ay\u0131n\u0131n 28-d\u0259 Bak\u0131da ke&ccedil;iril\u0259c\u0259k.<\/p>\n","protected":false},"excerpt":{"rendered":"<p>&nbsp;Orta Asiya v\u0259 G&uuml;ney Qafqaz S&ouml;z Azadl\u0131\u011f\u0131 \u015e\u0259b\u0259k\u0259si (CASCFEN) &ldquo;T\u0259hsil i\u015f&ccedil;il\u0259rinin media il\u0259 \u0259laq\u0259l\u0259rinin optimalla\u015fd\u0131r\u0131lmas\u0131&rdquo; layih\u0259si &ccedil;\u0259r&ccedil;iv\u0259sind\u0259 Xa&ccedil;mazdak\u0131 7 sayl\u0131 m\u0259kt\u0259bd\u0259 seminar ke&ccedil;irib.A&ccedil;\u0131l\u0131\u015fda &ccedil;\u0131x\u0131\u015f ed\u0259n m\u0259kt\u0259bin direktoru \u015eamama N\u0259sirova v\u0259&hellip;<\/p>\n","protected":false},"author":1,"featured_media":251278,"comment_status":"open","ping_status":"open","sticky":false,"template":"","format":"standard","meta":{"_lmt_disableupdate":"","_lmt_disable":"","footnotes":""},"categories":[101],"tags":[],"class_list":["post-48420","post","type-post","status-publish","format-standard","has-post-thumbnail","hentry","category-cemiyyet"],"_links":{"self":[{"href":"https:\/\/ucnoqta.az\/index.php?rest_route=\/wp\/v2\/posts\/48420","targetHints":{"allow":["GET"]}}],"collection":[{"href":"https:\/\/ucnoqta.az\/index.php?rest_route=\/wp\/v2\/posts"}],"about":[{"href":"https:\/\/ucnoqta.az\/index.php?rest_route=\/wp\/v2\/types\/post"}],"author":[{"embeddable":true,"href":"https:\/\/ucnoqta.az\/index.php?rest_route=\/wp\/v2\/users\/1"}],"replies":[{"embeddable":true,"href":"https:\/\/ucnoqta.az\/index.php?rest_route=%2Fwp%2Fv2%2Fcomments&post=48420"}],"version-history":[{"count":0,"href":"https:\/\/ucnoqta.az\/index.php?rest_route=\/wp\/v2\/posts\/48420\/revisions"}],"wp:featuredmedia":[{"embeddable":true,"href":"https:\/\/ucnoqta.az\/index.php?rest_route=\/wp\/v2\/media\/251278"}],"wp:attachment":[{"href":"https:\/\/ucnoqta.az\/index.php?rest_route=%2Fwp%2Fv2%2Fmedia&parent=48420"}],"wp:term":[{"taxonomy":"category","embeddable":true,"href":"https:\/\/ucnoqta.az\/index.php?rest_route=%2Fwp%2Fv2%2Fcategories&post=48420"},{"taxonomy":"post_tag","embeddable":true,"href":"https:\/\/ucnoqta.az\/index.php?rest_route=%2Fwp%2Fv2%2Ftags&post=48420"}],"curies":[{"name":"wp","href":"https:\/\/api.w.org\/{rel}","templated":true}]}}