{"id":48416,"date":"2017-07-17T11:38:40","date_gmt":"2017-07-17T07:38:40","guid":{"rendered":""},"modified":"-0001-11-30T00:00:00","modified_gmt":"-0001-11-29T20:00:00","slug":"","status":"publish","type":"post","link":"https:\/\/ucnoqta.az\/?p=48416","title":{"rendered":"Almaniya v\u0259 Avstriyada Alxanl\u0131 faci\u0259si il\u0259 \u0259laq\u0259dar etiraz aksiyas\u0131 ke\u00e7irilib"},"content":{"rendered":"<p>Erm\u0259nistan Silahl\u0131 Q\u00fcvv\u0259l\u0259rinin Az\u0259rbaycan\u0131n F\u00fczuli rayonunun Alxanl\u0131 k\u0259ndini at\u0259\u015f\u0259 tutmas\u0131 n\u0259tic\u0259sind\u0259 1967-ci il t\u0259v\u0259ll\u00fcdl\u00fc Quliyeva Sahib\u0259 v\u0259 onun n\u0259v\u0259si 2 ya\u015fl\u0131 Quliyeva Z\u0259hran\u0131n h\u0259lak olmas\u0131 il\u0259 \u0259laq\u0259dar Alman-Az\u0259rbaycan M\u0259d\u0259niyy\u0259t C\u0259miyy\u0259ti t\u0259r\u0259find\u0259n iyulun 16-da Bielefeld \u015f\u0259h\u0259rind\u0259 mitinq ke\u00e7irilib.<br \/>\nDiasporla \u0130\u015f \u00fczr\u0259 D\u00f6vl\u0259t Komit\u0259sinin m\u0259tbuat xidm\u0259tind\u0259n APA-ya veril\u0259n m\u0259lumata g\u00f6r\u0259, aksiyada Erm\u0259nistan ordusunun v\u0259h\u015filiyini g\u00f6st\u0259r\u0259n plakat v\u0259 banerl\u0259rd\u0259n istifad\u0259 olunub.<br \/>\n\u0130\u015ftirak\u00e7\u0131lar Erm\u0259nistan\u0131n i\u015f\u011fal\u00e7\u0131l\u0131q siyas\u0259tini pisl\u0259y\u0259n \u201cSarkisyan u\u015faq qatilidir\u201d, \u201cTerrora, t\u0259cav\u00fcz\u0259 dur deyirik\u201d, \u201cM\u0259n Z\u0259hrayam!\u201d, \u201cZ\u0259hraya \u0259dal\u0259t!\u201d kimi \u015f\u00fcarlar s\u0259sl\u0259ndiribl\u0259r. Aksiyada Xocal\u0131 faci\u0259sind\u0259 h\u0259lak olmu\u015f \u015f\u0259hidl\u0259r d\u0259 yad edilib. Aksiyada Alman-Az\u0259rbaycan M\u0259d\u0259niyy\u0259t Evinin r\u0259hb\u0259ri T\u0259ran\u0259 Ta\u011f\u0131yeva, h\u0259kim Ruslan C\u0259f\u0259rli, Avropa Atat\u00fcrk\u00e7\u00fc D\u00fc\u015f\u00fcnc\u0259 D\u0259rn\u0259yinin Bielefeld \u015f\u00f6b\u0259sinin r\u0259hb\u0259ri Mehmet Ali \u00d6lm\u0259z Alman v\u0259 Az\u0259rbaycan dill\u0259rind\u0259 \u00e7\u0131x\u0131\u015flar\u0131nda erm\u0259ni v\u0259h\u015filikl\u0259ri bar\u0259d\u0259 m\u0259lumat veribl\u0259r. Az\u0259rbaycan torpaqlar\u0131n\u0131n i\u015f\u011faldan azad olunmas\u0131n\u0131, beyn\u0259lxalq ictimaiyy\u0259tin Erm\u0259nistan\u0131n t\u0259cav\u00fczkar siyas\u0259tin\u0259 son qoyulmas\u0131 \u00fc\u00e7\u00fcn q\u0259ti t\u0259dbirl\u0259r g\u00f6rm\u0259sini t\u0259l\u0259b edibl\u0259r.<br \/>\nAvstriyada f\u0259aliyy\u0259t g\u00f6st\u0259r\u0259n Avstriya Az\u0259rbaycan M\u0259d\u0259niyy\u0259t v\u0259 \u0130\u015f Adamlar\u0131 D\u0259rn\u0259yinin t\u0259\u015fkilat\u00e7\u0131l\u0131\u011f\u0131 il\u0259 d\u0259 Vyana D\u00f6vl\u0259t Operas\u0131n\u0131n \u00f6n\u00fcnd\u0259 Erm\u0259nistan\u0131n bu t\u0259xribat\u0131na qar\u015f\u0131 etiraz aksiyas\u0131 ke\u00e7irilib. Avstriyada ya\u015fayan Az\u0259rbaycan v\u0259 t\u00fcrk diaspora f\u0259allar\u0131n\u0131n i\u015ftirak\u0131 il\u0259 ke\u00e7iril\u0259n aksiyada \u015f\u0259h\u0259r sakinl\u0259ri v\u0259 turistl\u0259r\u0259 alman v\u0259 ingilis dilind\u0259 Erm\u0259nistan\u0131n Az\u0259rbaycana qar\u015f\u0131 i\u015f\u011fal\u00e7\u0131l\u0131q siyas\u0259ti, bu siyas\u0259tin t\u00f6r\u0259tdiyi f\u0259lak\u0259tl\u0259r v\u0259 regionun t\u0259hl\u00fck\u0259sizliyi \u00fc\u00e7\u00fcn do\u011furdu\u011fu f\u0259sadlar bar\u0259d\u0259 m\u0259lumat veribl\u0259r. Aksiyan\u0131n sonunda Az\u0259rbaycan\u0131n Avstriyadak\u0131 s\u0259firliyini ziyar\u0259t ed\u0259n aksiya i\u015ftirak\u00e7\u0131lar\u0131 s\u0259firlik qar\u015f\u0131s\u0131na g\u00fcl v\u0259 \u0259klill\u0259r qoyublar, Erm\u0259nistan\u0131n Az\u0259rbaycana qar\u015f\u0131 t\u0259cav\u00fcz\u00fcn\u00fcn qurban\u0131 olmu\u015f soyda\u015flar\u0131m\u0131z\u0131n xatir\u0259sini s\u00fckutla yad edibl\u0259r.<br \/>\nQeyd ed\u0259k ki, iyulun 4-d\u0259 saat 20:40 rad\u0259l\u0259rind\u0259 Erm\u0259nistan silahl\u0131 q\u00fcvv\u0259l\u0259ri t\u0259r\u0259find\u0259n F\u00fczuli rayonunun Alxanl\u0131 k\u0259ndi 82 v\u0259 120 millimetrlik minaatanlardan v\u0259 d\u0259zgahl\u0131 qumbaraatanlardan at\u0259\u015f\u0259 tutulub. Erm\u0259nistan t\u0259r\u0259finin bu t\u0259xribat\u0131 n\u0259tic\u0259sind\u0259 k\u0259nd sakinl\u0259ri &#8211; 1967-ci il t\u0259v\u0259ll\u00fcdl\u00fc Quliyeva Sahib\u0259 \u0130dris q\u0131z\u0131 v\u0259 onun n\u0259v\u0259si, 2015-ci il t\u0259v\u0259ll\u00fcdl\u00fc Quliyeva Z\u0259hra Elnur q\u0131z\u0131 h\u0259lak olublar. 1965-ci il t\u0259v\u0259ll\u00fcdl\u00fc Quliyeva S\u0259rvinaz \u0130ltifat q\u0131z\u0131 is\u0259 yaralan\u0131b.<\/p>\n","protected":false},"excerpt":{"rendered":"<p>Erm\u0259nistan Silahl\u0131 Q\u00fcvv\u0259l\u0259rinin Az\u0259rbaycan\u0131n F\u00fczuli rayonunun Alxanl\u0131 k\u0259ndini at\u0259\u015f\u0259 tutmas\u0131 n\u0259tic\u0259sind\u0259 1967-ci il t\u0259v\u0259ll\u00fcdl\u00fc Quliyeva Sahib\u0259 v\u0259 onun n\u0259v\u0259si 2 ya\u015fl\u0131 Quliyeva Z\u0259hran\u0131n h\u0259lak olmas\u0131 il\u0259 \u0259laq\u0259dar Alman-Az\u0259rbaycan M\u0259d\u0259niyy\u0259t C\u0259miyy\u0259ti&hellip;<\/p>\n","protected":false},"author":1,"featured_media":251278,"comment_status":"open","ping_status":"open","sticky":false,"template":"","format":"standard","meta":{"_lmt_disableupdate":"","_lmt_disable":"","footnotes":""},"categories":[],"tags":[],"class_list":["post-48416","post","type-post","status-publish","format-standard","has-post-thumbnail","hentry"],"_links":{"self":[{"href":"https:\/\/ucnoqta.az\/index.php?rest_route=\/wp\/v2\/posts\/48416","targetHints":{"allow":["GET"]}}],"collection":[{"href":"https:\/\/ucnoqta.az\/index.php?rest_route=\/wp\/v2\/posts"}],"about":[{"href":"https:\/\/ucnoqta.az\/index.php?rest_route=\/wp\/v2\/types\/post"}],"author":[{"embeddable":true,"href":"https:\/\/ucnoqta.az\/index.php?rest_route=\/wp\/v2\/users\/1"}],"replies":[{"embeddable":true,"href":"https:\/\/ucnoqta.az\/index.php?rest_route=%2Fwp%2Fv2%2Fcomments&post=48416"}],"version-history":[{"count":0,"href":"https:\/\/ucnoqta.az\/index.php?rest_route=\/wp\/v2\/posts\/48416\/revisions"}],"wp:featuredmedia":[{"embeddable":true,"href":"https:\/\/ucnoqta.az\/index.php?rest_route=\/wp\/v2\/media\/251278"}],"wp:attachment":[{"href":"https:\/\/ucnoqta.az\/index.php?rest_route=%2Fwp%2Fv2%2Fmedia&parent=48416"}],"wp:term":[{"taxonomy":"category","embeddable":true,"href":"https:\/\/ucnoqta.az\/index.php?rest_route=%2Fwp%2Fv2%2Fcategories&post=48416"},{"taxonomy":"post_tag","embeddable":true,"href":"https:\/\/ucnoqta.az\/index.php?rest_route=%2Fwp%2Fv2%2Ftags&post=48416"}],"curies":[{"name":"wp","href":"https:\/\/api.w.org\/{rel}","templated":true}]}}