{"id":48409,"date":"2017-07-17T02:02:16","date_gmt":"2017-07-16T22:02:16","guid":{"rendered":""},"modified":"-0001-11-30T00:00:00","modified_gmt":"-0001-11-29T20:00:00","slug":"","status":"publish","type":"post","link":"https:\/\/ucnoqta.az\/?p=48409","title":{"rendered":"<font color=red>S\u0259bail Rayon \u0130cra Hakimiyy\u0259tind\u0259n a\u00e7\u0131qlama<\/font>"},"content":{"rendered":"<p>&Ouml;t\u0259n g&uuml;n v\u0259kil Aslan \u0130smay\u0131lov &nbsp;sosial \u015f\u0259b\u0259k\u0259d\u0259ki s\u0259hif\u0259sind\u0259 Bak\u0131 \u015f\u0259h\u0259rinin m\u0259rk\u0259zind\u0259 park salmas\u0131 il\u0259 ba\u011fl\u0131 video m&uuml;raci\u0259tl\u0259 &ccedil;\u0131x\u0131\u015f etmi\u015fdir. O, vaxt\u0131 il\u0259 s&uuml;r&uuml;\u015fm\u0259 ba\u015f vermi\u015f Bay\u0131l yamac\u0131nda park sald\u0131\u011f\u0131n\u0131 v\u0259 burada a\u011faclar \u0259kdiyini g&ouml;st\u0259rir. Bu m\u0259lumat S\u0259bail Rayon \u0130cra Hakimiyy\u0259tind\u0259 &ccedil;ox b&ouml;y&uuml;k t\u0259\u0259cc&uuml;b do\u011furmu\u015fdur. Ham\u0131ya yax\u015f\u0131 m\u0259lumdur ki, 2016-c\u0131 ilin sonlar\u0131ndan etibar\u0259n &ouml;lk\u0259 ba\u015f&ccedil;\u0131s\u0131 c\u0259nab \u0130lham \u018fliyevin t\u0259r\u0259find\u0259n &nbsp;\u015e\u0131x yama\u0131ndan Bay\u0131l yamac\u0131 istiqam\u0259tind\u0259 b&ouml;y&uuml;k &nbsp;sah\u0259ni \u0259hat\u0259 ed\u0259n \u0259razid\u0259 ya\u015f\u0131ll\u0131qlar zonas\u0131 v\u0259 me\u015f\u0259 zola\u011f\u0131n\u0131n yarad\u0131lmas\u0131 bar\u0259d\u0259 tap\u015f\u0131r\u0131qlar vermi\u015fdir. Bununla \u0259laq\u0259dar Ekologiya v\u0259 T\u0259bii S\u0259rv\u0259tl\u0259r Nazirliyi, Bak\u0131 \u015f\u0259h\u0259r v\u0259 S\u0259bail Rayon \u0130cra Hakimiyy\u0259tl\u0259ri t\u0259r\u0259find\u0259n ilkin m\u0259rh\u0259l\u0259d\u0259 &laquo;\u015e\u0131x&raquo; yamac\u0131nda b&ouml;y&uuml;k &ldquo;Ekoloji park&rdquo; yarad\u0131l\u0131b, t\u0259kc\u0259 S\u0259bail R\u0130H t\u0259r\u0259find\u0259n burada 80 mind\u0259n &ccedil;ox m&uuml;xt\u0259lif a\u011fac \u0259kilib v\u0259 damc\u0131 &uuml;sulu il\u0259 a\u011faclara qulluq g&ouml;sr\u0259rilir. Laz\u0131mi qulluq n\u0259tic\u0259sind\u0259 a\u011faclar\u0131n ham\u0131s\u0131nda inki\u015faf gedir. Qeyd olunmal\u0131d\u0131r ki, 10 minl\u0259rl\u0259 ha \u0259razini \u0259hat\u0259 ed\u0259n bu ya\u015f\u0131ll\u0131q \u0259razisi c\u0259nab Prezidentin hakimiyy\u0259ti ill\u0259rind\u0259 sal\u0131nm\u0131\u015f \u0259n b&ouml;y&uuml;k ya\u015f\u0131ll\u0131q \u0259razil\u0259rind\u0259n biridir. M&ouml;vs&uuml;m \u0259rzind\u0259 h\u0259min \u0259razil\u0259rd\u0259 \u0259kil\u0259n a\u011faclar\u0131n say\u0131n\u0131n ilb\u0259il art\u0131r\u0131laraq Bay\u0131l yamac\u0131na kimi b&ouml;y&uuml;k bir \u0259razini \u0259hat\u0259 olunmas\u0131 n\u0259z\u0259rd\u0259 tutulmu\u015f v\u0259 haz\u0131rda b&uuml;t&uuml;n \u0259razid\u0259 a\u011faclara qulluq g&ouml;st\u0259rilm\u0259si i\u015fl\u0259r &nbsp;gedir.&nbsp;<\/p>\n<p>Aslan \u0130smay\u0131lovun yay\u0131mlad\u0131\u011f\u0131 video materialadak\u0131 g&ouml;r&uuml;nt&uuml;l\u0259rd\u0259n ayd\u0131n bilinir ki, burada i\u015fl\u0259l\u0259ri Ekologiya v\u0259 T\u0259bii S\u0259rv\u0259tl\u0259r Nazirliyinin \u0259m\u0259kda\u015flar\u0131 apar\u0131r. Y\u0259qin ki, Aslan \u0130smay\u0131lov d&ouml;vl\u0259t qurumlar\u0131 t\u0259r\u0259find\u0259n \u0259razid\u0259 apar\u0131lan geni\u015f miqyasl\u0131 i\u015fl\u0259r\u0259 &ouml;z ad\u0131n\u0131 yazmaqla &nbsp;&ouml;z&uuml;n&uuml; g&uuml;nd\u0259md\u0259 saxlama\u011fa &ccedil;al\u0131\u015f\u0131r v\u0259 c\u0259nab Prezidentin &nbsp;r\u0259hb\u0259rliyi il\u0259 apar\u0131lan geni\u015f miqyasl\u0131 i\u015fl\u0259r\u0259 &ouml;z&uuml;n&uuml; \u0259lav\u0259 etm\u0259k ist\u0259yir. &nbsp;Bu da bizd\u0259 b&ouml;y&uuml;k t\u0259\u0259cc&uuml;b hissi do\u011furur.<\/p>\n<p>&nbsp;<\/p>\n<p>Elmin<\/p>\n","protected":false},"excerpt":{"rendered":"<p>&Ouml;t\u0259n g&uuml;n v\u0259kil Aslan \u0130smay\u0131lov &nbsp;sosial \u015f\u0259b\u0259k\u0259d\u0259ki s\u0259hif\u0259sind\u0259 Bak\u0131 \u015f\u0259h\u0259rinin m\u0259rk\u0259zind\u0259 park salmas\u0131 il\u0259 ba\u011fl\u0131 video m&uuml;raci\u0259tl\u0259 &ccedil;\u0131x\u0131\u015f etmi\u015fdir. O, vaxt\u0131 il\u0259 s&uuml;r&uuml;\u015fm\u0259 ba\u015f vermi\u015f Bay\u0131l yamac\u0131nda park sald\u0131\u011f\u0131n\u0131 v\u0259&hellip;<\/p>\n","protected":false},"author":1,"featured_media":251278,"comment_status":"open","ping_status":"open","sticky":false,"template":"","format":"standard","meta":{"_lmt_disableupdate":"","_lmt_disable":"","footnotes":""},"categories":[91],"tags":[],"class_list":["post-48409","post","type-post","status-publish","format-standard","has-post-thumbnail","hentry","category-olkeici"],"_links":{"self":[{"href":"https:\/\/ucnoqta.az\/index.php?rest_route=\/wp\/v2\/posts\/48409","targetHints":{"allow":["GET"]}}],"collection":[{"href":"https:\/\/ucnoqta.az\/index.php?rest_route=\/wp\/v2\/posts"}],"about":[{"href":"https:\/\/ucnoqta.az\/index.php?rest_route=\/wp\/v2\/types\/post"}],"author":[{"embeddable":true,"href":"https:\/\/ucnoqta.az\/index.php?rest_route=\/wp\/v2\/users\/1"}],"replies":[{"embeddable":true,"href":"https:\/\/ucnoqta.az\/index.php?rest_route=%2Fwp%2Fv2%2Fcomments&post=48409"}],"version-history":[{"count":0,"href":"https:\/\/ucnoqta.az\/index.php?rest_route=\/wp\/v2\/posts\/48409\/revisions"}],"wp:featuredmedia":[{"embeddable":true,"href":"https:\/\/ucnoqta.az\/index.php?rest_route=\/wp\/v2\/media\/251278"}],"wp:attachment":[{"href":"https:\/\/ucnoqta.az\/index.php?rest_route=%2Fwp%2Fv2%2Fmedia&parent=48409"}],"wp:term":[{"taxonomy":"category","embeddable":true,"href":"https:\/\/ucnoqta.az\/index.php?rest_route=%2Fwp%2Fv2%2Fcategories&post=48409"},{"taxonomy":"post_tag","embeddable":true,"href":"https:\/\/ucnoqta.az\/index.php?rest_route=%2Fwp%2Fv2%2Ftags&post=48409"}],"curies":[{"name":"wp","href":"https:\/\/api.w.org\/{rel}","templated":true}]}}