{"id":48406,"date":"2017-07-16T13:03:42","date_gmt":"2017-07-16T09:03:42","guid":{"rendered":""},"modified":"-0001-11-30T00:00:00","modified_gmt":"-0001-11-29T20:00:00","slug":"","status":"publish","type":"post","link":"https:\/\/ucnoqta.az\/?p=48406","title":{"rendered":"T\u00fcrkiy\u0259d\u0259 15 iyul \u015f\u0259hidl\u0259rinin xatir\u0259sin\u0259 abid\u0259 ucald\u0131l\u0131b"},"content":{"rendered":"<p>T\u00fcrkiy\u0259d\u0259 2016-c\u0131 ilin 15 iyulunda d\u00f6vl\u0259t \u00e7evrili\u015fin\u0259 c\u0259hd zaman\u0131 h\u0259lak olanlar\u0131n xatir\u0259si \u0259b\u0259dil\u0259\u015fdirilib.<br \/>\nUcnoqta.az APA-ya istinad\u0259n x\u0259b\u0259r verir ki, 15 iyulda h\u0259lak olanlar\u0131n xatir\u0259sin\u0259 paytaxt Ankarada abid\u0259 ucald\u0131l\u0131b.<br \/>\nBu g\u00fcn s\u0259h\u0259r abid\u0259nin a\u00e7\u0131l\u0131\u015f\u0131 olub. A\u00e7\u0131l\u0131\u015f m\u0259rasimind\u0259 prezident R\u0259c\u0259b Tayyib \u018frdo\u011fan, d\u00f6vl\u0259t v\u0259 h\u00f6kum\u0259t r\u0259smil\u0259ri, deputatlar, s\u0131ravi v\u0259t\u0259nda\u015flar i\u015ftirak edibl\u0259r.<br \/>\nM\u0259rasimd\u0259 \u00e7\u0131x\u0131\u015f ed\u0259n \u018frdo\u011fan bildirib ki, bu abid\u0259 g\u0259l\u0259c\u0259k n\u0259sill\u0259r\u0259 t\u00fcrk xalq\u0131n\u0131n q\u0259hr\u0259manlar\u0131ndan b\u0259hs ed\u0259c\u0259k.<br \/>\n\u201cOnlar\u0131n \u0259lind\u0259 inamdan ba\u015fqa he\u00e7 n\u0259 olmay\u0131b. Ancaq onlar t\u0259yyar\u0259 v\u0259 tanklar\u0131 dayand\u0131rma\u011f\u0131 bacard\u0131lar. Biz \u015f\u0259hidl\u0259rimizi torpa\u011fa tap\u015f\u0131rsaq da, q\u0259lbimizd\u0259 daim ya\u015fayacaqlar. \u00c7evrili\u015fin t\u0259\u015fkilat\u00e7\u0131lar\u0131 is\u0259 t\u0259krar-t\u0259krar \u00f6l\u0259-\u00f6l\u0259, h\u0259bsxana divarlar\u0131 aras\u0131nda \u00e7\u00fcr\u00fcy\u0259c\u0259kl\u0259r\u201d, &#8211; dey\u0259 T\u00fcrkiy\u0259 prezidenti qeyd edib.<br \/>\nQeyd ed\u0259k ki, abid\u0259 Ankarada Prezident Saray\u0131n\u0131n yax\u0131nl\u0131\u011f\u0131nda ucald\u0131l\u0131b. Abid\u0259nin qoyuldu\u011fu yerd\u0259 2016-c\u0131 ilin 15 iyulunda qiyam\u00e7\u0131lar\u0131n aviaz\u0259rb\u0259l\u0259ri n\u0259tic\u0259sind\u0259 30 n\u0259f\u0259r h\u0259lak olub. \u00a0<br \/>\nD\u00f6vl\u0259t \u00e7evrili\u015fin\u0259 c\u0259hdin ild\u00f6n\u00fcm\u00fc il\u0259 ba\u011fl\u0131 bir ne\u00e7\u0259 g\u00fcnd\u00fcr ki, T\u00fcrkiy\u0259nin b\u00fct\u00fcn \u0259razisind\u0259 k\u00fctl\u0259vi aksiyalar ke\u00e7irilir.<\/p>\n","protected":false},"excerpt":{"rendered":"<p>T\u00fcrkiy\u0259d\u0259 2016-c\u0131 ilin 15 iyulunda d\u00f6vl\u0259t \u00e7evrili\u015fin\u0259 c\u0259hd zaman\u0131 h\u0259lak olanlar\u0131n xatir\u0259si \u0259b\u0259dil\u0259\u015fdirilib. Ucnoqta.az APA-ya istinad\u0259n x\u0259b\u0259r verir ki, 15 iyulda h\u0259lak olanlar\u0131n xatir\u0259sin\u0259 paytaxt Ankarada abid\u0259 ucald\u0131l\u0131b. Bu g\u00fcn&hellip;<\/p>\n","protected":false},"author":1,"featured_media":251278,"comment_status":"open","ping_status":"open","sticky":false,"template":"","format":"standard","meta":{"_lmt_disableupdate":"","_lmt_disable":"","footnotes":""},"categories":[89],"tags":[],"class_list":["post-48406","post","type-post","status-publish","format-standard","has-post-thumbnail","hentry","category-dunya-butun-xeberler"],"_links":{"self":[{"href":"https:\/\/ucnoqta.az\/index.php?rest_route=\/wp\/v2\/posts\/48406","targetHints":{"allow":["GET"]}}],"collection":[{"href":"https:\/\/ucnoqta.az\/index.php?rest_route=\/wp\/v2\/posts"}],"about":[{"href":"https:\/\/ucnoqta.az\/index.php?rest_route=\/wp\/v2\/types\/post"}],"author":[{"embeddable":true,"href":"https:\/\/ucnoqta.az\/index.php?rest_route=\/wp\/v2\/users\/1"}],"replies":[{"embeddable":true,"href":"https:\/\/ucnoqta.az\/index.php?rest_route=%2Fwp%2Fv2%2Fcomments&post=48406"}],"version-history":[{"count":0,"href":"https:\/\/ucnoqta.az\/index.php?rest_route=\/wp\/v2\/posts\/48406\/revisions"}],"wp:featuredmedia":[{"embeddable":true,"href":"https:\/\/ucnoqta.az\/index.php?rest_route=\/wp\/v2\/media\/251278"}],"wp:attachment":[{"href":"https:\/\/ucnoqta.az\/index.php?rest_route=%2Fwp%2Fv2%2Fmedia&parent=48406"}],"wp:term":[{"taxonomy":"category","embeddable":true,"href":"https:\/\/ucnoqta.az\/index.php?rest_route=%2Fwp%2Fv2%2Fcategories&post=48406"},{"taxonomy":"post_tag","embeddable":true,"href":"https:\/\/ucnoqta.az\/index.php?rest_route=%2Fwp%2Fv2%2Ftags&post=48406"}],"curies":[{"name":"wp","href":"https:\/\/api.w.org\/{rel}","templated":true}]}}