{"id":48400,"date":"2017-07-16T09:57:46","date_gmt":"2017-07-16T05:57:46","guid":{"rendered":""},"modified":"-0001-11-30T00:00:00","modified_gmt":"-0001-11-29T20:00:00","slug":"","status":"publish","type":"post","link":"https:\/\/ucnoqta.az\/?p=48400","title":{"rendered":"F\u0130FA-ya m\u0259ktub: D\u00c7-2022 Q\u0259t\u0259rd\u0259 ke\u00e7irilm\u0259sin"},"content":{"rendered":"<p>Be\u015f \u0259r\u0259b \u00f6lk\u0259si F\u0130FA-ya m\u0259ktub \u00fcnvanlay\u0131b. Ucnoqta.az APA-ya istinad\u0259n x\u0259b\u0259r verir ki, bu bar\u0259d\u0259 ali futbol qurumunun prezidenti Cianni \u0130nfantino m\u0259lumat verib.<br \/>\nO, bildirib ki, Birl\u0259\u015fmi\u015f \u018fr\u0259b \u018fmirlikl\u0259ri, S\u0259udiyy\u0259 \u018fr\u0259bistan\u0131, Misir, B\u0259hreyn, Mavritaniya v\u0259 Liviyan\u0131n ortaq haz\u0131rlad\u0131\u011f\u0131 m\u0259ktubda D\u00c7-2022-nin Q\u0259t\u0259rd\u0259n al\u0131nmas\u0131n\u0131n vacibliyi vur\u011fulan\u0131b.<br \/>\nM\u00fctt\u0259fiql\u0259r F\u0130FA-ya Q\u0259t\u0259rd\u0259 ke\u00e7irilm\u0259si planla\u015fd\u0131r\u0131larn mundial\u0131n terror t\u0259hl\u00fck\u0259si s\u0259b\u0259bind\u0259n riskli ola bil\u0259c\u0259yini bildiribl\u0259r. Bu s\u0259b\u0259bd\u0259n azarke\u015fl\u0259rin t\u0259hl\u00fck\u0259sizliyini n\u0259z\u0259r\u0259 alaraq futbol bayram\u0131n\u0131n bu \u00f6lk\u0259d\u0259 olmamas\u0131n\u0131n do\u011fru olaca\u011f\u0131n\u0131 qeyd edibl\u0259r.<br \/>\nXat\u0131rladaq ki, 6 \u0259r\u0259b \u00f6lk\u0259si \u2013 B\u018f\u018f, S\u0259udiyy\u0259 \u018fr\u0259bistan\u0131, Misir, B\u0259hreyn, Y\u0259m\u0259n v\u0259 Liviya Q\u0259t\u0259ri terrora d\u0259st\u0259k verm\u0259kd\u0259 ittiham ed\u0259r\u0259k, onunla b\u00fct\u00fcn diplomatik \u0259laq\u0259l\u0259ri k\u0259sibl\u0259r.<br \/>\nQeyd ed\u0259k ki, D\u00fcnya \u00c7empionat\u0131n\u0131n 2022-ci ild\u0259 21 noyabr \u2013 18 dekabr tarixl\u0259ri aras\u0131nda ke\u00e7irilm\u0259si planla\u015fd\u0131r\u0131l\u0131b.<\/p>\n","protected":false},"excerpt":{"rendered":"<p>Be\u015f \u0259r\u0259b \u00f6lk\u0259si F\u0130FA-ya m\u0259ktub \u00fcnvanlay\u0131b. Ucnoqta.az APA-ya istinad\u0259n x\u0259b\u0259r verir ki, bu bar\u0259d\u0259 ali futbol qurumunun prezidenti Cianni \u0130nfantino m\u0259lumat verib. O, bildirib ki, Birl\u0259\u015fmi\u015f \u018fr\u0259b \u018fmirlikl\u0259ri, S\u0259udiyy\u0259 \u018fr\u0259bistan\u0131,&hellip;<\/p>\n","protected":false},"author":1,"featured_media":251278,"comment_status":"open","ping_status":"open","sticky":false,"template":"","format":"standard","meta":{"_lmt_disableupdate":"","_lmt_disable":"","footnotes":""},"categories":[90],"tags":[],"class_list":["post-48400","post","type-post","status-publish","format-standard","has-post-thumbnail","hentry","category-idman-butun-xeberler"],"_links":{"self":[{"href":"https:\/\/ucnoqta.az\/index.php?rest_route=\/wp\/v2\/posts\/48400","targetHints":{"allow":["GET"]}}],"collection":[{"href":"https:\/\/ucnoqta.az\/index.php?rest_route=\/wp\/v2\/posts"}],"about":[{"href":"https:\/\/ucnoqta.az\/index.php?rest_route=\/wp\/v2\/types\/post"}],"author":[{"embeddable":true,"href":"https:\/\/ucnoqta.az\/index.php?rest_route=\/wp\/v2\/users\/1"}],"replies":[{"embeddable":true,"href":"https:\/\/ucnoqta.az\/index.php?rest_route=%2Fwp%2Fv2%2Fcomments&post=48400"}],"version-history":[{"count":0,"href":"https:\/\/ucnoqta.az\/index.php?rest_route=\/wp\/v2\/posts\/48400\/revisions"}],"wp:featuredmedia":[{"embeddable":true,"href":"https:\/\/ucnoqta.az\/index.php?rest_route=\/wp\/v2\/media\/251278"}],"wp:attachment":[{"href":"https:\/\/ucnoqta.az\/index.php?rest_route=%2Fwp%2Fv2%2Fmedia&parent=48400"}],"wp:term":[{"taxonomy":"category","embeddable":true,"href":"https:\/\/ucnoqta.az\/index.php?rest_route=%2Fwp%2Fv2%2Fcategories&post=48400"},{"taxonomy":"post_tag","embeddable":true,"href":"https:\/\/ucnoqta.az\/index.php?rest_route=%2Fwp%2Fv2%2Ftags&post=48400"}],"curies":[{"name":"wp","href":"https:\/\/api.w.org\/{rel}","templated":true}]}}