{"id":48398,"date":"2017-07-15T23:23:51","date_gmt":"2017-07-15T19:23:51","guid":{"rendered":""},"modified":"-0001-11-30T00:00:00","modified_gmt":"-0001-11-29T20:00:00","slug":"","status":"publish","type":"post","link":"https:\/\/ucnoqta.az\/?p=48398","title":{"rendered":"<font color=red><b>&#8220;M\u0259nzill\u0259rin b\u00f6lg\u00fcs\u00fcn\u0259 prinsip etibari il\u0259 tam \u0259dal\u0259tli v\u0259 vicdanl\u0131 yana\u015f\u0131l\u0131b&#8221;<\/b><\/font>"},"content":{"rendered":"<p><strong>\u018fflatun Ama\u015fov: Bu yana\u015fma c\u0259nab Prezidentin irad\u0259sind\u0259n ir\u0259li g\u0259l\u0259n m&uuml;st\u0259sna t\u0259l\u0259bdir<\/strong><\/p>\n<p>&nbsp;<\/p>\n<p>Az\u0259rbaycan M\u0259tbuat \u015euras\u0131n\u0131n s\u0259dri, Milli M\u0259clisin deputat\u0131 \u018fflatun Ama&ccedil;ov m\u0259nzil b&ouml;lg&uuml;s&uuml; il\u0259 ba\u011fl\u0131 &ouml;z fikirl\u0259rini yaz\u0131b: &quot;Diqq\u0259t yetirir\u0259m, son g&uuml;nl\u0259r jurnalistl\u0259rin m\u0259nzil b&ouml;lg&uuml;s&uuml; \u0259traf\u0131nda s&ouml;z-s&ouml;hb\u0259tl\u0259r, m&uuml;lahiz\u0259 v\u0259 fikirl\u0259r dola\u015fmaqdad\u0131r. \u018flb\u0259tt\u0259, d&uuml;\u015f&uuml;nc\u0259l\u0259rd\u0259ki m&uuml;xt\u0259liflik m&uuml;\u0259yy\u0259n m\u0259nada t\u0259biidir. Ax\u0131 s&ouml;hb\u0259t jurnalistika il\u0259 ba\u011fl\u0131 prosesd\u0259n gedir. Ancaq arzu ed\u0259rdim ki, deyil\u0259nl\u0259r he&ccedil; bir halda &uuml;mumi i\u015f\u0259 k&ouml;lg\u0259 salmas\u0131n. &Ccedil;&uuml;nki jurnalistl\u0259rin m\u0259nzil t\u0259minat\u0131 m\u0259s\u0259l\u0259si asan ba\u015fa g\u0259lm\u0259yib. Raz\u0131la\u015faq ki, s\u0131ravi media t\u0259msil&ccedil;isinin &ouml;z&uuml;n\u0259 m\u0259nzil almas\u0131 &ccedil;ox &ccedil;\u0259tindir. &Uuml;mum\u0259n ya\u015fad\u0131\u011f\u0131m\u0131z d&ouml;vrd\u0259 m\u0259nzil m\u0259s\u0259l\u0259si h\u0259r bir v\u0259t\u0259nda\u015f &uuml;&ccedil;&uuml;n aktuald\u0131r. \u0130nsanlar d&ouml;vl\u0259t ipoteka kreditl\u0259\u015fm\u0259si v\u0259 dig\u0259r &uuml;sullarla uzunm&uuml;dd\u0259tli &ouml;d\u0259ni\u015fl\u0259r hesab\u0131na m\u0259nzil sahibin\u0259 &ccedil;evrilirl\u0259r. Bu &ccedil;\u0259tinliy\u0259 v\u0259 jurnalistikan\u0131n spesifik sah\u0259 oldu\u011funa g&ouml;r\u0259dir ki, h\u0259mkarlar\u0131m\u0131z\u0131n m\u0259nzill\u0259rl\u0259 t\u0259minat\u0131 m\u0259s\u0259l\u0259si g&uuml;nd\u0259m\u0259 g\u0259lib. Yax\u015f\u0131 yad\u0131mdad\u0131r, M\u0259tbuat \u015euras\u0131n\u0131n f\u0259aliyy\u0259tinin ilk ill\u0259rind\u0259 ayr\u0131-ayr\u0131 media birlikl\u0259ri m&ouml;vcud istiqam\u0259td\u0259 t\u0259klifl\u0259r ir\u0259li s&uuml;rm&uuml;\u015fd&uuml;l\u0259r. Bu t\u0259klifl\u0259rd\u0259 jurnalistl\u0259rin t\u0259mirli m\u0259nzill\u0259, &ouml;z&uuml; d\u0259 he&ccedil; bir &ouml;d\u0259ni\u015f etm\u0259d\u0259n t\u0259minat\u0131 n\u0259inki n\u0259z\u0259rd\u0259 tutulmurdu, he&ccedil; a\u011f\u0131la bel\u0259 g\u0259tirilmirdi. Yaln\u0131z m&uuml;\u0259yy\u0259n g&uuml;z\u0259\u015ftl\u0259rin edilm\u0259si &uuml;z\u0259rind\u0259 dayan\u0131l\u0131rd\u0131. 2010-cu ilin iyulun 22-d\u0259 Az\u0259rbaycan Respublikas\u0131n\u0131n Prezidenti c\u0259nab \u0130lham \u018fliyev M\u0259tbuat \u015euras\u0131n\u0131n yeni binas\u0131n\u0131n a&ccedil;\u0131l\u0131\u015f\u0131nda i\u015ftirak etdi, \u015euran\u0131n \u0130dar\u0259 Hey\u0259tinin &uuml;zvl\u0259ri il\u0259 g&ouml;r&uuml;\u015f ke&ccedil;irdi. Jurnalistika il\u0259 \u0259laq\u0259dar bax\u0131\u015flar\u0131n\u0131 b&ouml;l&uuml;\u015f\u0259n &ouml;lk\u0259 ba\u015f&ccedil;\u0131s\u0131 bir s\u0131ra problem v\u0259 &ccedil;\u0259tinlikl\u0259r\u0259 &ouml;z&uuml; diqq\u0259t &ccedil;\u0259kdi, v\u0259ziyy\u0259tl\u0259 geni\u015f \u015f\u0259kild\u0259 maraqland\u0131. G&ouml;r&uuml;\u015fd\u0259 jurnalistl\u0259rin xeyli hiss\u0259sinin kiray\u0259d\u0259 ya\u015fad\u0131\u011f\u0131, b\u0259zil\u0259rinin m\u0259nzil-m\u0259i\u015f\u0259t \u015f\u0259raitinin yax\u015f\u0131la\u015fd\u0131r\u0131lmas\u0131na ehtiyac\u0131n duyuldu\u011fu m&uuml;zakir\u0259 edildi. C\u0259nab \u0130lham \u018fliyev m\u0259s\u0259l\u0259y\u0259 olduqca h\u0259ssas yana\u015fd\u0131, &ccedil;\u0131x\u0131\u015f\u0131nda konkret g&ouml;r&uuml;l\u0259c\u0259k i\u015fl\u0259ri sadalad\u0131. C\u0259nab \u0130lham \u018fliyev h\u0259min g&uuml;n &ldquo;Az\u0259rbaycan m\u0259tbuat i\u015f&ccedil;il\u0259rinin sosial m&uuml;dafi\u0259sinin g&uuml;cl\u0259ndirilm\u0259si haqq\u0131nda&rdquo; S\u0259r\u0259ncam imzalamaqla media ictimaiyy\u0259tinin &ccedil;oxdank\u0131 arzusunu yerin\u0259 yetirdi. M\u0259lum oldu\u011fu kimi, s&ouml;z&uuml;ged\u0259n S\u0259r\u0259ncam jurnalistl\u0259r &uuml;&ccedil;&uuml;n ya\u015fay\u0131\u015f binas\u0131n\u0131n in\u015fas\u0131n\u0131 n\u0259z\u0259rd\u0259 tutdu. Bu o dem\u0259k idi ki, vaxtil\u0259 hans\u0131sa g&uuml;z\u0259\u015ftli \u015f\u0259rtl\u0259rl\u0259 m\u0259nzil sahibi olma\u011fa raz\u0131la\u015fan media t\u0259msil&ccedil;il\u0259ri he&ccedil; bir &ouml;d\u0259ni\u015fsiz, tam t\u0259mirli m\u0259nzill\u0259rl\u0259 t\u0259min edil\u0259c\u0259kl\u0259r. T\u0259min edildil\u0259r d\u0259. 2013-c&uuml; ilin iyulun 22-d\u0259 media ictimaiyy\u0259ti &uuml;&ccedil;&uuml;n b&ouml;y&uuml;k sevinc ya\u015fand\u0131. D&ouml;vl\u0259t ba\u015f&ccedil;\u0131s\u0131 &ldquo;Jurnalistl\u0259r evi&rdquo;nin a&ccedil;\u0131l\u0131\u015f\u0131nda i\u015ftirak etm\u0259kl\u0259 156 h\u0259mkar\u0131m\u0131z\u0131n xo\u015f g&uuml;n&uuml;n\u0259 \u015f\u0259rik oldu, &ouml;z xeyir-duas\u0131n\u0131 verdi, eyni zamanda, jurnalistl\u0259r &uuml;&ccedil;&uuml;n yeni ya\u015fay\u0131\u015f binas\u0131n\u0131n t\u0259m\u0259lini qoyaraq mediaya diqq\u0259t v\u0259 qay\u011f\u0131n\u0131n davaml\u0131 d&ouml;vl\u0259t siyas\u0259tin\u0259 &ccedil;evrildiyini n&ouml;vb\u0259ti d\u0259f\u0259 isbatlad\u0131. Prezidentin &ldquo;Az\u0259rbaycan m\u0259tbuat i\u015f&ccedil;il\u0259rinin sosial m&uuml;dafi\u0259sinin g&uuml;cl\u0259ndirilm\u0259si haqq\u0131nda&rdquo; 22 iyul 2013-c&uuml; il tarixli S\u0259r\u0259ncam\u0131 \u0259sas\u0131nda in\u015fa edilmi\u015f n&ouml;vb\u0259ti bina art\u0131q haz\u0131rd\u0131r. M\u0259nzill\u0259rin b&ouml;lg&uuml;s&uuml;n&uuml; h\u0259yata ke&ccedil;irm\u0259k m\u0259qs\u0259di il\u0259 namiz\u0259dl\u0259rd\u0259n s\u0259n\u0259dl\u0259ri q\u0259bul etm\u0259k &uuml;&ccedil;&uuml;n yarad\u0131lm\u0131\u015f komissiya i\u015fini ba\u015fa vurub. Komissiya da\u015f\u0131d\u0131\u011f\u0131 missiyaya tam m\u0259suliyy\u0259tl\u0259 yana\u015f\u0131b. H\u0259r bir namiz\u0259d bar\u0259d\u0259 \u0259n x\u0131rda detallar bel\u0259 n\u0259z\u0259rd\u0259n ke&ccedil;irilib. Art\u0131q m\u0259nzil sahibi olacaq 254 n\u0259f\u0259rin siyah\u0131s\u0131 m\u0259lumdur. Onlar\u0131n adlar\u0131 tezlikl\u0259 a&ccedil;\u0131qlanacaq. B&uuml;t&uuml;n bunlar\u0131 vur\u011fulamaqda m\u0259qs\u0259dim odur ki, jurnalistl\u0259rin sosial-m\u0259i\u015f\u0259t \u015f\u0259raitinin yax\u015f\u0131la\u015fd\u0131r\u0131lmas\u0131n\u0131n Az\u0259rbaycan d&ouml;vl\u0259ti, \u015f\u0259xs\u0259n c\u0259nab Prezident \u0130lham \u018fliyev &uuml;&ccedil;&uuml;n m&uuml;h&uuml;m \u0259h\u0259miyy\u0259t da\u015f\u0131d\u0131\u011f\u0131n\u0131 bir daha diqq\u0259tiniz\u0259 &ccedil;atd\u0131r\u0131m. Yen\u0259 d\u0259 deyir\u0259m, m\u0259nzill\u0259rin b&ouml;lg&uuml;s&uuml; il\u0259 ba\u011fl\u0131 m&uuml;xt\u0259lif fikirl\u0259r v\u0259 m&uuml;lahiz\u0259l\u0259r s\u0259sl\u0259nm\u0259kd\u0259dir. Onlar\u0131n t\u0259f\u0259rr&uuml;at\u0131na varmaq ist\u0259m\u0259zdim. Onu da q\u0259bul edir\u0259m ki, h\u0259r k\u0259sin haqq-\u0259dal\u0259t anlay\u0131\u015f\u0131na bax\u0131\u015f\u0131 f\u0259rqlidir. Kims\u0259 kimis\u0259 jurnalistika bax\u0131m\u0131ndan &ouml;z&uuml;nd\u0259n daha z\u0259if g&ouml;r\u0259, &ouml;z&uuml;n&uuml; daha layiqli saya bil\u0259r. Ancaq hesab edir\u0259m ki, h\u0259r bir m\u0259s\u0259l\u0259y\u0259 m&uuml;nasib\u0259td\u0259 ortaq n&ouml;qt\u0259l\u0259ri m&uuml;\u015fahid\u0259 etm\u0259k m&uuml;mk&uuml;nd&uuml;r. \u018fg\u0259r niyy\u0259t v\u0259 m\u0259ram safl\u0131\u011f\u0131ndan ir\u0259li g\u0259l\u0259n ortaq n&ouml;qt\u0259l\u0259r &ccedil;oxdursa, dem\u0259k ki, vicdanl\u0131 yana\u015fma var. Sizi \u0259min edir\u0259m ki, jurnalistl\u0259r &uuml;&ccedil;&uuml;n m\u0259nzill\u0259rin b&ouml;lg&uuml;s&uuml;n\u0259 prinsip etibari il\u0259 tam \u0259dal\u0259tli v\u0259 vicdanl\u0131 yana\u015f\u0131l\u0131b. Bu yana\u015fma c\u0259nab Prezidentin irad\u0259sind\u0259n ir\u0259li g\u0259l\u0259n m&uuml;st\u0259sna t\u0259l\u0259bdir. Bu yana\u015fma &ouml;lk\u0259 r\u0259hb\u0259rinin ba\u015f&ccedil;\u0131l\u0131\u011f\u0131 il\u0259 Az\u0259rbaycan d&ouml;vl\u0259tinin media siyas\u0259tinin m&uuml;h&uuml;m g&ouml;st\u0259ricisidir. N\u0259z\u0259r\u0259 alaq ki, d&uuml;nyan\u0131n he&ccedil; bir yerind\u0259 jurnalistl\u0259rin d&ouml;vl\u0259t hesab\u0131na m\u0259nzill\u0259 t\u0259min edilm\u0259sin\u0259 dair &ouml;lk\u0259mizd\u0259ki kimi t\u0259cr&uuml;b\u0259 yoxdur. Bu t\u0259cr&uuml;b\u0259nin q&uuml;sursuzlu\u011fu, faydal\u0131l\u0131\u011f\u0131 v\u0259 n&uuml;mun\u0259viliyi m&uuml;tl\u0259qdir. \u0130yulun 21-d\u0259 m\u0259nzil sahibin\u0259 &ccedil;evril\u0259c\u0259k jurnalistl\u0259r ba\u015fqalar\u0131 deyill\u0259r. Onlar bizl\u0259rd\u0259ndir. &Ouml;z&uuml;n&uuml;z d\u0259 bunun \u015fahidi olacaqs\u0131n\u0131z. Tam q\u0259tiyy\u0259tl\u0259 bildirir\u0259m ki, jurnalistl\u0259rin m\u0259nzil siyah\u0131s\u0131 Az\u0259rbaycan jurnalistikas\u0131n\u0131n palitras\u0131n\u0131 \u0259ks etdir\u0259c\u0259k. Orada q\u0259l\u0259min\u0259 s\u0259daq\u0259ti il\u0259 se&ccedil;il\u0259nl\u0259ri, pe\u015f\u0259sinin t\u0259\u0259ss&uuml;b&uuml;n&uuml; &ccedil;\u0259k\u0259nl\u0259ri, jurnalistika sah\u0259sind\u0259 xidm\u0259tl\u0259ri olanlar\u0131, ill\u0259rdir z\u0259hm\u0259t\u0259 qatla\u015fanlar\u0131 g&ouml;r\u0259c\u0259yik. Xan\u0131mlar v\u0259 c\u0259nablar, d\u0259y\u0259rli h\u0259mkarlar, biz\u0259 dostlar\u0131m\u0131z\u0131n xo\u015f g&uuml;n&uuml;n\u0259 sevinm\u0259k, sevincl\u0259rini b&ouml;l&uuml;\u015fm\u0259k d&uuml;\u015f\u0259r. S\u0259birl\u0259 o g&uuml;n&uuml; g&ouml;zl\u0259y\u0259k. S\u0259birli v\u0259 t\u0259mkinli m&ouml;vqeyimiz &ouml;z&uuml;m&uuml;z\u0259 verdiyimiz d\u0259y\u0259rdir. Bu d\u0259y\u0259r\u0259 g&ouml;r\u0259 biz\u0259, da\u015f\u0131d\u0131\u011f\u0131m\u0131z pe\u015f\u0259y\u0259 m&uuml;nasib\u0259t formala\u015f\u0131r. L&uuml;tf\u0259n, bunu da unutmayaq!<\/p>\n","protected":false},"excerpt":{"rendered":"<p>\u018fflatun Ama\u015fov: Bu yana\u015fma c\u0259nab Prezidentin irad\u0259sind\u0259n ir\u0259li g\u0259l\u0259n m&uuml;st\u0259sna t\u0259l\u0259bdir &nbsp; Az\u0259rbaycan M\u0259tbuat \u015euras\u0131n\u0131n s\u0259dri, Milli M\u0259clisin deputat\u0131 \u018fflatun Ama&ccedil;ov m\u0259nzil b&ouml;lg&uuml;s&uuml; il\u0259 ba\u011fl\u0131 &ouml;z fikirl\u0259rini yaz\u0131b: &quot;Diqq\u0259t yetirir\u0259m,&hellip;<\/p>\n","protected":false},"author":1,"featured_media":251278,"comment_status":"open","ping_status":"open","sticky":false,"template":"","format":"standard","meta":{"_lmt_disableupdate":"","_lmt_disable":"","footnotes":""},"categories":[96],"tags":[],"class_list":["post-48398","post","type-post","status-publish","format-standard","has-post-thumbnail","hentry","category-media-butun-xeberler"],"_links":{"self":[{"href":"https:\/\/ucnoqta.az\/index.php?rest_route=\/wp\/v2\/posts\/48398","targetHints":{"allow":["GET"]}}],"collection":[{"href":"https:\/\/ucnoqta.az\/index.php?rest_route=\/wp\/v2\/posts"}],"about":[{"href":"https:\/\/ucnoqta.az\/index.php?rest_route=\/wp\/v2\/types\/post"}],"author":[{"embeddable":true,"href":"https:\/\/ucnoqta.az\/index.php?rest_route=\/wp\/v2\/users\/1"}],"replies":[{"embeddable":true,"href":"https:\/\/ucnoqta.az\/index.php?rest_route=%2Fwp%2Fv2%2Fcomments&post=48398"}],"version-history":[{"count":0,"href":"https:\/\/ucnoqta.az\/index.php?rest_route=\/wp\/v2\/posts\/48398\/revisions"}],"wp:featuredmedia":[{"embeddable":true,"href":"https:\/\/ucnoqta.az\/index.php?rest_route=\/wp\/v2\/media\/251278"}],"wp:attachment":[{"href":"https:\/\/ucnoqta.az\/index.php?rest_route=%2Fwp%2Fv2%2Fmedia&parent=48398"}],"wp:term":[{"taxonomy":"category","embeddable":true,"href":"https:\/\/ucnoqta.az\/index.php?rest_route=%2Fwp%2Fv2%2Fcategories&post=48398"},{"taxonomy":"post_tag","embeddable":true,"href":"https:\/\/ucnoqta.az\/index.php?rest_route=%2Fwp%2Fv2%2Ftags&post=48398"}],"curies":[{"name":"wp","href":"https:\/\/api.w.org\/{rel}","templated":true}]}}