{"id":48397,"date":"2017-07-15T14:36:10","date_gmt":"2017-07-15T10:36:10","guid":{"rendered":""},"modified":"-0001-11-30T00:00:00","modified_gmt":"-0001-11-29T20:00:00","slug":"","status":"publish","type":"post","link":"https:\/\/ucnoqta.az\/?p=48397","title":{"rendered":"Prezident \u0130lham \u018fliyev:  <font color=red><b>&#8220;B\u00fct\u00fcn d\u00f6vl\u0259t m\u0259murlar\u0131na, \u00f6z\u0259l qurumlara d\u0259f\u0259l\u0259rl\u0259 x\u0259b\u0259rdarl\u0131q etmi\u015f\u0259m&#8221;<\/b><\/font>"},"content":{"rendered":"<p>B&uuml;t&uuml;n d&ouml;vl\u0259t m\u0259murlar\u0131na, &ouml;z\u0259l qurumlara d\u0259f\u0259l\u0259rl\u0259 x\u0259b\u0259rdarl\u0131q etmi\u015f\u0259m ki, a\u011faclar k\u0259silm\u0259m\u0259lidir. Bunu Az\u0259rbaycan Prezidenti \u0130lham \u018fliyev paytaxt\u0131n Yasamal rayonunun M\u0259tbuat prospektind\u0259 yeni sal\u0131nan parkda yarad\u0131lan \u015f\u0259raitl\u0259 tan\u0131\u015fl\u0131qdan sonra Bak\u0131 D&ouml;vl\u0259t Universitetinin professor v\u0259 m&uuml;\u0259llim hey\u0259ti &uuml;&ccedil;&uuml;n tikil\u0259n binan\u0131n v\u0259 \u0259trafdak\u0131 evl\u0259rin sakinl\u0259ri il\u0259 g&ouml;r&uuml;\u015f&uuml;nd\u0259 deyib.D&ouml;vl\u0259timizin ba\u015f&ccedil;\u0131s\u0131 qeyd edib: &quot;Bu g&uuml;n \u015f\u0259h\u0259rimizd\u0259 yeni park a&ccedil;\u0131l\u0131r. Bu, g&ouml;z\u0259l hadis\u0259dir v\u0259 burada ya\u015fayan insanlar &uuml;&ccedil;&uuml;n g&ouml;z\u0259l h\u0259diyy\u0259dir. Son ill\u0259r \u0259rzind\u0259 Bak\u0131 \u015f\u0259h\u0259rind\u0259 bir &ccedil;ox parklar, ictimai yerl\u0259r, istirah\u0259t gu\u015f\u0259l\u0259ri yarad\u0131lm\u0131\u015fd\u0131r. \u0130ndi Bak\u0131 parklar, ba\u011flar \u015f\u0259h\u0259ridir. H\u0259m \u015f\u0259h\u0259rin m\u0259rk\u0259zind\u0259, h\u0259m d\u0259 dig\u0259r \u0259razil\u0259rd\u0259 yeni ictimai yerl\u0259r yarad\u0131l\u0131r.<br \/>\nBu park\u0131n da x&uuml;susi tarix&ccedil;\u0259si var. Bu \u0259razid\u0259 he&ccedil; vaxt park olmam\u0131\u015fd\u0131r. Bu \u0259razid\u0259 bir &ccedil;ox h&uuml;nd&uuml;rm\u0259rt\u0259b\u0259li binan\u0131n tikintisi n\u0259z\u0259rd\u0259 tutulurdu. \u018ffsuslar olsun ki, bu i\u015fl\u0259ri g&ouml;r\u0259n insanlar buradak\u0131 a\u011faclar\u0131 da k\u0259smi\u015fdil\u0259r. M\u0259n b&uuml;t&uuml;n d&ouml;vl\u0259t m\u0259murlar\u0131na, &ouml;z\u0259l qurumlara d\u0259f\u0259l\u0259rl\u0259 x\u0259b\u0259rdarl\u0131q etmi\u015f\u0259m ki, a\u011faclar k\u0259silm\u0259m\u0259lidir, a\u011faclar\u0131 k\u0259sm\u0259k olmaz. Ancaq bir \u015f\u0259rtl\u0259 ki, Ekologiya v\u0259 T\u0259bii S\u0259rv\u0259tl\u0259r Nazirliyi r\u0259y versin v\u0259 \u0259g\u0259r hans\u0131sa d&ouml;vl\u0259t \u0259h\u0259miyy\u0259tli bir layih\u0259 &uuml;&ccedil;&uuml;n a\u011faclar g&ouml;t&uuml;r&uuml;lm\u0259lidirs\u0259, onlar\u0131n yeri d\u0259yi\u015fdirilm\u0259li v\u0259 yeni a\u011faclar \u0259kilm\u0259lidir. Ona g&ouml;r\u0259 m\u0259n bu m\u0259s\u0259l\u0259d\u0259n x\u0259b\u0259r tutan kimi d\u0259rhal g&ouml;st\u0259ri\u015f verdim, \u015f\u0259h\u0259r icra hakimiyy\u0259tinin ba\u015f&ccedil;\u0131s\u0131n\u0131 buraya g&ouml;nd\u0259rdim v\u0259 n\u0259tic\u0259d\u0259 bel\u0259 g&ouml;z\u0259l bir ictimai yer yarad\u0131l\u0131b&quot;.<\/p>\n<p>\u0130lham \u018fliyev bildirib ki, yeni park bu binalarda ya\u015fayan v\u0259t\u0259nda\u015flar &uuml;&ccedil;&uuml;n istirah\u0259t yeridir: &quot;\u018flb\u0259tt\u0259 ki, burada h&uuml;nd&uuml;rm\u0259rt\u0259b\u0259li b&ouml;y&uuml;k binalar tikils\u0259ydi, bu, \u0259trafda ya\u015fayan insanlar &uuml;&ccedil;&uuml;n d\u0259 problem yaradard\u0131. Ona g&ouml;r\u0259 \u015f\u0259h\u0259rimizin bu \u0259razisind\u0259 yeni park sal\u0131n\u0131b v\u0259 hesab edir\u0259m ki, bu, &ccedil;ox \u0259lam\u0259tdar hadis\u0259dir. Bir daha dem\u0259k ist\u0259yir\u0259m, bu park\u0131n x&uuml;susi tarix&ccedil;\u0259si vard\u0131r v\u0259 b&uuml;t&uuml;n qurumlara da, \u015firk\u0259tl\u0259r\u0259 d\u0259, i\u015f adamlar\u0131na da d\u0259rs olacaq ki, a\u011fac\u0131 k\u0259sirs\u0259ns\u0259 c\u0259zan c\u0259rim\u0259 il\u0259 bitm\u0259y\u0259c\u0259k.<\/p>\n<p>Qald\u0131 ki, \u015f\u0259h\u0259rimizin abadla\u015fmas\u0131na, g&ouml;r&uuml;l\u0259n b&uuml;t&uuml;n i\u015fl\u0259r g&ouml;z qaba\u011f\u0131ndad\u0131r. M\u0259n bir daha qeyd etm\u0259k ist\u0259yir\u0259m ki, indi Bak\u0131 g&ouml;z\u0259l parklar \u015f\u0259h\u0259rin\u0259 &ccedil;evrilibdir. Bizim m&ouml;vcud parklar\u0131m\u0131z\u0131n dem\u0259k olar ki, ham\u0131s\u0131 son ill\u0259r \u0259rzind\u0259 \u0259sasl\u0131 \u015f\u0259kild\u0259 b\u0259rpa edilib, yeni istirah\u0259t zonalar\u0131 yarad\u0131l\u0131b. Bizim \u0259n b&ouml;y&uuml;k park\u0131m\u0131z d\u0259nizk\u0259nar\u0131 bulvard\u0131r, uzunlu\u011fu 3 kilometrd\u0259n 16 kilometr\u0259 &ccedil;atd\u0131r\u0131l\u0131b. Burada indi idman, inc\u0259s\u0259n\u0259t \u015f\u0259h\u0259rcikl\u0259ri, ictimai yerl\u0259r yarad\u0131l\u0131b. Diqq\u0259t&ccedil;\u0259k\u0259n dig\u0259r layih\u0259l\u0259r aras\u0131nda Heyd\u0259r \u018fliyev Saray\u0131n\u0131n arxas\u0131ndak\u0131 yeri d\u0259 qeyd ed\u0259rdim. Orada g&ouml;z\u0259l park yarad\u0131l\u0131b. D&ouml;vl\u0259t Dram Teatr\u0131n\u0131n arxas\u0131nda yeni park sal\u0131n\u0131r. &ldquo;Sovetski&rdquo; adlanan \u0259razid\u0259 h\u0259m yol infrastrukturu, h\u0259m ictimai yerl\u0259r, g&ouml;z\u0259l ya\u015f\u0131ll\u0131qlar sal\u0131nacaqd\u0131r. \u0130ndi i\u015fl\u0259r o q\u0259d\u0259r s&uuml;r\u0259tl\u0259 gedir ki, b\u0259z\u0259n \u0259vv\u0259lki g&ouml;r&uuml;nt&uuml;l\u0259r yaddan &ccedil;\u0131x\u0131r. Misal &uuml;&ccedil;&uuml;n, siz yax\u015f\u0131 xat\u0131rlay\u0131rs\u0131n\u0131z ki, aeroportun \u0259traf\u0131nda yarmarka var idi. Bu s\u0259liq\u0259siz antisanitariya m\u0259rk\u0259zinin m\u0259nz\u0259r\u0259si ham\u0131m\u0131z\u0131 incidirdi. O yarmarka ba\u015fqa \u0259raziy\u0259 k&ouml;&ccedil;&uuml;r&uuml;l&uuml;b, yerind\u0259 me\u015f\u0259lik sal\u0131n\u0131b. \u0130ndi o yerd\u0259n ke&ccedil;\u0259nd\u0259 b\u0259zil\u0259ri unudur ki, burada \u0259vv\u0259ll\u0259r m\u0259nz\u0259r\u0259 nec\u0259 idi&quot;.<\/p>\n<p>Prezident \u0259lav\u0259 edib ki, B&ouml;y&uuml;k\u015for g&ouml;l&uuml;n&uuml;n bir hiss\u0259si t\u0259mizl\u0259nib, onun \u0259traf\u0131 abadla\u015fd\u0131r\u0131l\u0131b, 1 kilometr uzunlu\u011funda yeni bulvar sal\u0131n\u0131b: &quot;Bibiheyb\u0259t \u0259razisind\u0259 indi g&ouml;z\u0259l park sal\u0131n\u0131r. Y\u0259ni, g&ouml;r&uuml;l\u0259n b&uuml;t&uuml;n bu i\u015fl\u0259r bir daha onu g&ouml;st\u0259rir ki, v\u0259t\u0259nda\u015flar\u0131n rahat istirah\u0259ti &uuml;&ccedil;&uuml;n \u015f\u0259h\u0259rimizd\u0259 &ccedil;ox b&ouml;y&uuml;k t\u0259dbirl\u0259r g&ouml;r&uuml;l&uuml;r. Yeni parklar\u0131n sal\u0131nmas\u0131 bax\u0131m\u0131ndan hesab edir\u0259m ki, Bak\u0131 \u015f\u0259h\u0259ri bu g&uuml;n d&uuml;nyada birinci yerd\u0259dir. Bunu siz d\u0259 yax\u015f\u0131 bilirsiniz, \u015f\u0259h\u0259rimizin dig\u0259r v\u0259t\u0259nda\u015flar\u0131 da g&ouml;r&uuml;rl\u0259r, \u0259g\u0259r harada s&ouml;k&uuml;nt&uuml; gedirs\u0259 o yerd\u0259 m&uuml;tl\u0259q ictimai gu\u015f\u0259l\u0259r, parklar yarad\u0131l\u0131r, yeni geni\u015f yollar sal\u0131n\u0131r ki, t\u0131xaclar azals\u0131n. N&ouml;vb\u0259ti b&ouml;y&uuml;k park Yusif S\u0259f\u0259rov k&uuml;&ccedil;\u0259sind\u0259 sal\u0131n\u0131r, &uuml;mid edir\u0259m ki, yax\u0131n aylarda istifad\u0259y\u0259 veril\u0259c\u0259k. Onun yan\u0131nda olan park art\u0131q f\u0259aliyy\u0259td\u0259dir, Heyd\u0259r \u018fliyev Saray\u0131n\u0131n \u0259traf\u0131nda b&ouml;y&uuml;k park indi xidm\u0259t g&ouml;st\u0259rir, g\u0259ncl\u0259r, u\u015faqlar h\u0259r h\u0259ft\u0259 orada m&uuml;xt\u0259lif t\u0259dbirl\u0259r ke&ccedil;irirl\u0259r. Bak\u0131 Konqres M\u0259rk\u0259zinin \u0259traf\u0131nda yeni park sal\u0131n\u0131b. Ke&ccedil;mi\u015f S\u0259ttarxan ad\u0131na zavodun \u0259razisi olan bu yer ekoloji f\u0259lak\u0259t zonas\u0131 idi. Balaxan\u0131 zibilxanas\u0131 t\u0259mizl\u0259ndi, orada abadl\u0131q i\u015fl\u0259ri apar\u0131ld\u0131, \u015f\u0259h\u0259rimizin v\u0259t\u0259nda\u015flar\u0131na problem yaradan t&uuml;st&uuml;n&uuml;n qar\u015f\u0131s\u0131 al\u0131nd\u0131. Ona g&ouml;r\u0259 m\u0259n bu sah\u0259y\u0259 x&uuml;susi diqq\u0259t yetirir\u0259m. &Ccedil;&uuml;nki ist\u0259yir\u0259m ki, Bak\u0131 daha da g&ouml;z\u0259ll\u0259\u015fsin v\u0259 \u015f\u0259h\u0259rimizin ekoloji v\u0259ziyy\u0259ti daha da yax\u015f\u0131la\u015fs\u0131n. Biz art\u0131q buna nail ola bilmi\u015fik. Havan\u0131n, suyun keyfiyy\u0259ti yax\u015f\u0131la\u015f\u0131b. Bu, insan sa\u011flaml\u0131\u011f\u0131 &uuml;&ccedil;&uuml;n \u0259sas amill\u0259rdir.<\/p>\n<p>Bilir\u0259m ki, bu binalarda ziyal\u0131lar, aliml\u0259r ya\u015fay\u0131r. Sizin &uuml;&ccedil;&uuml;n burada g&ouml;z\u0259l park sal\u0131n\u0131b ki, ail\u0259l\u0259rinizl\u0259 birlikd\u0259 istirah\u0259t ed\u0259siniz. Bu m&uuml;nasib\u0259tl\u0259 sizi &#8211; burada ya\u015fayan v\u0259t\u0259nda\u015flar\u0131 t\u0259brik edir\u0259m&quot;.trend<\/p>\n","protected":false},"excerpt":{"rendered":"<p>B&uuml;t&uuml;n d&ouml;vl\u0259t m\u0259murlar\u0131na, &ouml;z\u0259l qurumlara d\u0259f\u0259l\u0259rl\u0259 x\u0259b\u0259rdarl\u0131q etmi\u015f\u0259m ki, a\u011faclar k\u0259silm\u0259m\u0259lidir. Bunu Az\u0259rbaycan Prezidenti \u0130lham \u018fliyev paytaxt\u0131n Yasamal rayonunun M\u0259tbuat prospektind\u0259 yeni sal\u0131nan parkda yarad\u0131lan \u015f\u0259raitl\u0259 tan\u0131\u015fl\u0131qdan sonra Bak\u0131 D&ouml;vl\u0259t&hellip;<\/p>\n","protected":false},"author":1,"featured_media":251278,"comment_status":"open","ping_status":"open","sticky":false,"template":"","format":"standard","meta":{"_lmt_disableupdate":"","_lmt_disable":"","footnotes":""},"categories":[],"tags":[],"class_list":["post-48397","post","type-post","status-publish","format-standard","has-post-thumbnail","hentry"],"_links":{"self":[{"href":"https:\/\/ucnoqta.az\/index.php?rest_route=\/wp\/v2\/posts\/48397","targetHints":{"allow":["GET"]}}],"collection":[{"href":"https:\/\/ucnoqta.az\/index.php?rest_route=\/wp\/v2\/posts"}],"about":[{"href":"https:\/\/ucnoqta.az\/index.php?rest_route=\/wp\/v2\/types\/post"}],"author":[{"embeddable":true,"href":"https:\/\/ucnoqta.az\/index.php?rest_route=\/wp\/v2\/users\/1"}],"replies":[{"embeddable":true,"href":"https:\/\/ucnoqta.az\/index.php?rest_route=%2Fwp%2Fv2%2Fcomments&post=48397"}],"version-history":[{"count":0,"href":"https:\/\/ucnoqta.az\/index.php?rest_route=\/wp\/v2\/posts\/48397\/revisions"}],"wp:featuredmedia":[{"embeddable":true,"href":"https:\/\/ucnoqta.az\/index.php?rest_route=\/wp\/v2\/media\/251278"}],"wp:attachment":[{"href":"https:\/\/ucnoqta.az\/index.php?rest_route=%2Fwp%2Fv2%2Fmedia&parent=48397"}],"wp:term":[{"taxonomy":"category","embeddable":true,"href":"https:\/\/ucnoqta.az\/index.php?rest_route=%2Fwp%2Fv2%2Fcategories&post=48397"},{"taxonomy":"post_tag","embeddable":true,"href":"https:\/\/ucnoqta.az\/index.php?rest_route=%2Fwp%2Fv2%2Ftags&post=48397"}],"curies":[{"name":"wp","href":"https:\/\/api.w.org\/{rel}","templated":true}]}}