{"id":48393,"date":"2017-07-15T12:34:48","date_gmt":"2017-07-15T08:34:48","guid":{"rendered":""},"modified":"-0001-11-30T00:00:00","modified_gmt":"-0001-11-29T20:00:00","slug":"","status":"publish","type":"post","link":"https:\/\/ucnoqta.az\/?p=48393","title":{"rendered":"Ta\u011f\u0131 \u018fhm\u0259dov: <font color=red><b>&#8220;Akif \u00c7ovdarovun m\u0259hk\u0259m\u0259d\u0259 s\u0259sl\u0259ndirdiyi fikirl\u0259rin ham\u0131s\u0131 h\u0259qiq\u0259t olsa, &#8230;&#8221;<\/b><\/font>"},"content":{"rendered":"<p>&#8220;Akif \u00c7ovdarovun m\u0259niml\u0259 ba\u011fl\u0131 b\u00fct\u00fcn a\u00e7\u0131qlamalar\u0131n\u0131 r\u0259dd edir\u0259m&#8221;. Ucnoqta.az x\u0259b\u0259r verir ki, bunu APA-ya a\u00e7\u0131qlamas\u0131nda Bak\u0131 Metropoliteninin sabiq r\u0259isi, Yeni Az\u0259rbaycan Partiyas\u0131 (YAP) Yasamal rayon t\u0259\u015fkilat\u0131n\u0131n s\u0259dri Ta\u011f\u0131 \u018fhm\u0259dov deyib.<br \/>\n&#8220;Akif \u00c7ovdarovun m\u0259hk\u0259m\u0259d\u0259 m\u0259nim \u00fcnvan\u0131ma dedikl\u0259rinin ham\u0131s\u0131 yaland\u0131r. Bunlar sad\u0259c\u0259 quru, s\u00fcbutu olmayan, \u0259sass\u0131z ittihamlard\u0131r. \u00d6z\u00fc h\u0259bsd\u0259 olan \u015f\u0259xsin ba\u015fqas\u0131na qara yaxmas\u0131, iftira atmas\u0131 g\u00f6zl\u0259nil\u0259ndir. Nec\u0259 dey\u0259rl\u0259r, c\u0259h\u0259nn\u0259m\u0259 ged\u0259n \u00f6z\u00fcn\u0259 yolda\u015f axtarar&#8221; dey\u0259 T. \u018fhm\u0259dov bildirib.<br \/>\nSabiq r\u0259is deyib ki, \u00a0Bak\u0131 Metropoliteninin r\u0259isi v\u0259zif\u0259sind\u0259 \u00e7al\u0131\u015fd\u0131\u011f\u0131 ill\u0259r \u0259rzind\u0259 qanunsuz i\u015fl\u0259 m\u0259\u015f\u011ful olmay\u0131b: &#8220;V\u0259zif\u0259md\u0259n he\u00e7 vaxt sui-istifad\u0259 etm\u0259mi\u015f\u0259m. M\u0259qs\u0259dim h\u0259r zaman m\u0259n\u0259 g\u00f6st\u0259ril\u0259n etimad\u0131 do\u011frultmaq, xalq\u0131ma xidm\u0259t etm\u0259k olub. M\u0259nim d\u00f6vl\u0259timiz qar\u015f\u0131s\u0131nda xidm\u0259tl\u0259rim var. Haz\u0131rda da \u00f6z i\u015fimin ba\u015f\u0131ndayam. Yeni Az\u0259rbaycan Partiyas\u0131n\u0131n Yasamal rayon t\u0259\u015fkilat\u0131n\u0131n s\u0259driy\u0259m. Bununla yana\u015f\u0131, ali m\u0259kt\u0259bl\u0259rd\u0259n birind\u0259 pedaqoji f\u0259aliyy\u0259timi davam etdirir\u0259m&#8221;.<br \/>\nT. \u018fhm\u0259dov haz\u0131rda m\u0259zuniyy\u0259tind\u0259n istifad\u0259 etdiyini, buna g\u00f6r\u0259 d\u0259 Bak\u0131da olmad\u0131\u011f\u0131n\u0131 qeyd edib: &#8221; Ona g\u00f6r\u0259 d\u0259 deyil\u0259nl\u0259r\u0259 geni\u015f ayd\u0131nl\u0131q g\u0259tir\u0259 bilmir\u0259m. \u0130ndi sad\u0259c\u0259 bir s\u00f6z dey\u0259 bil\u0259r\u0259m, bar\u0259md\u0259 s\u00f6yl\u0259nil\u0259nl\u0259r b\u00f6htand\u0131r. B\u0259zi adamlar xidm\u0259tl\u0259rim\u0259 k\u00f6lg\u0259 salmaq, qara yaxmaq ist\u0259yirl\u0259r. Bu is\u0259 ba\u015f tutmayacaq. \u018fziyy\u0259tl\u0259ri \u00f6zl\u0259rin\u0259 qalacaq. G\u0259lin etiaf ed\u0259k ki, Akif \u00c7ovdarovun m\u0259hk\u0259m\u0259 prosesl\u0259rind\u0259 s\u0259sl\u0259ndirdiyi fikirl\u0259rin ham\u0131s\u0131 h\u0259qiq\u0259t olsa, o zaman g\u0259r\u0259k \u00f6lk\u0259nin yar\u0131s\u0131 h\u0259bs olunsun. H\u0259bsd\u0259 olan insan\u0131n ba\u015fqalar\u0131na qara yaxmaq ist\u0259m\u0259si ba\u015fad\u00fc\u015f\u00fcl\u0259ndir. \u018flb\u0259tt\u0259, haz\u0131rda bu i\u015fl\u0259 ba\u011fl\u0131 istintaq davam edir. Son s\u00f6z\u00fc hakim dey\u0259c\u0259k. M\u0259n \u0259dal\u0259tin b\u0259rq\u0259rar olunaca\u011f\u0131na \u0259min\u0259m. Onun dedikl\u0259rinin b\u00f6htan oldu\u011fu, he\u00e7 bir h\u0259qiq\u0259ti \u0259ks etdirm\u0259diyi gec-tez \u00fcz\u0259 \u00e7\u0131xacaq. O, d\u00f6vl\u0259tin\u0259 x\u0259yan\u0259t etmi\u015f, ona h\u0259val\u0259 olunmu\u015f v\u0259zif\u0259d\u0259n \u015f\u0259xsi m\u0259nafeyi namin\u0259 sui-istifad\u0259 etmi\u015f biri kimi \u00f6z layiqli c\u0259zas\u0131n\u0131 alacaq\u201d.<br \/>\nQeyd ed\u0259k ki, ke\u00e7mi\u015f Milli T\u0259hl\u00fck\u0259sizlik Nazirliyinin (MTN) h\u0259bsd\u0259 olan idar\u0259 r\u0259isi Akif \u00c7ovdarov m\u0259hk\u0259m\u0259d\u0259 verdiyi ifad\u0259sind\u0259 Bak\u0131 Metropoliteninin sabiq r\u0259isi Ta\u011f\u0131 \u018fhm\u0259dovu korrupsiyada v\u0259 d\u00f6vl\u0259t v\u0259saitini m\u0259nims\u0259m\u0259kd\u0259 ittiham edib. O, Ta\u011f\u0131 \u018fhm\u0259dovun Az\u0259rbaycan, Birl\u0259\u015fmi\u015f \u018fr\u0259b \u018fmirlikl\u0259ri v\u0259 Rusiyada biznesinin v\u0259 evl\u0259rinin oldu\u011funu qeyd edib, \u00fcnvanlar a\u00e7\u0131qlay\u0131b.\u00a0<\/p>\n<p>\u00a0\u00a0\u00a0\u00a0<\/p>\n","protected":false},"excerpt":{"rendered":"<p>&#8220;Akif \u00c7ovdarovun m\u0259niml\u0259 ba\u011fl\u0131 b\u00fct\u00fcn a\u00e7\u0131qlamalar\u0131n\u0131 r\u0259dd edir\u0259m&#8221;. Ucnoqta.az x\u0259b\u0259r verir ki, bunu APA-ya a\u00e7\u0131qlamas\u0131nda Bak\u0131 Metropoliteninin sabiq r\u0259isi, Yeni Az\u0259rbaycan Partiyas\u0131 (YAP) Yasamal rayon t\u0259\u015fkilat\u0131n\u0131n s\u0259dri Ta\u011f\u0131 \u018fhm\u0259dov deyib.&hellip;<\/p>\n","protected":false},"author":1,"featured_media":251278,"comment_status":"open","ping_status":"open","sticky":false,"template":"","format":"standard","meta":{"_lmt_disableupdate":"","_lmt_disable":"","footnotes":""},"categories":[],"tags":[],"class_list":["post-48393","post","type-post","status-publish","format-standard","has-post-thumbnail","hentry"],"_links":{"self":[{"href":"https:\/\/ucnoqta.az\/index.php?rest_route=\/wp\/v2\/posts\/48393","targetHints":{"allow":["GET"]}}],"collection":[{"href":"https:\/\/ucnoqta.az\/index.php?rest_route=\/wp\/v2\/posts"}],"about":[{"href":"https:\/\/ucnoqta.az\/index.php?rest_route=\/wp\/v2\/types\/post"}],"author":[{"embeddable":true,"href":"https:\/\/ucnoqta.az\/index.php?rest_route=\/wp\/v2\/users\/1"}],"replies":[{"embeddable":true,"href":"https:\/\/ucnoqta.az\/index.php?rest_route=%2Fwp%2Fv2%2Fcomments&post=48393"}],"version-history":[{"count":0,"href":"https:\/\/ucnoqta.az\/index.php?rest_route=\/wp\/v2\/posts\/48393\/revisions"}],"wp:featuredmedia":[{"embeddable":true,"href":"https:\/\/ucnoqta.az\/index.php?rest_route=\/wp\/v2\/media\/251278"}],"wp:attachment":[{"href":"https:\/\/ucnoqta.az\/index.php?rest_route=%2Fwp%2Fv2%2Fmedia&parent=48393"}],"wp:term":[{"taxonomy":"category","embeddable":true,"href":"https:\/\/ucnoqta.az\/index.php?rest_route=%2Fwp%2Fv2%2Fcategories&post=48393"},{"taxonomy":"post_tag","embeddable":true,"href":"https:\/\/ucnoqta.az\/index.php?rest_route=%2Fwp%2Fv2%2Ftags&post=48393"}],"curies":[{"name":"wp","href":"https:\/\/api.w.org\/{rel}","templated":true}]}}