{"id":48389,"date":"2017-07-14T15:33:32","date_gmt":"2017-07-14T11:33:32","guid":{"rendered":""},"modified":"-0001-11-30T00:00:00","modified_gmt":"-0001-11-29T20:00:00","slug":"","status":"publish","type":"post","link":"https:\/\/ucnoqta.az\/?p=48389","title":{"rendered":"Avropa Az\u0259rbaycan C\u0259miyy\u0259tinin f\u0259aliyy\u0259t dair\u0259si geni\u015fdir"},"content":{"rendered":"<p>Diaspora Da\u011fl\u0131q Qaraba\u011f m&uuml;naqi\u015f\u0259si il\u0259 ba\u011fl\u0131 h\u0259qiq\u0259tl\u0259rin d&uuml;nya ictimaiyy\u0259tin\u0259 &ccedil;atd\u0131r\u0131lmas\u0131nda &ouml;n\u0259mli rol oynay\u0131r<br \/>\n&nbsp;Avropa Az\u0259rbaycan C\u0259miyy\u0259ti Az\u0259rbaycan\u0131n diaspora t\u0259\u015fkilatlatlar\u0131 aras\u0131nda &ouml;z f\u0259aliyy\u0259ti il\u0259 se&ccedil;ilir. Avropa Az\u0259rbaycan C\u0259miyy\u0259ti 2008-ci ilin noyabr ay\u0131nda i\u015f\u0259 ba\u015flay\u0131b. Ondan d&ouml;rd il &ouml;nc\u0259 is\u0259 London Az\u0259rbaycan C\u0259miyy\u0259ti kimi f\u0259aliyy\u0259t g&ouml;st\u0259rib. T\u0259\u015fkilat\u0131n Birl\u0259\u015fmi\u015f Krall\u0131q, Bel&ccedil;ika, Fransa, Almaniya v\u0259 T&uuml;rkiy\u0259d\u0259 ofisl\u0259ri, Az\u0259rbaycanda is\u0259 n&uuml;may\u0259nd\u0259liyi vard\u0131r. T\u0259\u015fkilat\u0131n missiyas\u0131n\u0131n bir hiss\u0259si olaraq, Avropa Az\u0259rbaycan C\u0259miyy\u0259ti m&uuml;t\u0259madi olaraq s\u0259rgil\u0259r, konsertl\u0259r, kitab n\u0259\u015frl\u0259ri v\u0259 t\u0259qdimatlar\u0131n daxil edildiyi &ccedil;oxistiqam\u0259tli m\u0259d\u0259niyy\u0259t layih\u0259sini h\u0259yata ke&ccedil;irir. Bu layih\u0259l\u0259r Az\u0259rbaycan m\u0259d\u0259ni irsinin, Az\u0259rbaycan milli-m\u0259d\u0259ni d\u0259y\u0259rl\u0259rinin qorunmas\u0131n\u0131, Avropa c\u0259miyy\u0259tinin m\u0259d\u0259ni h\u0259yat\u0131na Az\u0259rbaycan g\u0259ncl\u0259rinin daha yax\u015f\u0131 inteqrasiyas\u0131n\u0131, t\u0259hsilin inki\u015faf etdirilm\u0259sini, dostluq, etimad v\u0259 &nbsp;xalqlar aras\u0131nda anla\u015fman\u0131 t\u0259\u015fviq edir. D&uuml;nya ictimaiyy\u0259ti inc\u0259s\u0259n\u0259t, memarl\u0131q, \u0259d\u0259biyyat, teatr, kino, r\u0259qs v\u0259 musiqi sah\u0259l\u0259ri d\u0259 daxil olmaqla, Az\u0259rbaycan\u0131n b&uuml;t&uuml;n n&ouml;v m\u0259d\u0259niyy\u0259t sah\u0259l\u0259ri bar\u0259d\u0259 m\u0259lumatland\u0131r\u0131l\u0131r. Bundan ba\u015fqa Avropa Az\u0259rbaycan C\u0259miyy\u0259ti Az\u0259rbaycan\u0131 Avropada siyasi, iqtisadi v\u0259 m\u0259d\u0259ni aspektd\u0259n d\u0259 tan\u0131d\u0131r. C\u0259miyy\u0259tin x\u0259tti il\u0259 Da\u011fl\u0131q Qaraba\u011f m&uuml;naqi\u015f\u0259si il\u0259 ba\u011fl\u0131 h\u0259qiq\u0259tl\u0259rin d&uuml;nya ictimaiyy\u0259tin\u0259 &ccedil;atd\u0131r\u0131lmas\u0131 &uuml;&ccedil;&uuml;n &ccedil;oxsayl\u0131 kitablar, jurnal v\u0259 q\u0259zetl\u0259r n\u0259\u015fr edilib. Bir s&ouml;zl\u0259 Da\u011fl\u0131q Qaraba\u011f m&uuml;naqi\u015f\u0259si il\u0259 ba\u011fl\u0131 h\u0259qiq\u0259tl\u0259rin Avropada insanlara &ccedil;atd\u0131rilmas\u0131nda c\u0259miyy\u0259t &ouml;n\u0259mli rol oynay\u0131r. F&uuml;zuli rayonunun Alxanl\u0131 k\u0259ndind\u0259 ya\u015fl\u0131 qad\u0131n\u0131n v\u0259 onun ikiya\u015fl\u0131 n\u0259v\u0259sinin q\u0259tl\u0259 yetirilm\u0259si il\u0259 ba\u011fl\u0131 hadis\u0259, erm\u0259ni f\u0259h\u015filiyinin i&ccedil; &uuml;z&uuml;n&uuml;n a&ccedil;\u0131lmas\u0131nda Avropa Az\u0259rbaycan C\u0259miyy\u0259ti f\u0259aliyy\u0259ti &ouml;z n\u0259tic\u0259l\u0259rini verir. Az\u0259rbaycan C\u0259miyy\u0259tinin Berlin ofisi t\u0259r\u0259find\u0259n veril\u0259n sor\u011fuya cavab olaraq Almaniya Bundestaq\u0131ndak\u0131 CDU\/CSU parlament qrupunun &uuml;zv&uuml; Stefan Mayer b\u0259yanat\u0131 bunu ayd\u0131n g&ouml;st\u0259rir. Sovet \u0130ttifaq\u0131n\u0131n s&uuml;qutu zaman\u0131 Erm\u0259nistan v\u0259 Az\u0259rbaycan aras\u0131nda m&uuml;t\u0259madi olaraq zorak\u0131l\u0131q hallar\u0131n ba\u015f verdiyini bildir\u0259n Stefan Mayer qeyd edib ki, Da\u011fl\u0131q Qaraba\u011f m&uuml;naqi\u015f\u0259si iki &ouml;lk\u0259nin silahl\u0131 q&uuml;vv\u0259l\u0259ri aras\u0131nda qanl\u0131 d&ouml;y&uuml;\u015fl\u0259r\u0259 s\u0259b\u0259b olub. B\u0259yanatda deyilir: Bu m&uuml;naqi\u015f\u0259 h\u0259r iki t\u0259r\u0259f &uuml;&ccedil;&uuml;n k&ouml;&ccedil;k&uuml;n ax\u0131n\u0131n\u0131n yaranmas\u0131 v\u0259 minl\u0259rl\u0259 g&uuml;nahs\u0131z insan\u0131n &ouml;l&uuml;m&uuml; il\u0259 yadda qal\u0131b. Bu qanl\u0131 sava\u015fda iyirmi be\u015f min\u0259 yax\u0131n insan h\u0259lak olub, bir milyona yax\u0131n dinc sakin is\u0259 did\u0259rgin d&uuml;\u015f&uuml;b. M&uuml;harib\u0259 n\u0259tic\u0259sind\u0259 Erm\u0259nistan n\u0259inki Da\u011fl\u0131q Qaraba\u011f\u0131, h\u0259m&ccedil;inin \u0259trafdak\u0131 yeddi rayonu i\u015f\u011fal edib. 1993-c&uuml; ild\u0259 Az\u0259rbaycan \u0259razisinin bir hiss\u0259sinin h\u0259rbi i\u015f\u011fal\u0131 Birl\u0259\u015fmi\u015f Mill\u0259tl\u0259r T\u0259\u015fkilat\u0131n\u0131n T\u0259hl&uuml;k\u0259sizlik \u015euras\u0131 t\u0259r\u0259find\u0259n pisl\u0259nilib. Almaniya Federativ Respublikas\u0131 t\u0259r\u0259find\u0259n d\u0259st\u0259kl\u0259n\u0259n bu t\u0259l\u0259b indiy\u0259d\u0259k q&uuml;vv\u0259d\u0259dir.<br \/>\nStefan Mayer vur\u011fulay\u0131b ki, d&uuml;nya ictimaiyy\u0259ti Da\u011fl\u0131q Qaraba\u011f\u0131 Az\u0259rbaycan Respublikas\u0131n\u0131n ayr\u0131lmaz hiss\u0259si kimi tan\u0131y\u0131r. Avropa \u0130ttifaq\u0131 v\u0259 Almaniya bu m&uuml;naqi\u015f\u0259nin yaln\u0131z s&uuml;lh yolu il\u0259 h\u0259ll ola bil\u0259ciyin\u0259 \u0259mindirl\u0259r. 2010-cu ild\u0259 Da\u011fl\u0131q Qaraba\u011fda ke&ccedil;irilmi\u015f parlament se&ccedil;kil\u0259ri n\u0259 Avropa \u0130ttifaq\u0131, n\u0259 d\u0259 Almaniya t\u0259r\u0259find\u0259n tan\u0131n\u0131b. Avropa T\u0259hl&uuml;k\u0259sizlik v\u0259 \u018fm\u0259kda\u015fl\u0131q T\u0259\u015fkilat\u0131 (AT\u018fT) &ccedil;\u0259r&ccedil;iv\u0259sind\u0259 f\u0259aliyy\u0259t g&ouml;st\u0259r\u0259n Minsk Qrupu 1992-ci ild\u0259n bu g&uuml;n\u0259d\u0259k regionda s&uuml;lh yaratma\u011fa &ccedil;al\u0131\u015f\u0131r. Da\u011fl\u0131q Qaraba\u011f\u0131n i\u015f\u011fal\u0131 beyn\u0259lxalq h&uuml;quq &uuml;zr\u0259 &ouml;hd\u0259likl\u0259ri pozur. BMT Xartiyas\u0131n\u0131n II madd\u0259sinin 3 v\u0259 4-c&uuml; b\u0259ndl\u0259rin\u0259 \u0259sas\u0259n, b&uuml;t&uuml;n &ouml;lk\u0259l\u0259r &ouml;z aralar\u0131ndak\u0131 m&uuml;bahis\u0259l\u0259ri el\u0259 h\u0259ll etm\u0259lidir ki, beyn\u0259lxalq h&uuml;quq, t\u0259hl&uuml;k\u0259sizlik v\u0259 \u0259dal\u0259t prinsipl\u0259ri pozulmas\u0131n. BMT-nin h\u0259r bir &uuml;zv&uuml; dig\u0259r &ouml;lk\u0259nin \u0259razi b&uuml;t&ouml;vl&uuml;y&uuml;n\u0259 t\u0259hl&uuml;k\u0259 alt\u0131na ala bil\u0259c\u0259k v\u0259 t\u0259\u015fkilat\u0131n m\u0259ram\u0131na zidd h\u0259r\u0259k\u0259tl\u0259rd\u0259n &ccedil;\u0259kinm\u0259lidir. Az\u0259rbaycan\u0131n \u0259razi b&uuml;t&ouml;vl&uuml;y&uuml; b\u0259rpa olunmal\u0131, m\u0259cburi k&ouml;&ccedil;k&uuml;nl\u0259r &ouml;z v\u0259t\u0259nl\u0259rin\u0259 qay\u0131tmal\u0131d\u0131rlar. G&ouml;r&uuml;nd&uuml;y&uuml; kimi Az\u0259rbaycan\u0131n \u0259razi b&uuml;t&ouml;vl&uuml;y&uuml; Almaniya t\u0259r\u0259find\u0259n d\u0259st\u0259kl\u0259ndiyi &nbsp;deputat\u0131n dilind\u0259n bir d\u0259 s\u0259sl\u0259nir.&nbsp;<br \/>\nB\u0259yanatda daha sonra deyilir: 2012-ci ild\u0259 Almaniya Bundestaq\u0131nda Da\u011fl\u0131q Qaraba\u011f m&uuml;naqi\u015f\u0259sinin 20 illiyin\u0259 h\u0259sr olunmu\u015f toplant\u0131da CDU\/CSU parlament qrupunun xarici \u0259laq\u0259l\u0259r &uuml;zr\u0259 i\u015f&ccedil;i qrupu m&uuml;naqi\u015f\u0259nin h\u0259lli yollar\u0131na dair m&uuml;zakir\u0259l\u0259r ke&ccedil;irib v\u0259 &ouml;z t\u0259klifl\u0259rini verib. Bundestaq deputat\u0131n\u0131n fikrinc\u0259, m&uuml;naqi\u015f\u0259nin s&uuml;lh yolu il\u0259 h\u0259lli v\u0259 m&uuml;nasib\u0259tl\u0259rin normalla\u015fmas\u0131 b&uuml;t&uuml;n regionda sosial v\u0259 iqtisadi impulslar yaradacaq. Bu bax\u0131mdan Almaniya Bundestaq\u0131nda f\u0259aliyy\u0259t g&ouml;st\u0259r\u0259n CDU\/CSU parlament qrupunun xarici \u0259laq\u0259l\u0259r &uuml;zr\u0259 i\u015f&ccedil;i qrupu, BMT, NATO v\u0259 AT\u018fT kimi qurumlar m&uuml;naqi\u015f\u0259 t\u0259r\u0259fl\u0259rin\u0259 bir daha m&uuml;raci\u0259t ed\u0259r\u0259k Da\u011fl\u0131q Qaraba\u011f m\u0259s\u0259l\u0259sinin h\u0259lli &uuml;&ccedil;&uuml;n s\u0259yl\u0259ri art\u0131rma\u011fa &ccedil;a\u011f\u0131r\u0131blar. T\u0259r\u0259fl\u0259r aras\u0131nda apar\u0131lan dan\u0131\u015f\u0131qlarda ilk n&ouml;vb\u0259d\u0259 t\u0259mas x\u0259ttin\u0259 yax\u0131n \u0259razid\u0259 ya\u015fayan dinc sakinl\u0259rin t\u0259hl&uuml;k\u0259sizlik m\u0259s\u0259l\u0259l\u0259ri m&uuml;zakir\u0259 predmetin\u0259 &ccedil;evrilm\u0259li v\u0259 &ouml;z h\u0259llini tapmal\u0131d\u0131r.<br \/>\nBundan ba\u015fqa, Erm\u0259nistan\u0131n Az\u0259rbaycana qar\u015f\u0131 t\u0259cav&uuml;z&uuml;n&uuml;n a\u011f\u0131r n\u0259tic\u0259l\u0259ri v\u0259 iyulun 4-d\u0259 Az\u0259rbaycan\u0131n F&uuml;zuli rayonunun Alxanl\u0131 k\u0259ndinin sakini &#8211; 2 ya\u015fl\u0131 Z\u0259hra Quliyevan\u0131n q\u0259tli il\u0259 ba\u011fl\u0131 Almaniya Xarici \u0130\u015fl\u0259r Nazirliyind\u0259 (X\u0130N) m&uuml;zakir\u0259l\u0259r apar\u0131l\u0131b. Az\u0259rbaycan Respublikas\u0131n\u0131n \u0130nsan H&uuml;quqlar\u0131 &uuml;zr\u0259 M&uuml;v\u0259kkili (Ombudsman) Aparat\u0131n\u0131n r\u0259hb\u0259ri Ayd\u0131n S\u0259fixanl\u0131 v\u0259 bir qrup \u0259m\u0259kda\u015f\u0131n Almaniyaya s\u0259f\u0259ri &ccedil;\u0259r&ccedil;iv\u0259sind\u0259 bu &ouml;lk\u0259nin X\u0130N departament r\u0259hb\u0259ri Ekart Blaurok il\u0259 g&ouml;r&uuml;\u015f ke&ccedil;irilib. G&ouml;r&uuml;\u015fd\u0259 Erm\u0259nistan\u0131n Az\u0259rbaycana t\u0259cav&uuml;z&uuml; n\u0259tic\u0259sind\u0259 insanlar\u0131n fundamental h&uuml;quqlar\u0131n\u0131n pozulmas\u0131 haqq\u0131nda geni\u015f m\u0259lumat verilib, habel\u0259 4 iyulda Az\u0259rbaycan\u0131n F&uuml;zuli rayonunun Alxanl\u0131 k\u0259ndininin erm\u0259ni silahl\u0131 birl\u0259\u015fm\u0259l\u0259ri t\u0259r\u0259find\u0259n at\u0259\u015f\u0259 tutuldu\u011fu, 2 ya\u015fl\u0131 Z\u0259hra Quliyevan\u0131n v\u0259 n\u0259n\u0259si Sahib\u0259 Quliyevan\u0131n q\u0259tl\u0259 yetirildiyi bildirilib. H\u0259m&ccedil;inin, Az\u0259rbaycan Ombudsman\u0131n bu hadis\u0259 il\u0259 ba\u011fl\u0131 q\u0259bul etdiyi B\u0259yanat Almaniya X\u0130N-\u0259 t\u0259qdim edilib.<br \/>\nAvropa Az\u0259rbaycan C\u0259miyy\u0259tinin &nbsp;f\u0259aliyy\u0259t sah\u0259sin\u0259 bunlarla yana\u015f\u0131 Avropa v\u0259 Az\u0259rbaycan aras\u0131nda biznes \u0259laq\u0259l\u0259rini d\u0259st\u0259kl\u0259nm\u0259si d\u0259 daxildir. O t\u0259\u015fkilatlar\u0131n \u0259m\u0259kda\u015fl\u0131q \u0259laq\u0259l\u0259ri qurmas\u0131 v\u0259 m&ouml;vcud biznes \u0259laq\u0259l\u0259rinin region boyu geni\u015fl\u0259nm\u0259si &uuml;&ccedil;&uuml;n platform yarad\u0131r. &nbsp;Bundan ba\u015fqa, \u0259sas fikir yarad\u0131c\u0131lar\u0131, q\u0259rar q\u0259bul ed\u0259nl\u0259r v\u0259 dig\u0259r siyasi, akademik dairl\u0259r v\u0259 v\u0259t\u0259nda\u015f c\u0259miyy\u0259til\u0259 \u0259laq\u0259li \u015f\u0259xsl\u0259rin Az\u0259rbaycan bar\u0259d\u0259 m\u0259lumat\u0131n\u0131 art\u0131rmaq &uuml;&ccedil;&uuml;n &ccedil;al\u0131\u015f\u0131r. &Ouml;z m\u0259qs\u0259dl\u0259ri &ccedil;\u0259r&ccedil;iv\u0259sind\u0259 Avropa Az\u0259rbaycan C\u0259miyy\u0259ti maraqlanan t\u0259r\u0259fl\u0259r, fikir formala\u015fd\u0131ran v\u0259 q\u0259rar q\u0259bul ed\u0259n t\u0259r\u0259fl\u0259rl\u0259 g&ouml;r&uuml;\u015fl\u0259r t\u0259\u015fkil edir, siyas\u0259t&ccedil;il\u0259r, jurnalistl\u0259r v\u0259 biznes adamlar\u0131n\u0131n tan\u0131\u015fl\u0131q m\u0259qs\u0259dil\u0259 ke&ccedil;iril\u0259n i\u015f s\u0259yah\u0259tl\u0259rini t\u0259\u015fkil edir. Eyni zamanda d\u0259yirmi masalar, seminarlar, m&uuml;hazir\u0259l\u0259r v\u0259 konfranslara t\u0259\u015fkilat&ccedil;\u0131l\u0131q edir, hesabatlar, b&uuml;lletenl\u0259r v\u0259 kitablar haz\u0131rlay\u0131r. H\u0259m&ccedil;inin Az\u0259rbaycan bar\u0259sind\u0259 &laquo;100 suala cavab&raquo; kitab\u0131 n\u0259\u015fr olunub. Avropa Az\u0259rbaycan C\u0259miyy\u0259tinin h\u0259r ay i\u015f\u0131q &uuml;z&uuml; g&ouml;r\u0259n q\u0259zeti bir s\u0131ra Avropa &ouml;lk\u0259l\u0259rinin parlament &uuml;zvl\u0259rin\u0259 paylan\u0131r. C\u0259miyy\u0259tin Xocal\u0131 soyq\u0131r\u0131m\u0131 haqq\u0131nda n\u0259\u015fr etdiyimiz kitab da d&uuml;nyan\u0131n m&uuml;xt\u0259lif universitet v\u0259 institutlar\u0131na paylan\u0131b.<br \/>\nG&ouml;r&uuml;nd&uuml;y&uuml; kimi Avropa Az\u0259rbaycan C\u0259miyy\u0259tinin f\u0259aliyy\u0259t dair\u0259si geni\u015fdir. Bu is\u0259 &ouml;z-&ouml;zl&uuml;y&uuml;nd\u0259 onudem\u0259y\u0259 \u0259sas verir ki, d&ouml;vl\u0259t t\u0259r\u0259find\u0259n laz\u0131m\u0131 s\u0259viyy\u0259d\u0259 d\u0259st\u0259kl\u0259n\u0259n diaspor t\u0259\u015fkilatlar\u0131n\u0131n qazanaca\u011f\u0131 u\u011furlar v\u0259 Az\u0259rbaycan namin\u0259 g&ouml;r\u0259c\u0259yi t\u0259qdir\u0259layiq i\u015fl\u0259r &ouml;z b\u0259hr\u0259sini verir v\u0259 bu f\u0259aliyy\u0259t qar\u015f\u0131dak\u0131 ill\u0259rd\u0259 Az\u0259rbaycan\u0131n xaricd\u0259 tan\u0131d\u0131lmas\u0131nda daha b&ouml;y&uuml;k u\u011furlara s\u0259b\u0259b olacaq.&nbsp;<\/p>\n<p>&nbsp;<\/p>\n","protected":false},"excerpt":{"rendered":"<p>Diaspora Da\u011fl\u0131q Qaraba\u011f m&uuml;naqi\u015f\u0259si il\u0259 ba\u011fl\u0131 h\u0259qiq\u0259tl\u0259rin d&uuml;nya ictimaiyy\u0259tin\u0259 &ccedil;atd\u0131r\u0131lmas\u0131nda &ouml;n\u0259mli rol oynay\u0131r &nbsp;Avropa Az\u0259rbaycan C\u0259miyy\u0259ti Az\u0259rbaycan\u0131n diaspora t\u0259\u015fkilatlatlar\u0131 aras\u0131nda &ouml;z f\u0259aliyy\u0259ti il\u0259 se&ccedil;ilir. Avropa Az\u0259rbaycan C\u0259miyy\u0259ti 2008-ci ilin noyabr&hellip;<\/p>\n","protected":false},"author":1,"featured_media":251278,"comment_status":"open","ping_status":"open","sticky":false,"template":"","format":"standard","meta":{"_lmt_disableupdate":"","_lmt_disable":"","footnotes":""},"categories":[1],"tags":[],"class_list":["post-48389","post","type-post","status-publish","format-standard","has-post-thumbnail","hentry","category-esas"],"_links":{"self":[{"href":"https:\/\/ucnoqta.az\/index.php?rest_route=\/wp\/v2\/posts\/48389","targetHints":{"allow":["GET"]}}],"collection":[{"href":"https:\/\/ucnoqta.az\/index.php?rest_route=\/wp\/v2\/posts"}],"about":[{"href":"https:\/\/ucnoqta.az\/index.php?rest_route=\/wp\/v2\/types\/post"}],"author":[{"embeddable":true,"href":"https:\/\/ucnoqta.az\/index.php?rest_route=\/wp\/v2\/users\/1"}],"replies":[{"embeddable":true,"href":"https:\/\/ucnoqta.az\/index.php?rest_route=%2Fwp%2Fv2%2Fcomments&post=48389"}],"version-history":[{"count":0,"href":"https:\/\/ucnoqta.az\/index.php?rest_route=\/wp\/v2\/posts\/48389\/revisions"}],"wp:featuredmedia":[{"embeddable":true,"href":"https:\/\/ucnoqta.az\/index.php?rest_route=\/wp\/v2\/media\/251278"}],"wp:attachment":[{"href":"https:\/\/ucnoqta.az\/index.php?rest_route=%2Fwp%2Fv2%2Fmedia&parent=48389"}],"wp:term":[{"taxonomy":"category","embeddable":true,"href":"https:\/\/ucnoqta.az\/index.php?rest_route=%2Fwp%2Fv2%2Fcategories&post=48389"},{"taxonomy":"post_tag","embeddable":true,"href":"https:\/\/ucnoqta.az\/index.php?rest_route=%2Fwp%2Fv2%2Ftags&post=48389"}],"curies":[{"name":"wp","href":"https:\/\/api.w.org\/{rel}","templated":true}]}}