{"id":48383,"date":"2017-07-14T13:40:05","date_gmt":"2017-07-14T09:40:05","guid":{"rendered":""},"modified":"-0001-11-30T00:00:00","modified_gmt":"-0001-11-29T20:00:00","slug":"","status":"publish","type":"post","link":"https:\/\/ucnoqta.az\/?p=48383","title":{"rendered":"<b>Ordudan t\u0259rxis olunmu\u015f S\u0259bailli g\u0259ncl\u0259rl\u0259 g\u00f6r\u00fc\u015f ke\u00e7irilib<\/b>"},"content":{"rendered":"<p><span style=\"line-height: 1.6em;\">Az\u0259rbaycan Silahl\u0131 Q&uuml;vv\u0259l\u0259rinin s\u0131ralar\u0131ndan yeni t\u0259rxis olunmu\u015f bir qrup S\u0259bailli g\u0259ncl\u0259 g&ouml;r&uuml;\u015f ke&ccedil;irilib. Az\u0259rbaycan V\u0259t\u0259n M&uuml;harib\u0259si Veteranlar\u0131 Birliyi S\u0259bail rayon t\u0259\u015fkilat\u0131n\u0131n &laquo;\u015e\u0259hidl\u0259r Xiyaban\u0131&raquo;ndak\u0131 q\u0259rargah\u0131nda Rayon \u0130cra Hakimiyy\u0259ti, YAP S\u0259bail Rayon t\u0259\u015fkilat\u0131, S\u0259f\u0259rb\u0259rlik v\u0259 H\u0259rbi Xidm\u0259t\u0259 &Ccedil;a\u011f\u0131r\u0131\u015f &uuml;zr\u0259 D&ouml;vl\u0259t Xidm\u0259tinin S\u0259bail Rayon \u0130dar\u0259sinin, Veteran T\u0259\u015fkilatlar\u0131 \u015euralar\u0131n\u0131n, Az\u0259rbaycan V\u0259t\u0259n M&uuml;harib\u0259si Veteranlar\u0131 Birliyinin, rayondak\u0131 bir s\u0131ra ictimai t\u0259\u015fkilatlar\u0131n, yerli b\u0259l\u0259diyy\u0259l\u0259rin, t\u0259rxis olunmu\u015f g\u0259ncl\u0259rin valideynl\u0259rin, rayon ictimaiyy\u0259tinin &nbsp;n&uuml;may\u0259nd\u0259l\u0259rinin i\u015ftirak\u0131 il\u0259 ke&ccedil;iril\u0259n g&ouml;r&uuml;\u015f&uuml;n \u0259vv\u0259lind\u0259 Az\u0259rbaycan\u0131n \u0259razi b&uuml;t&ouml;vl&uuml;y&uuml; v\u0259 suverenliyi u\u011frunda \u015f\u0259hid olan V\u0259t\u0259n &ouml;vladlar\u0131n\u0131n xatir\u0259si bir d\u0259qiq\u0259lik s&uuml;kutla yad edilib.<\/span><\/p>\n<p>S\u0259bail rayon \u0130cra Hakimiyy\u0259ti ba\u015f&ccedil;\u0131s\u0131n\u0131n m&uuml;avini Eldar A\u011fayev ordu s\u0131ralar\u0131ndan t\u0259rxis olunmu\u015f g\u0259ncl\u0259ri h\u0259rbi xidm\u0259tl\u0259rini \u015f\u0259r\u0259fl\u0259 ba\u015fa vurmalar\u0131 m&uuml;nasib\u0259til\u0259 t\u0259brik edib. O, g\u0259ncl\u0259rin \u015f\u0259xsiyy\u0259t kimi formala\u015fmas\u0131nda h\u0259qiqi h\u0259rbi xidm\u0259tin \u0259h\u0259miyy\u0259tind\u0259n, &ouml;lk\u0259mizin t\u0259hl&uuml;k\u0259sizliyi v\u0259 m&uuml;dafi\u0259sinin t\u0259minind\u0259 Silahl\u0131 Q&uuml;vv\u0259l\u0259rimizin h\u0259rbi q&uuml;dr\u0259tind\u0259n s&ouml;z a&ccedil;\u0131b. Eldar A\u011fayev &uuml;mummilli lider Heyd\u0259r \u018fliyev t\u0259r\u0259find\u0259n \u0259sas\u0131 qoyulan ordu quruculu\u011fu siyas\u0259tinin haz\u0131rda Silahl\u0131 Q&uuml;vv\u0259l\u0259rin Ali Ba\u015f Komandan\u0131, Prezident \u0130lham \u018fliyevin r\u0259hb\u0259rliyi il\u0259 u\u011furla davam etdirildiyini vur\u011fulayaraq, aprel d&ouml;y&uuml;\u015fl\u0259ri zaman\u0131 m\u0259nfur erm\u0259ni i\u015f\u011fal&ccedil;\u0131lar\u0131 t\u0259r\u0259find\u0259n m&ouml;vqel\u0259rimiz\u0259 v\u0259 ya\u015fay\u0131\u015f m\u0259nt\u0259q\u0259l\u0259rin\u0259 edil\u0259n h&uuml;cumun qar\u015f\u0131s\u0131n\u0131n Az\u0259rbaycan Ordusu t\u0259r\u0259find\u0259n q\u0259tiyy\u0259tl\u0259 al\u0131nd\u0131\u011f\u0131n\u0131 v\u0259 d&uuml;\u015fm\u0259n\u0259 sars\u0131d\u0131c\u0131 z\u0259rb\u0259 endirildiyini bildirib. Bu q\u0259l\u0259b\u0259 b&uuml;t&uuml;n d&uuml;nyaya b\u0259yan etdi ki, Milli Ordumuz Prezident, Ali Ba\u015f Komandan \u0130lham \u018fliyevin r\u0259hb\u0259rliyi il\u0259 i\u015f\u011fal&ccedil;\u0131 q&uuml;vv\u0259l\u0259ri do\u011fma torpaqlar\u0131m\u0131zdan &ccedil;\u0131xarma\u011fa h\u0259r an haz\u0131rd\u0131r.<br \/>\nS\u0259f\u0259rb\u0259rlik v\u0259 H\u0259rbi Xidm\u0259t\u0259 &Ccedil;a\u011f\u0131r\u0131\u015f &uuml;zr\u0259 D&ouml;vl\u0259t Xidm\u0259tinin S\u0259bail rayon idar\u0259sinin r\u0259isi, polkovnik Polad \u0130brahimov bildirdi ki, V\u0259t\u0259n\u0259 xidm\u0259t etm\u0259k h\u0259m m&uuml;q\u0259dd\u0259s, h\u0259m d\u0259 &ccedil;ox m\u0259suliyy\u0259tli v\u0259zif\u0259dir. \u018fsg\u0259r v\u0259 zabitl\u0259rimizin aprel d&ouml;y&uuml;\u015fl\u0259rind\u0259ki q\u0259l\u0259b\u0259si b&uuml;t&uuml;n d&uuml;nyaya g&ouml;st\u0259rdi ki, Milli Ordumuz &ouml;z r\u0259\u015fad\u0259ti il\u0259 torpaqlar\u0131m\u0131z\u0131 azad etm\u0259y\u0259 qadirdir. H\u0259r k\u0259s mobil v\u0259 y&uuml;ks\u0259k d&ouml;y&uuml;\u015f haz\u0131rl\u0131\u011f\u0131na malik Az\u0259rbaycan Silahl\u0131 Q&uuml;vv\u0259l\u0259rinin h\u0259qiq\u0259t\u0259n regionun \u0259n g&uuml;cl&uuml; ordusu oldu\u011funu g&ouml;rd&uuml;. G\u0259ncl\u0259rimiz bel\u0259 bir orduda xidm\u0259t edib h\u0259rbi sirl\u0259r\u0259 d\u0259rind\u0259n yiy\u0259l\u0259nm\u0259kl\u0259 Az\u0259rbaycan \u0259sg\u0259rinin ad\u0131n\u0131 \u015f\u0259r\u0259fl\u0259 do\u011fruldub. Ordumuzun aprel &nbsp;q\u0259l\u0259b\u0259si biz\u0259 b&ouml;y&uuml;k inam v\u0259 &uuml;mid b\u0259x\u015f etdi.<br \/>\nG&ouml;r&uuml;\u015fd\u0259 &ccedil;\u0131x\u0131\u015f ed\u0259n YAP S\u0259bail Rayon t\u0259\u015fkilat\u0131n\u0131n aparat r\u0259hb\u0259ri Z\u0259f\u0259r Bayramov, &nbsp;Az\u0259rbaycan V\u0259t\u0259n M&uuml;harib\u0259si Veteranlar\u0131 Birliyi S\u0259bail rayon t\u0259\u015fkilat\u0131n\u0131n s\u0259dri \u0130lham \u018fliyev, &nbsp;Az\u0259rbaycan Respublikas\u0131 Veteranlar \u015euras\u0131 s\u0259drinin m&uuml;avini, polkovnik C\u0259lil X\u0259lilov, Beyn\u0259lxalq Avrasiya M\u0259tbuat Fondunun s\u0259dri &Uuml;mid Mirz\u0259yev, Qaraba\u011f m&uuml;harib\u0259si veteran\u0131 B\u0259hram A\u011faki\u015fiyev, &nbsp;\u018fm\u0259k veteran\u0131, jurnalist, professor hac\u0131 Tofiq Seyidzad\u0259, &nbsp;Aprel d&ouml;y&uuml;\u015fl\u0259rinin i\u015ftirak&ccedil;\u0131s\u0131 V\u0259li \u018fs\u0259dov, &nbsp; valideynl\u0259r g\u0259ncl\u0259ri bu \u015f\u0259r\u0259fli missiyan\u0131 u\u011furla ba\u015fa vurduqlar\u0131na g&ouml;r\u0259 t\u0259brik edib, &ouml;z t&ouml;vsiy\u0259l\u0259rini verdil\u0259r.<br \/>\nSonra ordu s\u0131ralar\u0131ndan t\u0259rxis olunmu\u015f v\u0259 h\u0259rbi xidm\u0259t zaman\u0131 f\u0259rql\u0259n\u0259n g\u0259ncl\u0259r\u0259 h\u0259diyy\u0259l\u0259r t\u0259qdim edilib.<\/p>\n<p>\nElmin<\/p>\n","protected":false},"excerpt":{"rendered":"<p>Az\u0259rbaycan Silahl\u0131 Q&uuml;vv\u0259l\u0259rinin s\u0131ralar\u0131ndan yeni t\u0259rxis olunmu\u015f bir qrup S\u0259bailli g\u0259ncl\u0259 g&ouml;r&uuml;\u015f ke&ccedil;irilib. Az\u0259rbaycan V\u0259t\u0259n M&uuml;harib\u0259si Veteranlar\u0131 Birliyi S\u0259bail rayon t\u0259\u015fkilat\u0131n\u0131n &laquo;\u015e\u0259hidl\u0259r Xiyaban\u0131&raquo;ndak\u0131 q\u0259rargah\u0131nda Rayon \u0130cra Hakimiyy\u0259ti, YAP S\u0259bail Rayon&hellip;<\/p>\n","protected":false},"author":1,"featured_media":251278,"comment_status":"open","ping_status":"open","sticky":false,"template":"","format":"standard","meta":{"_lmt_disableupdate":"","_lmt_disable":"","footnotes":""},"categories":[91],"tags":[],"class_list":["post-48383","post","type-post","status-publish","format-standard","has-post-thumbnail","hentry","category-olkeici"],"_links":{"self":[{"href":"https:\/\/ucnoqta.az\/index.php?rest_route=\/wp\/v2\/posts\/48383","targetHints":{"allow":["GET"]}}],"collection":[{"href":"https:\/\/ucnoqta.az\/index.php?rest_route=\/wp\/v2\/posts"}],"about":[{"href":"https:\/\/ucnoqta.az\/index.php?rest_route=\/wp\/v2\/types\/post"}],"author":[{"embeddable":true,"href":"https:\/\/ucnoqta.az\/index.php?rest_route=\/wp\/v2\/users\/1"}],"replies":[{"embeddable":true,"href":"https:\/\/ucnoqta.az\/index.php?rest_route=%2Fwp%2Fv2%2Fcomments&post=48383"}],"version-history":[{"count":0,"href":"https:\/\/ucnoqta.az\/index.php?rest_route=\/wp\/v2\/posts\/48383\/revisions"}],"wp:featuredmedia":[{"embeddable":true,"href":"https:\/\/ucnoqta.az\/index.php?rest_route=\/wp\/v2\/media\/251278"}],"wp:attachment":[{"href":"https:\/\/ucnoqta.az\/index.php?rest_route=%2Fwp%2Fv2%2Fmedia&parent=48383"}],"wp:term":[{"taxonomy":"category","embeddable":true,"href":"https:\/\/ucnoqta.az\/index.php?rest_route=%2Fwp%2Fv2%2Fcategories&post=48383"},{"taxonomy":"post_tag","embeddable":true,"href":"https:\/\/ucnoqta.az\/index.php?rest_route=%2Fwp%2Fv2%2Ftags&post=48383"}],"curies":[{"name":"wp","href":"https:\/\/api.w.org\/{rel}","templated":true}]}}