{"id":48381,"date":"2017-07-14T11:41:06","date_gmt":"2017-07-14T07:41:06","guid":{"rendered":""},"modified":"-0001-11-30T00:00:00","modified_gmt":"-0001-11-29T20:00:00","slug":"","status":"publish","type":"post","link":"https:\/\/ucnoqta.az\/?p=48381","title":{"rendered":"<b><font color=red>B\u00fct\u00fcn bu u\u011furlar\u0131n \u0259sas\u0131n\u0131 \u00fcmummilli lider Heyd\u0259r \u018fliyev qoyub<\/font><\/b>"},"content":{"rendered":"<p>&Uuml;mummilli Lider Heyd\u0259r \u018fliyevin birinci d\u0259f\u0259 hakimiyy\u0259t\u0259 g\u0259ldiyi 14 iyul 1969-cu il tarixd\u0259n sonra Az\u0259rbaycanda b&ouml;y&uuml;k bir inki\u015faf v\u0259 quruculuq d&ouml;vr&uuml; ba\u015flad\u0131. H\u0259m d&ouml;vl\u0259tin idar\u0259 etm\u0259si sah\u0259sind\u0259, h\u0259m d\u0259 &ouml;lk\u0259 iqtisadiyyat\u0131nda, eyni zamanda, s\u0259nayed\u0259 b&ouml;y&uuml;k d\u0259yi\u015fiklikl\u0259r\u0259, u\u011furlara nail olundu. Az\u0259rbaycan\u0131n o vaxt SSR\u0130 miqyas\u0131nda n&uuml;fuzunun artmas\u0131nda Dahi &Ouml;nd\u0259rimizin m&uuml;dirik, uzaqg&ouml;r\u0259n siyas\u0259ti m&uuml;h&uuml;m rol oynam\u0131\u015fd\u0131r. Birm\u0259nal\u0131 t\u0259rzd\u0259, dem\u0259k olar ki, 14 iyul 1969-cu ild\u0259 Ulu &Ouml;nd\u0259r Heyd\u0259r \u018fliyev birinci d\u0259f\u0259 hakimiyy\u0259t\u0259 g\u0259li\u015find\u0259n sonra respublikan\u0131n iqtisadiyyat\u0131, s\u0259nayesi \u0259n y&uuml;ks\u0259k s\u0259viyy\u0259d\u0259 inki\u015faf etm\u0259y\u0259 ba\u015flad\u0131. Az\u0259rbaycanda pamb\u0131q&ccedil;\u0131l\u0131q, neft s\u0259nayesi, ma\u015f\u0131nqay\u0131rma s\u0259nayesi, k\u0259nd t\u0259s\u0259rr&uuml;fat\u0131 v\u0259 dig\u0259r sah\u0259l\u0259rd\u0259 &ccedil;ox b&ouml;y&uuml;k u\u011furlar v\u0259 nailiyy\u0259tl\u0259r \u0259ld\u0259 edildi. Ulu &Ouml;nd\u0259r Heyd\u0259r \u018fliyevin n&uuml;fuzu, dahi olmas\u0131 v\u0259 Onun \u015f\u0259xsiyy\u0259ti imkan verdi ki, SSR\u0130 r\u0259hb\u0259rliyi Az\u0259rbaycana uy\u011fun bir davran\u0131\u015f g&ouml;st\u0259rsin. T\u0259bii ki, \u0130ttifaq respublikalar\u0131 aras\u0131nda Az\u0259rbaycan\u0131n tan\u0131nmas\u0131, nufuz sahibi olmas\u0131 &Uuml;mummilli Lider Heyd\u0259r \u018fliyevin \u015f\u0259xsi n&uuml;fuzu v\u0259 Onun Liderlik keyfiyy\u0259tl\u0259ri il\u0259 ba\u011fl\u0131 idi. O zaman \u0259sas\u0131 qoyulan siyas\u0259t m&uuml;st\u0259qil Az\u0259rbaycan\u0131n qurulmas\u0131nda baza rolunu da oynam\u0131\u015f oldu. &Uuml;mummilli lider Heyd\u0259r \u018fliyevin Az\u0259rbaycanda ikinci d\u0259f\u0259 hakimiyy\u0259t\u0259 g\u0259li\u015find\u0259n sonra quruculuq-abadl\u0131q i\u015fl\u0259ri, iqtisadi islahalar daha geni\u015f xarakter ald\u0131. Ulu &ouml;nd\u0259r Heyd\u0259r \u018fliyev olmasayd\u0131, \u0259lb\u0259tt\u0259 ki, Az\u0259rbaycan\u0131n bug&uuml;nk&uuml; b&ouml;y&uuml;k inki\u015faf\u0131ndan, quruculu\u011fundan, d&ouml;vl\u0259t&ccedil;ilik \u0259n\u0259n\u0259sind\u0259n v\u0259 \u0259ld\u0259 etdiyi b&ouml;y&uuml;k u\u011furlardan dan\u0131\u015fmaq m&uuml;mk&uuml;n olmazd\u0131. Az\u0259rbaycan\u0131n\u0131n m&uuml;st\u0259qilliyinin m&ouml;hk\u0259ml\u0259nm\u0259sind\u0259 v\u0259 inki\u015faf\u0131nda, xalq\u0131m\u0131z\u0131n firavan, t\u0259hl&uuml;k\u0259siz h\u0259yat\u0131n\u0131n t\u0259min olunmas\u0131nda Ulu &ouml;nd\u0259r Heyd\u0259r \u018fliyevin &ccedil;ox b&ouml;y&uuml;k xidm\u0259tl\u0259ri var. \u018fsas\u0131 qoyulan siays\u0259t &Uuml;mummilli lider Heyd\u0259r \u018fliyevin layiqli varisi, &ouml;lk\u0259 Prezidenti \u0130lham \u018fliyev t\u0259r\u0259find\u0259n u\u011furla davam etdirilir. Apar\u0131lan d&uuml;zg&uuml;n xarici siyas\u0259t, imkan verir ki, Az\u0259rbaycan bu g&uuml;n b&uuml;t&uuml;n d&uuml;nyada &ouml;z s&ouml;z&uuml;n&uuml; desin. O c&uuml;ml\u0259d\u0259n, bu g&uuml;n f\u0259xrl\u0259 dey\u0259 bil\u0259rik ki, &ouml;lk\u0259miz C\u0259nubi Qafqaz\u0131n lider d&ouml;vl\u0259tin\u0259 &ccedil;evrilib. B&uuml;t&uuml;n bu u\u011furlar\u0131n \u0259sas\u0131n\u0131 &uuml;mummilli lider Heyd\u0259r \u018fliyev qoyub.<\/p>\n<p>&nbsp;<\/p>\n<p><strong>Rufiz Qonaqov,<\/strong><br \/>\nPrezident yan\u0131nda QHT-l\u0259r\u0259 D&ouml;vl\u0259t D\u0259st\u0259yi \u015euras\u0131n\u0131n &uuml;zv&uuml;,<br \/>\nBMAM s\u0259dri<\/p>\n","protected":false},"excerpt":{"rendered":"<p>&Uuml;mummilli Lider Heyd\u0259r \u018fliyevin birinci d\u0259f\u0259 hakimiyy\u0259t\u0259 g\u0259ldiyi 14 iyul 1969-cu il tarixd\u0259n sonra Az\u0259rbaycanda b&ouml;y&uuml;k bir inki\u015faf v\u0259 quruculuq d&ouml;vr&uuml; ba\u015flad\u0131. H\u0259m d&ouml;vl\u0259tin idar\u0259 etm\u0259si sah\u0259sind\u0259, h\u0259m d\u0259 &ouml;lk\u0259&hellip;<\/p>\n","protected":false},"author":1,"featured_media":251278,"comment_status":"open","ping_status":"open","sticky":false,"template":"","format":"standard","meta":{"_lmt_disableupdate":"","_lmt_disable":"","footnotes":""},"categories":[86],"tags":[],"class_list":["post-48381","post","type-post","status-publish","format-standard","has-post-thumbnail","hentry","category-siyaset"],"_links":{"self":[{"href":"https:\/\/ucnoqta.az\/index.php?rest_route=\/wp\/v2\/posts\/48381","targetHints":{"allow":["GET"]}}],"collection":[{"href":"https:\/\/ucnoqta.az\/index.php?rest_route=\/wp\/v2\/posts"}],"about":[{"href":"https:\/\/ucnoqta.az\/index.php?rest_route=\/wp\/v2\/types\/post"}],"author":[{"embeddable":true,"href":"https:\/\/ucnoqta.az\/index.php?rest_route=\/wp\/v2\/users\/1"}],"replies":[{"embeddable":true,"href":"https:\/\/ucnoqta.az\/index.php?rest_route=%2Fwp%2Fv2%2Fcomments&post=48381"}],"version-history":[{"count":0,"href":"https:\/\/ucnoqta.az\/index.php?rest_route=\/wp\/v2\/posts\/48381\/revisions"}],"wp:featuredmedia":[{"embeddable":true,"href":"https:\/\/ucnoqta.az\/index.php?rest_route=\/wp\/v2\/media\/251278"}],"wp:attachment":[{"href":"https:\/\/ucnoqta.az\/index.php?rest_route=%2Fwp%2Fv2%2Fmedia&parent=48381"}],"wp:term":[{"taxonomy":"category","embeddable":true,"href":"https:\/\/ucnoqta.az\/index.php?rest_route=%2Fwp%2Fv2%2Fcategories&post=48381"},{"taxonomy":"post_tag","embeddable":true,"href":"https:\/\/ucnoqta.az\/index.php?rest_route=%2Fwp%2Fv2%2Ftags&post=48381"}],"curies":[{"name":"wp","href":"https:\/\/api.w.org\/{rel}","templated":true}]}}