{"id":48376,"date":"2017-07-13T18:45:15","date_gmt":"2017-07-13T14:45:15","guid":{"rendered":""},"modified":"-0001-11-30T00:00:00","modified_gmt":"-0001-11-29T20:00:00","slug":"","status":"publish","type":"post","link":"https:\/\/ucnoqta.az\/?p=48376","title":{"rendered":"Az\u0259rbaycan Prezidenti:<font color=red><b> Da\u011fl\u0131q Qaraba\u011f m\u00fcnaqi\u015f\u0259sinin \u0259dal\u0259tli h\u0259llind\u0259 Fransan\u0131n s\u0259yl\u0259rin\u0259 b\u00f6y\u00fck \u00fcmidl\u0259r b\u0259sl\u0259yirik<\/b><\/font>"},"content":{"rendered":"<p><span style=\"line-height: 1.6em;\">Az\u0259rbaycan Prezidenti \u0130lham \u018fliyev Fransa Prezidenti Emmanuel Makronu t\u0259brik edib.<\/span><\/p>\n<p>T\u0259brikd\u0259 deyilir:<\/p>\n<p>&quot;H&ouml;rm\u0259tli c\u0259nab Prezident,<\/p>\n<p>Fransa Respublikas\u0131n\u0131n milli bayram\u0131 m&uuml;nasib\u0259til\u0259 Sizi v\u0259 Sizin siman\u0131zda b&uuml;t&uuml;n xalq\u0131n\u0131z\u0131 \u015f\u0259xs\u0259n &ouml;z ad\u0131mdan v\u0259 Az\u0259rbaycan xalq\u0131 ad\u0131ndan s\u0259mimi q\u0259lbd\u0259n t\u0259brik edir\u0259m.<\/p>\n<p>Biz z\u0259ngin \u0259n\u0259n\u0259l\u0259r\u0259 malik Az\u0259rbaycan-Fransa m&uuml;nasib\u0259tl\u0259rin\u0259 x&uuml;susi \u0259h\u0259miyy\u0259t veririk. M\u0259mnunluqla qeyd etm\u0259k ist\u0259rdim ki, &ouml;lk\u0259l\u0259rimiz aras\u0131nda diplomatik \u0259laq\u0259l\u0259rin qurulmas\u0131n\u0131n 25 illik tarixi \u0259rzind\u0259 ikit\u0259r\u0259fli m&uuml;nasib\u0259tl\u0259rimiz yeni m\u0259zmun k\u0259sb etmi\u015f, dinamik inki\u015faf yolu ke&ccedil;mi\u015fdir.<\/p>\n<p>Bu g&uuml;n siyasi, iqtisadi, m\u0259d\u0259ni \u0259laq\u0259l\u0259rimiz m&uuml;v\u0259ff\u0259qiyy\u0259tl\u0259 inki\u015faf edir v\u0259 geni\u015fl\u0259nir. \u0130nan\u0131ram ki, ikit\u0259r\u0259fli v\u0259 &ccedil;oxt\u0259r\u0259fli qaydada qar\u015f\u0131l\u0131ql\u0131 faydal\u0131 \u0259m\u0259kda\u015fl\u0131\u011f\u0131m\u0131z\u0131n m&ouml;vcud potensial\u0131ndan daha s\u0259m\u0259r\u0259li istifad\u0259 etm\u0259k &uuml;&ccedil;&uuml;n birg\u0259 s\u0259yl\u0259r g&ouml;st\u0259r\u0259c\u0259yik.<\/p>\n<p>Biz, h\u0259m&ccedil;inin Erm\u0259nistan t\u0259r\u0259find\u0259n Az\u0259rbaycan torpaqlar\u0131n\u0131n i\u015f\u011fal\u0131na son qoyulmas\u0131, i\u015f\u011fal n\u0259tic\u0259sind\u0259 qa&ccedil;q\u0131n v\u0259 m\u0259cburi k&ouml;&ccedil;k&uuml;n v\u0259ziyy\u0259tin\u0259 d&uuml;\u015fm&uuml;\u015f bir milyondan &ccedil;ox soyda\u015f\u0131m\u0131z\u0131n &ouml;z do\u011fma yurd-yuvas\u0131na qay\u0131tmas\u0131 &uuml;&ccedil;&uuml;n Da\u011fl\u0131q Qaraba\u011f m&uuml;naqi\u015f\u0259sinin beyn\u0259lxalq h&uuml;quq normalar\u0131na uy\u011fun olaraq Az\u0259rbaycan\u0131n \u0259razi b&uuml;t&ouml;vl&uuml;y&uuml; &ccedil;\u0259r&ccedil;iv\u0259sind\u0259, s&uuml;lh yolu il\u0259 v\u0259 \u0259dal\u0259tli h\u0259llind\u0259 AT\u018fT-in Minsk qrupunun h\u0259ms\u0259dri kimi Fransan\u0131n v\u0259 \u015f\u0259xs\u0259n Sizin, c\u0259nab Prezident, s\u0259yl\u0259riniz\u0259 b&ouml;y&uuml;k &uuml;midl\u0259r b\u0259sl\u0259yirik.<\/p>\n<p>Bel\u0259 bir \u0259lam\u0259tdar g&uuml;nd\u0259 Siz\u0259 m&ouml;hk\u0259m cansa\u011fl\u0131\u011f\u0131, i\u015fl\u0259rinizd\u0259 u\u011furlar, dost Fransa xalq\u0131na daim \u0259min-amanl\u0131q v\u0259 firavanl\u0131q arzulay\u0131ram&quot;.<\/p>\n","protected":false},"excerpt":{"rendered":"<p>Az\u0259rbaycan Prezidenti \u0130lham \u018fliyev Fransa Prezidenti Emmanuel Makronu t\u0259brik edib. T\u0259brikd\u0259 deyilir: &quot;H&ouml;rm\u0259tli c\u0259nab Prezident, Fransa Respublikas\u0131n\u0131n milli bayram\u0131 m&uuml;nasib\u0259til\u0259 Sizi v\u0259 Sizin siman\u0131zda b&uuml;t&uuml;n xalq\u0131n\u0131z\u0131 \u015f\u0259xs\u0259n &ouml;z ad\u0131mdan v\u0259&hellip;<\/p>\n","protected":false},"author":1,"featured_media":251278,"comment_status":"open","ping_status":"open","sticky":false,"template":"","format":"standard","meta":{"_lmt_disableupdate":"","_lmt_disable":"","footnotes":""},"categories":[],"tags":[],"class_list":["post-48376","post","type-post","status-publish","format-standard","has-post-thumbnail","hentry"],"_links":{"self":[{"href":"https:\/\/ucnoqta.az\/index.php?rest_route=\/wp\/v2\/posts\/48376","targetHints":{"allow":["GET"]}}],"collection":[{"href":"https:\/\/ucnoqta.az\/index.php?rest_route=\/wp\/v2\/posts"}],"about":[{"href":"https:\/\/ucnoqta.az\/index.php?rest_route=\/wp\/v2\/types\/post"}],"author":[{"embeddable":true,"href":"https:\/\/ucnoqta.az\/index.php?rest_route=\/wp\/v2\/users\/1"}],"replies":[{"embeddable":true,"href":"https:\/\/ucnoqta.az\/index.php?rest_route=%2Fwp%2Fv2%2Fcomments&post=48376"}],"version-history":[{"count":0,"href":"https:\/\/ucnoqta.az\/index.php?rest_route=\/wp\/v2\/posts\/48376\/revisions"}],"wp:featuredmedia":[{"embeddable":true,"href":"https:\/\/ucnoqta.az\/index.php?rest_route=\/wp\/v2\/media\/251278"}],"wp:attachment":[{"href":"https:\/\/ucnoqta.az\/index.php?rest_route=%2Fwp%2Fv2%2Fmedia&parent=48376"}],"wp:term":[{"taxonomy":"category","embeddable":true,"href":"https:\/\/ucnoqta.az\/index.php?rest_route=%2Fwp%2Fv2%2Fcategories&post=48376"},{"taxonomy":"post_tag","embeddable":true,"href":"https:\/\/ucnoqta.az\/index.php?rest_route=%2Fwp%2Fv2%2Ftags&post=48376"}],"curies":[{"name":"wp","href":"https:\/\/api.w.org\/{rel}","templated":true}]}}