{"id":48373,"date":"2017-07-13T18:01:26","date_gmt":"2017-07-13T14:01:26","guid":{"rendered":""},"modified":"-0001-11-30T00:00:00","modified_gmt":"-0001-11-29T20:00:00","slug":"","status":"publish","type":"post","link":"https:\/\/ucnoqta.az\/?p=48373","title":{"rendered":"\u0130taliyada futbol\u00e7u ana v\u0259 bac\u0131s\u0131n\u0131 q\u0259tl\u0259 yetirib"},"content":{"rendered":"<p><span style=\"line-height: 1.6em;\">&nbsp;\u0130taliya &ccedil;empionat\u0131n\u0131n V divizionunda &ccedil;\u0131x\u0131\u015f ed\u0259n &ldquo;\u0130moleze&rdquo; klubunun futbol&ccedil;usu Solomon Nyantaki anas\u0131n\u0131 v\u0259 bac\u0131s\u0131n\u0131 q\u0259til\u0259 yetirdiyini boynuna al\u0131b.&nbsp;<\/span><span style=\"line-height: 1.6em;\">&ldquo;Report&rdquo;un &ldquo;Football Italia&rdquo;ya istinad\u0259n verdiyi m\u0259lumata g&ouml;r\u0259, 21 ya\u015fl\u0131 qanal\u0131 yar\u0131mm&uuml;dafi\u0259&ccedil;i cinay\u0259ti Parma \u015f\u0259h\u0259rind\u0259ki \u015f\u0259xsi evind\u0259 t&ouml;r\u0259tdiyini etiraf edib. O, 43 ya\u015fl\u0131 anas\u0131n\u0131 v\u0259 11 ya\u015fl\u0131 bac\u0131s\u0131n\u0131 b\u0131&ccedil;aqla &ouml;ld&uuml;rd&uuml;y&uuml;n&uuml; s&ouml;yl\u0259yib.<\/span><\/p>\n<p>Qeyd ed\u0259k ki, Milanda Solomon Nyantaki 2015-ci ild\u0259 &ldquo;Parma&rdquo; klubunda &ccedil;\u0131x\u0131\u015f etdiyi d&ouml;vrd\u0259 \u0130taliyada \u0259n perspektivli futbol&ccedil;ulardan hesab olunub.<\/p>\n","protected":false},"excerpt":{"rendered":"<p>&nbsp;\u0130taliya &ccedil;empionat\u0131n\u0131n V divizionunda &ccedil;\u0131x\u0131\u015f ed\u0259n &ldquo;\u0130moleze&rdquo; klubunun futbol&ccedil;usu Solomon Nyantaki anas\u0131n\u0131 v\u0259 bac\u0131s\u0131n\u0131 q\u0259til\u0259 yetirdiyini boynuna al\u0131b.&nbsp;&ldquo;Report&rdquo;un &ldquo;Football Italia&rdquo;ya istinad\u0259n verdiyi m\u0259lumata g&ouml;r\u0259, 21 ya\u015fl\u0131 qanal\u0131 yar\u0131mm&uuml;dafi\u0259&ccedil;i cinay\u0259ti Parma&hellip;<\/p>\n","protected":false},"author":1,"featured_media":251278,"comment_status":"open","ping_status":"open","sticky":false,"template":"","format":"standard","meta":{"_lmt_disableupdate":"","_lmt_disable":"","footnotes":""},"categories":[90],"tags":[],"class_list":["post-48373","post","type-post","status-publish","format-standard","has-post-thumbnail","hentry","category-idman-butun-xeberler"],"_links":{"self":[{"href":"https:\/\/ucnoqta.az\/index.php?rest_route=\/wp\/v2\/posts\/48373","targetHints":{"allow":["GET"]}}],"collection":[{"href":"https:\/\/ucnoqta.az\/index.php?rest_route=\/wp\/v2\/posts"}],"about":[{"href":"https:\/\/ucnoqta.az\/index.php?rest_route=\/wp\/v2\/types\/post"}],"author":[{"embeddable":true,"href":"https:\/\/ucnoqta.az\/index.php?rest_route=\/wp\/v2\/users\/1"}],"replies":[{"embeddable":true,"href":"https:\/\/ucnoqta.az\/index.php?rest_route=%2Fwp%2Fv2%2Fcomments&post=48373"}],"version-history":[{"count":0,"href":"https:\/\/ucnoqta.az\/index.php?rest_route=\/wp\/v2\/posts\/48373\/revisions"}],"wp:featuredmedia":[{"embeddable":true,"href":"https:\/\/ucnoqta.az\/index.php?rest_route=\/wp\/v2\/media\/251278"}],"wp:attachment":[{"href":"https:\/\/ucnoqta.az\/index.php?rest_route=%2Fwp%2Fv2%2Fmedia&parent=48373"}],"wp:term":[{"taxonomy":"category","embeddable":true,"href":"https:\/\/ucnoqta.az\/index.php?rest_route=%2Fwp%2Fv2%2Fcategories&post=48373"},{"taxonomy":"post_tag","embeddable":true,"href":"https:\/\/ucnoqta.az\/index.php?rest_route=%2Fwp%2Fv2%2Ftags&post=48373"}],"curies":[{"name":"wp","href":"https:\/\/api.w.org\/{rel}","templated":true}]}}