{"id":48372,"date":"2017-07-13T17:45:30","date_gmt":"2017-07-13T13:45:30","guid":{"rendered":""},"modified":"-0001-11-30T00:00:00","modified_gmt":"-0001-11-29T20:00:00","slug":"","status":"publish","type":"post","link":"https:\/\/ucnoqta.az\/?p=48372","title":{"rendered":"V\u00fcqar S\u0259f\u0259rli: <font color=red><b>&#8220;\u0130lkin olaraq m\u0259nzill\u0259rin veril\u0259c\u0259yi 255 K\u0130V \u0259m\u0259kda\u015f\u0131n\u0131n ad\u0131 m\u00fc\u0259yy\u0259nl\u0259\u015fib&#8221;<\/b><\/font>"},"content":{"rendered":"<p><span style=\"line-height: 1.6em;\">&quot;K\u0130V \u0259m\u0259kda\u015flar\u0131na m\u0259nzill\u0259rin verilm\u0259si il\u0259 ba\u011fl\u0131 yarad\u0131lm\u0131\u015f komissiyaya daxil olmu\u015f m&uuml;raci\u0259tl\u0259rin ara\u015fd\u0131r\u0131lmas\u0131 art\u0131q ba\u015fa &ccedil;at\u0131b&quot;. Ucnoqta.az x\u0259b\u0259r verir ki. b<\/span><span style=\"line-height: 1.6em;\">unu APA-ya a&ccedil;\u0131qlamas\u0131nda Az\u0259rbaycan Respublikas\u0131 Prezidenti yan\u0131nda K&uuml;tl\u0259vi \u0130nformasiya Vasit\u0259l\u0259rinin \u0130nki\u015faf\u0131na D&ouml;vl\u0259t D\u0259st\u0259yi Fondunun icra&ccedil;\u0131 direktoru, K\u0130V \u0259m\u0259kda\u015flar\u0131na m\u0259nzill\u0259rin verilm\u0259si il\u0259 ba\u011fl\u0131 yarad\u0131lm\u0131\u015f komissiyan\u0131n s\u0259dri V&uuml;qar S\u0259f\u0259rli deyib.<\/span><br \/>\n<span style=\"line-height: 1.6em;\">C\u0259nab Prezident jurnalistl\u0259rin m\u0259nzil-m\u0259i\u015f\u0259t \u015f\u0259raitinin yax\u015f\u0131la\u015fd\u0131r\u0131lmas\u0131 m\u0259qs\u0259dil\u0259 h\u0259yata ke&ccedil;iril\u0259n t\u0259dbirl\u0259r zaman\u0131 subyektiv yana\u015fmaya, x&uuml;susil\u0259 d\u0259 qeyri-qanuni \u0259m\u0259ll\u0259r\u0259 yol verilm\u0259m\u0259si bar\u0259d\u0259 ciddi tap\u015f\u0131r\u0131q verib.<\/span><br \/>\n<span style=\"line-height: 1.6em;\">V. S\u0259f\u0259rli bildirib ki, meyarlara tam uy\u011fun g\u0259lm\u0259y\u0259n \u015f\u0259xsl\u0259r, \u0259sas\u0259n jurnalistikaya aidiyy\u0259ti olmayan m&uuml;xt\u0259lif pe\u015f\u0259 sahibl\u0259ri siyah\u0131dan &ccedil;\u0131xar\u0131ld\u0131qdan sonra qalm\u0131\u015f 1000-\u0259 yax\u0131n \u015f\u0259xsin namiz\u0259dliyi m&uuml;zakir\u0259 edilib v\u0259 &nbsp;ilkin olaraq 255 &nbsp;iddia&ccedil;\u0131n\u0131n ad\u0131 m&uuml;\u0259yy\u0259nl\u0259\u015fib.<\/span><br \/>\n<span style=\"line-height: 1.6em;\">&quot;Komissiya d&ouml;vl\u0259t ba\u015f&ccedil;\u0131s\u0131n\u0131n jurnalistl\u0259r\u0259 h\u0259diyy\u0259si olan m\u0259nzill\u0259rin b&ouml;lg&uuml;s&uuml;nd\u0259 h\u0259r hans\u0131 subyektivliy\u0259 yol verilm\u0259m\u0259si &uuml;&ccedil;&uuml;n \u0259vv\u0259lc\u0259d\u0259n b\u0259yan edilmi\u015f \u015f\u0259rtl\u0259r\u0259 ciddi riay\u0259t olunmas\u0131na q\u0259rar verib. Bunun n\u0259tic\u0259si olaraq &uuml;z\u0259rind\u0259 h\u0259bs olan, r\u0259hb\u0259rlik etdiyi v\u0259 ya &ccedil;al\u0131\u015fd\u0131\u011f\u0131 K\u0130V-in ad\u0131 M\u0259tbuat \u015euras\u0131n\u0131n &ldquo;qara siyah\u0131&rdquo;s\u0131nda ke&ccedil;\u0259n, Ba\u015f Prokurorluq t\u0259r\u0259find\u0259n x\u0259b\u0259rdarl\u0131q alm\u0131\u015f K\u0130V \u0259m\u0259kda\u015flar\u0131n\u0131n m&uuml;raci\u0259tl\u0259ri n\u0259z\u0259r\u0259 al\u0131nmay\u0131b. Eyni zamanda regionlarda i\u015fl\u0259y\u0259n, s\u0259n\u0259dl\u0259rind\u0259 ciddi &ccedil;at\u0131\u015fmazl\u0131qlar olan v\u0259 dig\u0259r s\u0259b\u0259bl\u0259r\u0259 g&ouml;r\u0259 \u015f\u0259rtl\u0259r\u0259 uy\u011fun g\u0259lm\u0259y\u0259n \u015f\u0259xsl\u0259r m&uuml;zakir\u0259d\u0259n k\u0259narla\u015fd\u0131r\u0131l\u0131b&quot; dey\u0259, V. S\u0259f\u0259rli qeyd edib.<\/span><br \/>\n<span style=\"line-height: 1.6em;\">H\u0259m&ccedil;inin, aidiyy\u0259ti orqanlar\u0131n x\u0259b\u0259rdarl\u0131qlar\u0131n\u0131n m&uuml;dd\u0259t limitinin m&uuml;\u0259yy\u0259n olunmas\u0131, h\u0259min d&ouml;vr \u0259rzind\u0259 qanunun t\u0259l\u0259bl\u0259rini t\u0259krar pozmayan K\u0130V-l\u0259rin siyah\u0131dan &ccedil;\u0131xar\u0131lmas\u0131 bar\u0259d\u0259 q\u0259rar q\u0259bul olunub.<\/span><br \/>\n<span style=\"line-height: 1.6em;\">Komissiya s\u0259dri onu da deyib ki, eyni yerd\u0259 3 il fasil\u0259siz i\u015f staj\u0131 kriteriyas\u0131 redaksiyalardan daxil olan t\u0259qdimatlara aid edilib: &quot;F\u0259rdi qaydada olan m&uuml;raci\u0259tl\u0259r\u0259 is\u0259 bu t\u0259l\u0259b \u015famil olunmay\u0131b&quot;.<\/span><br \/>\n<span style=\"line-height: 1.6em;\">V. S\u0259f\u0259rlinin s&ouml;zl\u0259rin\u0259 g&ouml;r\u0259, a&ccedil;\u0131qlanacaq siyah\u0131 media ictimaiyy\u0259ti &uuml;&ccedil;&uuml;n xeyli s&uuml;rpriz v\u0259d edir: &quot; Siyah\u0131da &ccedil;oxlu sayda median\u0131n inki\u015faf\u0131nda dan\u0131lmaz \u0259m\u0259yi olan qocaman jurnalistl\u0259rin, m&uuml;asir jurnalistikan\u0131n tan\u0131nm\u0131\u015f q\u0259l\u0259m sahibl\u0259rinin, jurnalist ail\u0259l\u0259rinin, v\u0259fat etmi\u015f K\u0130V n&uuml;may\u0259nd\u0259l\u0259rinin ail\u0259 &uuml;zvl\u0259rinin adlar\u0131 var&quot;.<\/span><br \/>\n<span style=\"line-height: 1.6em;\">Prezident \u0130lham \u018fliyev siyah\u0131da d&ouml;vl\u0259t orqanlar\u0131ndan daxil olan t\u0259qdimatlar\u0131n k\u0259skin azald\u0131lmas\u0131n\u0131 v\u0259 h\u0259min m\u0259nzill\u0259rin ehtiyac\u0131 olan K\u0130V \u0259m\u0259kda\u015flar\u0131 aras\u0131nda b&ouml;l&uuml;nm\u0259sini d\u0259 tap\u015f\u0131r\u0131b<\/span><br \/>\n<span style=\"line-height: 1.6em;\">Komissiya s\u0259dri deyib ki, bir s\u0131ra hallarda daxil olmu\u015f s\u0259n\u0259dl\u0259rd\u0259 z\u0259ruri m\u0259lumatlar\u0131n saxtala\u015fd\u0131r\u0131lmas\u0131na da rast g\u0259linib: &quot;Onlar\u0131n s\u0131ras\u0131nda i\u015f staj\u0131n\u0131n s&uuml;ni \u015f\u0259kild\u0259 art\u0131r\u0131lmas\u0131 v\u0259 bu m\u0259qs\u0259dl\u0259 \u0259m\u0259k kitab&ccedil;as\u0131na yanl\u0131\u015f m\u0259lumatlar\u0131n daxil edilm\u0259si, m\u0259nzil \u015f\u0259raiti v\u0259 ail\u0259 t\u0259rkibi bar\u0259d\u0259 d&uuml;zg&uuml;n m\u0259lumatlar\u0131n verilm\u0259m\u0259si v\u0259 s. m\u0259s\u0259l\u0259l\u0259r vard\u0131r. Bel\u0259 hallar da m&uuml;\u015fahid\u0259 olunub ki, m&uuml;raci\u0259t m&uuml;\u0259llifl\u0259ri m&uuml;xt\u0259lif ill\u0259rd\u0259, o c&uuml;ml\u0259d\u0259n 2017-ci ild\u0259 &ouml;z&uuml;n&uuml;n v\u0259 ail\u0259 &uuml;zvl\u0259rinin ad\u0131na olan m\u0259nzill\u0259rl\u0259 ba\u011fl\u0131 alq\u0131-satq\u0131 v\u0259 ba\u011f\u0131\u015flama \u0259m\u0259liyyatlar\u0131 ke&ccedil;iribl\u0259r v\u0259 haz\u0131rda evsiz olduqlar\u0131n\u0131 g&ouml;st\u0259rm\u0259y\u0259 &ccedil;al\u0131\u015f\u0131blar. Bel\u0259 hallar m&uuml;\u0259yy\u0259n edildikd\u0259, h\u0259min \u015f\u0259xsl\u0259r siyah\u0131dan &ccedil;\u0131xar\u0131l\u0131b&quot;.<\/span><br \/>\n<span style=\"line-height: 1.6em;\">V. S\u0259f\u0259rli &ouml;lk\u0259 ba\u015f&ccedil;\u0131s\u0131n\u0131n jurnalistl\u0259rin m\u0259nzil m\u0259s\u0259l\u0259si il\u0259 ba\u011fl\u0131 x&uuml;susi tap\u015f\u0131r\u0131qlar\u0131n\u0131n oldu\u011funu da deyib: &ldquo;C\u0259nab Prezident jurnalistl\u0259rin m\u0259nzil-m\u0259i\u015f\u0259t \u015f\u0259raitinin yax\u015f\u0131la\u015fd\u0131r\u0131lmas\u0131 m\u0259qs\u0259dil\u0259 h\u0259yata ke&ccedil;iril\u0259n t\u0259dbirl\u0259r zaman\u0131 subyektiv yana\u015fmaya, x&uuml;susil\u0259 d\u0259 qeyri-qanuni \u0259m\u0259ll\u0259r\u0259 yol verilm\u0259m\u0259si bar\u0259d\u0259 ciddi tap\u015f\u0131r\u0131q verib. Tap\u015f\u0131r\u0131\u011fa \u0259sas\u0259n, t\u0259qdimat ver\u0259n \u015f\u0259xsl\u0259rin &ndash; K\u0130V-l\u0259rin, &nbsp;d&ouml;vl\u0259t orqanlar\u0131n\u0131n v\u0259 s. qurumlar\u0131n r\u0259hb\u0259rl\u0259rinin &nbsp;\u015f\u0259xsi m\u0259nafed\u0259n &ccedil;\u0131x\u0131\u015f etm\u0259si v\u0259 neqativ \u0259m\u0259ll\u0259r\u0259 yol verm\u0259si t\u0259sdiqini taparsa, onlar\u0131n t\u0259qdimatlar\u0131 l\u0259\u011fv edil\u0259c\u0259k v\u0259 &ouml;zl\u0259ri bar\u0259d\u0259 ciddi c\u0259za t\u0259dbirl\u0259ri g&ouml;r&uuml;l\u0259c\u0259k&rdquo;. Qeyd edilib ki, Prezident \u0130lham \u018fliyev siyah\u0131da d&ouml;vl\u0259t orqanlar\u0131ndan daxil olan t\u0259qdimatlar\u0131n k\u0259skin azald\u0131lmas\u0131n\u0131 v\u0259 h\u0259min m\u0259nzill\u0259rin ehtiyac\u0131 olan K\u0130V \u0259m\u0259kda\u015flar\u0131 aras\u0131nda b&ouml;l&uuml;nm\u0259sini d\u0259 tap\u015f\u0131r\u0131b. &nbsp;<\/span><br \/>\n<span style=\"line-height: 1.6em;\">&ldquo;&Uuml;mumilikd\u0259 is\u0259, g\u0259rgin i\u015f n\u0259tic\u0259sind\u0259 b&uuml;t&uuml;n namiz\u0259dl\u0259r h\u0259rt\u0259r\u0259fli ara\u015fd\u0131r\u0131l\u0131b v\u0259 \u0259n layiqli \u015f\u0259xsl\u0259r se&ccedil;il\u0259r\u0259k siyah\u0131ya daxil edilib&rdquo;.<\/span><br \/>\n<span style=\"line-height: 1.6em;\">Komissiya s\u0259dri bildirib ki, bu siyah\u0131 h\u0259qiq\u0259t\u0259n d\u0259 jurnalist ictimaiyy\u0259tinin m&uuml;sb\u0259t qiym\u0259tl\u0259ndirm\u0259sin\u0259 layiqdir.&nbsp;<\/span><\/p>\n","protected":false},"excerpt":{"rendered":"<p>&quot;K\u0130V \u0259m\u0259kda\u015flar\u0131na m\u0259nzill\u0259rin verilm\u0259si il\u0259 ba\u011fl\u0131 yarad\u0131lm\u0131\u015f komissiyaya daxil olmu\u015f m&uuml;raci\u0259tl\u0259rin ara\u015fd\u0131r\u0131lmas\u0131 art\u0131q ba\u015fa &ccedil;at\u0131b&quot;. Ucnoqta.az x\u0259b\u0259r verir ki. bunu APA-ya a&ccedil;\u0131qlamas\u0131nda Az\u0259rbaycan Respublikas\u0131 Prezidenti yan\u0131nda K&uuml;tl\u0259vi \u0130nformasiya Vasit\u0259l\u0259rinin \u0130nki\u015faf\u0131na&hellip;<\/p>\n","protected":false},"author":1,"featured_media":251278,"comment_status":"open","ping_status":"open","sticky":false,"template":"","format":"standard","meta":{"_lmt_disableupdate":"","_lmt_disable":"","footnotes":""},"categories":[96],"tags":[],"class_list":["post-48372","post","type-post","status-publish","format-standard","has-post-thumbnail","hentry","category-media-butun-xeberler"],"_links":{"self":[{"href":"https:\/\/ucnoqta.az\/index.php?rest_route=\/wp\/v2\/posts\/48372","targetHints":{"allow":["GET"]}}],"collection":[{"href":"https:\/\/ucnoqta.az\/index.php?rest_route=\/wp\/v2\/posts"}],"about":[{"href":"https:\/\/ucnoqta.az\/index.php?rest_route=\/wp\/v2\/types\/post"}],"author":[{"embeddable":true,"href":"https:\/\/ucnoqta.az\/index.php?rest_route=\/wp\/v2\/users\/1"}],"replies":[{"embeddable":true,"href":"https:\/\/ucnoqta.az\/index.php?rest_route=%2Fwp%2Fv2%2Fcomments&post=48372"}],"version-history":[{"count":0,"href":"https:\/\/ucnoqta.az\/index.php?rest_route=\/wp\/v2\/posts\/48372\/revisions"}],"wp:featuredmedia":[{"embeddable":true,"href":"https:\/\/ucnoqta.az\/index.php?rest_route=\/wp\/v2\/media\/251278"}],"wp:attachment":[{"href":"https:\/\/ucnoqta.az\/index.php?rest_route=%2Fwp%2Fv2%2Fmedia&parent=48372"}],"wp:term":[{"taxonomy":"category","embeddable":true,"href":"https:\/\/ucnoqta.az\/index.php?rest_route=%2Fwp%2Fv2%2Fcategories&post=48372"},{"taxonomy":"post_tag","embeddable":true,"href":"https:\/\/ucnoqta.az\/index.php?rest_route=%2Fwp%2Fv2%2Ftags&post=48372"}],"curies":[{"name":"wp","href":"https:\/\/api.w.org\/{rel}","templated":true}]}}