{"id":48368,"date":"2017-07-13T16:27:26","date_gmt":"2017-07-13T12:27:26","guid":{"rendered":""},"modified":"-0001-11-30T00:00:00","modified_gmt":"-0001-11-29T20:00:00","slug":"","status":"publish","type":"post","link":"https:\/\/ucnoqta.az\/?p=48368","title":{"rendered":"Diasporla \u0130\u015f \u00fczr\u0259 D\u00f6vl\u0259t Komit\u0259sinin \u0259m\u0259kda\u015flar\u0131 t\u0259ltif edildi"},"content":{"rendered":"<p><span style=\"line-height: 1.6em;\">Az\u0259rbaycan Prezidenti \u0130lham \u018fliyev Diasporla \u0130\u015f &uuml;zr\u0259 D&ouml;vl\u0259t Komit\u0259si \u0259m\u0259kda\u015flar\u0131n\u0131n t\u0259ltif edilm\u0259si haqq\u0131nda s\u0259r\u0259ncam imzalay\u0131b.&nbsp;<\/span><span style=\"line-height: 1.6em;\">S\u0259r\u0259ncamda qeyd olunur ki, Az\u0259rbaycan diasporu quruculu\u011fu sah\u0259sind\u0259 xidm\u0259tl\u0259rin\u0259 g&ouml;r\u0259 a\u015fa\u011f\u0131dak\u0131 \u015f\u0259xsl\u0259r t\u0259ltif edilsinl\u0259r:<\/span><\/p>\n<p>\n<strong>&ldquo;T\u0259r\u0259qqi&rdquo; medal\u0131 il\u0259<\/strong><\/p>\n<p>H&uuml;mb\u0259tov Sur\u0259ddin M\u0259mm\u0259dh&uuml;seyn o\u011flu<br \/>\nQas\u0131mov Kyavus Safa o\u011flu<br \/>\nM\u0259mm\u0259dov \u0130lham Hac\u0131 o\u011flu<br \/>\nV\u0259liyev Cavan\u015fir \u0130nqlab o\u011flu<\/p>\n<p>\n<strong>&ldquo;D&ouml;vl\u0259t qullu\u011funda f\u0259rql\u0259nm\u0259y\u0259 g&ouml;r\u0259&rdquo; medal\u0131 il\u0259<\/strong><\/p>\n<p>K\u0259rimova N&uuml;\u015fab\u0259 R\u0259him q\u0131z\u0131<br \/>\nT\u0259brizli Arzu Sirus q\u0131z\u0131<br \/>\nZahidova Lad\u0259n Vahab q\u0131z\u0131<\/p>\n","protected":false},"excerpt":{"rendered":"<p>Az\u0259rbaycan Prezidenti \u0130lham \u018fliyev Diasporla \u0130\u015f &uuml;zr\u0259 D&ouml;vl\u0259t Komit\u0259si \u0259m\u0259kda\u015flar\u0131n\u0131n t\u0259ltif edilm\u0259si haqq\u0131nda s\u0259r\u0259ncam imzalay\u0131b.&nbsp;S\u0259r\u0259ncamda qeyd olunur ki, Az\u0259rbaycan diasporu quruculu\u011fu sah\u0259sind\u0259 xidm\u0259tl\u0259rin\u0259 g&ouml;r\u0259 a\u015fa\u011f\u0131dak\u0131 \u015f\u0259xsl\u0259r t\u0259ltif edilsinl\u0259r: &ldquo;T\u0259r\u0259qqi&rdquo; medal\u0131&hellip;<\/p>\n","protected":false},"author":1,"featured_media":251278,"comment_status":"open","ping_status":"open","sticky":false,"template":"","format":"standard","meta":{"_lmt_disableupdate":"","_lmt_disable":"","footnotes":""},"categories":[],"tags":[],"class_list":["post-48368","post","type-post","status-publish","format-standard","has-post-thumbnail","hentry"],"_links":{"self":[{"href":"https:\/\/ucnoqta.az\/index.php?rest_route=\/wp\/v2\/posts\/48368","targetHints":{"allow":["GET"]}}],"collection":[{"href":"https:\/\/ucnoqta.az\/index.php?rest_route=\/wp\/v2\/posts"}],"about":[{"href":"https:\/\/ucnoqta.az\/index.php?rest_route=\/wp\/v2\/types\/post"}],"author":[{"embeddable":true,"href":"https:\/\/ucnoqta.az\/index.php?rest_route=\/wp\/v2\/users\/1"}],"replies":[{"embeddable":true,"href":"https:\/\/ucnoqta.az\/index.php?rest_route=%2Fwp%2Fv2%2Fcomments&post=48368"}],"version-history":[{"count":0,"href":"https:\/\/ucnoqta.az\/index.php?rest_route=\/wp\/v2\/posts\/48368\/revisions"}],"wp:featuredmedia":[{"embeddable":true,"href":"https:\/\/ucnoqta.az\/index.php?rest_route=\/wp\/v2\/media\/251278"}],"wp:attachment":[{"href":"https:\/\/ucnoqta.az\/index.php?rest_route=%2Fwp%2Fv2%2Fmedia&parent=48368"}],"wp:term":[{"taxonomy":"category","embeddable":true,"href":"https:\/\/ucnoqta.az\/index.php?rest_route=%2Fwp%2Fv2%2Fcategories&post=48368"},{"taxonomy":"post_tag","embeddable":true,"href":"https:\/\/ucnoqta.az\/index.php?rest_route=%2Fwp%2Fv2%2Ftags&post=48368"}],"curies":[{"name":"wp","href":"https:\/\/api.w.org\/{rel}","templated":true}]}}