{"id":48366,"date":"2017-07-13T14:30:55","date_gmt":"2017-07-13T10:30:55","guid":{"rendered":""},"modified":"-0001-11-30T00:00:00","modified_gmt":"-0001-11-29T20:00:00","slug":"","status":"publish","type":"post","link":"https:\/\/ucnoqta.az\/?p=48366","title":{"rendered":"<font color=red>Bahar Muradova: <font color=red>&#8220;Al\u0131xanl\u0131da qanl\u0131 hadis\u0259 t\u00f6r\u0259tm\u0259kl\u0259 Erm\u0259nistan ist\u0259diyini \u0259ld\u0259 ed\u0259 bilm\u0259di&#8221;<\/font><\/font>"},"content":{"rendered":"<p><span style=\"line-height: 1.6em;\">&quot;Al\u0131xanl\u0131da qanl\u0131 hadis\u0259 t&ouml;r\u0259tm\u0259kl\u0259 Erm\u0259nistan ist\u0259diyini \u0259ld\u0259 ed\u0259 bilm\u0259di&quot;.&nbsp;<\/span><span style=\"line-height: 1.6em;\">&quot;Report&quot; x\u0259b\u0259r verir ki, bunu deputatlardan ibar\u0259t n&uuml;may\u0259nd\u0259 hey\u0259ti il\u0259 F&uuml;zuliy\u0259 s\u0259f\u0259r ed\u0259n Milli M\u0259clis s\u0259drinin m&uuml;avini, F&uuml;zuli rayonunun deputat\u0131 Bahar Muradova jurnalisl\u0259r\u0259 a&ccedil;\u0131qlamas\u0131nda deyib.&nbsp;<\/span><span style=\"line-height: 1.6em;\">O bildirib ki, t\u0259mas x\u0259ttind\u0259 ya\u015fayan insalarla art\u0131q ne&ccedil;\u0259 ildir bir yerd\u0259yik: &quot;Onlar se&ccedil;ici m\u0259n is\u0259 mill\u0259t v\u0259kili kimi onlarla bir yerd\u0259y\u0259m. M\u0259n onlar\u0131n d\u0259yan\u0259tin\u0259, c\u0259sar\u0259tin\u0259, f\u0259dakarl\u0131\u011f\u0131na v\u0259 q\u0259hr\u0259manl\u0131\u011f\u0131na b\u0259l\u0259d\u0259m. Bu ill\u0259r \u0259rzind\u0259 onlar bu \u0259razini da\u011f\u0131nt\u0131lardan, toz-torpaqdan t\u0259mizl\u0259yib abad, g&ouml;z\u0259l bir g&uuml;\u015f\u0259y\u0259 &ccedil;eviribl\u0259r v\u0259 bu proses davam etm\u0259kd\u0259dir. Yenid\u0259n b\u0259rpa edilmi\u015f do\u011fma yurdu qorumaq bu insanlar\u0131n &uuml;z\u0259rind\u0259 olan v\u0259zif\u0259dir. Bu ill\u0259r \u0259rzind\u0259 onlar\u0131n buradan bir add\u0131m da geri &ccedil;\u0259kilm\u0259y\u0259c\u0259yin\u0259 \u0259min olmu\u015fam&quot;.<\/span><\/p>\n<p>Mill\u0259t v\u0259kilinin s&ouml;zl\u0259rin\u0259 g&ouml;r\u0259, rayonunun Al\u0131xanl\u0131 k\u0259ndind\u0259 t&ouml;r\u0259dilmi\u015f qanl\u0131 hadis\u0259 ba\u015f ver\u0259nd\u0259 d\u0259, rayon camaat\u0131n\u0131n m&ouml;vqeyini bir daha b&uuml;t&uuml;n d&uuml;nya ictimaiyy\u0259ti g&ouml;rd&uuml;: &quot;Erm\u0259nistan h\u0259rbi siyasi r\u0259hb\u0259rliyinin m\u0259qs\u0259di ondan ibar\u0259t idi ki, c\u0259bh\u0259 x\u0259ttind\u0259 ya\u015fayan \u0259halinin g&ouml;z&uuml;n&uuml; qorxutsun v\u0259 onlar\u0131 bu \u0259razid\u0259n &ccedil;\u0259kilm\u0259y\u0259 vadar el\u0259sin. N\u0259z\u0259r\u0259 alsaq ki, bu ay\u0131n \u0259vv\u0259lind\u0259n Cocuq M\u0259rcanl\u0131ya qay\u0131d\u0131\u015f ba\u015flay\u0131b, t&ouml;r\u0259dil\u0259n provakasiyan\u0131n m\u0259qs\u0259di d\u0259, insanlar\u0131 qorxutmaqd\u0131r. Erm\u0259nistan ist\u0259diyini \u0259ld\u0259 etm\u0259di, m&uuml;lki v\u0259t\u0259nda\u015flar\u0131n h\u0259yat\u0131na son qoymaqla azya\u015fl\u0131 u\u015fa\u011f\u0131, ya\u015fl\u0131 qad\u0131n\u0131 &ouml;ld&uuml;rm\u0259kl\u0259 Beyn\u0259lxalq H&uuml;ququ Beyn\u0259lxalq Konvensiyalar\u0131, m&uuml;harib\u0259 qaydalar\u0131n\u0131 pozdu\u011funu bir daha ortaya qoydu. Buna baxmayaraq g&uuml;dd&uuml;y&uuml; h\u0259d\u0259fl\u0259r\u0259 nail ola bim\u0259di, \u0259ksin\u0259 d&uuml;nya ictimaiyy\u0259ti Erm\u0259nistan h\u0259rbi-siyasi r\u0259hb\u0259rliyinin t\u0259cav&uuml;zkar siyas\u0259tini bir daha g&ouml;rd&uuml;. Bu hadis\u0259d\u0259n Erm\u0259nistan udu\u015fla &ccedil;\u0131xmaq ist\u0259yirdis\u0259, n&ouml;vb\u0259ti d\u0259f\u0259 onlar\u0131n m&ouml;vqeyinin z\u0259ifl\u0259m\u0259sin\u0259, onlar\u0131 dan\u0131\u015f\u0131qlar masas\u0131na d&uuml;nya ictimaiyy\u0259tinin t\u0259zyiq v\u0259 q\u0131na\u011f\u0131 il\u0259 qay\u0131tmas\u0131na vadar oldu&quot;.<\/p>\n","protected":false},"excerpt":{"rendered":"<p>&quot;Al\u0131xanl\u0131da qanl\u0131 hadis\u0259 t&ouml;r\u0259tm\u0259kl\u0259 Erm\u0259nistan ist\u0259diyini \u0259ld\u0259 ed\u0259 bilm\u0259di&quot;.&nbsp;&quot;Report&quot; x\u0259b\u0259r verir ki, bunu deputatlardan ibar\u0259t n&uuml;may\u0259nd\u0259 hey\u0259ti il\u0259 F&uuml;zuliy\u0259 s\u0259f\u0259r ed\u0259n Milli M\u0259clis s\u0259drinin m&uuml;avini, F&uuml;zuli rayonunun deputat\u0131 Bahar Muradova&hellip;<\/p>\n","protected":false},"author":1,"featured_media":251278,"comment_status":"open","ping_status":"open","sticky":false,"template":"","format":"standard","meta":{"_lmt_disableupdate":"","_lmt_disable":"","footnotes":""},"categories":[86],"tags":[],"class_list":["post-48366","post","type-post","status-publish","format-standard","has-post-thumbnail","hentry","category-siyaset"],"_links":{"self":[{"href":"https:\/\/ucnoqta.az\/index.php?rest_route=\/wp\/v2\/posts\/48366","targetHints":{"allow":["GET"]}}],"collection":[{"href":"https:\/\/ucnoqta.az\/index.php?rest_route=\/wp\/v2\/posts"}],"about":[{"href":"https:\/\/ucnoqta.az\/index.php?rest_route=\/wp\/v2\/types\/post"}],"author":[{"embeddable":true,"href":"https:\/\/ucnoqta.az\/index.php?rest_route=\/wp\/v2\/users\/1"}],"replies":[{"embeddable":true,"href":"https:\/\/ucnoqta.az\/index.php?rest_route=%2Fwp%2Fv2%2Fcomments&post=48366"}],"version-history":[{"count":0,"href":"https:\/\/ucnoqta.az\/index.php?rest_route=\/wp\/v2\/posts\/48366\/revisions"}],"wp:featuredmedia":[{"embeddable":true,"href":"https:\/\/ucnoqta.az\/index.php?rest_route=\/wp\/v2\/media\/251278"}],"wp:attachment":[{"href":"https:\/\/ucnoqta.az\/index.php?rest_route=%2Fwp%2Fv2%2Fmedia&parent=48366"}],"wp:term":[{"taxonomy":"category","embeddable":true,"href":"https:\/\/ucnoqta.az\/index.php?rest_route=%2Fwp%2Fv2%2Fcategories&post=48366"},{"taxonomy":"post_tag","embeddable":true,"href":"https:\/\/ucnoqta.az\/index.php?rest_route=%2Fwp%2Fv2%2Ftags&post=48366"}],"curies":[{"name":"wp","href":"https:\/\/api.w.org\/{rel}","templated":true}]}}