{"id":44621,"date":"2017-03-13T15:28:34","date_gmt":"2017-03-13T11:28:34","guid":{"rendered":""},"modified":"-0001-11-30T00:00:00","modified_gmt":"-0001-11-29T20:00:00","slug":"","status":"publish","type":"post","link":"https:\/\/ucnoqta.az\/?p=44621","title":{"rendered":"Ziyaf\u0259t \u018fsg\u0259rov: <font color=red><b>T\u00fcrkiy\u0259li nazirl\u0259rin Niderlanda burax\u0131lmamas\u0131 beyn\u0259lxalq h\u00fcquqa h\u00f6rm\u0259tsizlikdir<\/b><\/font>"},"content":{"rendered":"<p><span style=\"line-height: 1.6em;\">T&uuml;rkiy\u0259li nazirl\u0259rin Niderlanda burax\u0131lmamas\u0131 t\u0259\u0259ss&uuml;fedici bir hald\u0131r. Trend-in m\u0259lumat\u0131na g&ouml;r\u0259, bunu jurnalistl\u0259r\u0259 Milli M\u0259clisin birinci vitse-spikeri Ziyaf\u0259t \u018fsg\u0259rov deyib.<\/span><br \/>\n<span style=\"line-height: 1.6em;\">Z.\u018fsg\u0259rov bildirib ki, bu h\u0259m beyn\u0259lxalq h&uuml;quqa h&ouml;rm\u0259tsizlik, h\u0259m d\u0259 Vyana Konvensiyas\u0131n\u0131n t\u0259l\u0259bl\u0259rinin kobud \u015f\u0259kild\u0259 pozulmas\u0131d\u0131r:<\/span><br \/>\n<span style=\"line-height: 1.6em;\">&ldquo;T&uuml;rkiy\u0259nin iki nazirin\u0259 qar\u015f\u0131 bel\u0259 h&ouml;rm\u0259tsizlik edilm\u0259si, \u0259lb\u0259tt\u0259, yax\u015f\u0131 hal deyil. S&ouml;zs&uuml;z ki, Niderlandda ya\u015fayan insanlar\u0131n, konkret ikili v\u0259t\u0259nda\u015fl\u0131\u011f\u0131 olan t&uuml;rkl\u0259rin d\u0259 s\u0259sverm\u0259 h&uuml;ququ var v\u0259 referendumda i\u015ftirak ed\u0259c\u0259kl\u0259r. Onlar\u0131n da konstitusiyaya d\u0259yi\u015fiklikl\u0259r haqq\u0131nda m\u0259lumat almaq h&uuml;ququ var. Nazirl\u0259r d\u0259 h\u0259min m\u0259lumatlar\u0131 verm\u0259k &uuml;&ccedil;&uuml;n ora getmi\u015fdil\u0259r. Onlar\u0131n ba\u015fqa m\u0259qs\u0259di yox idi&quot;.<\/span><br \/>\n<span style=\"line-height: 1.6em;\">Birinci vitse-spiker qeyd edib ki, nazirl\u0259rd\u0259n \u0259lav\u0259, Rotterdamda olan T&uuml;rkiy\u0259 konsullu\u011funun diplomatlar\u0131na qar\u015f\u0131 kobud davran\u0131lmas\u0131 Vyana Konvensiyas\u0131n\u0131n birba\u015fa pozulmas\u0131 dem\u0259kdir:<\/span><br \/>\n<span style=\"line-height: 1.6em;\">&quot;Bel\u0259 olan halda ortaya bir sual &ccedil;\u0131x\u0131r: insan h&uuml;quqlar\u0131ndan d\u0259m vuran Avropa insan h&uuml;quqlar\u0131na bu c&uuml;r yana\u015f\u0131rm\u0131?! Bu c&uuml;r yana\u015fman\u0131 v\u0259 m&uuml;nasib\u0259ti q\u0259ti \u015f\u0259kild\u0259 pisl\u0259yir v\u0259 q\u0131nay\u0131ram. Hesab edir\u0259m ki, bu m\u0259s\u0259l\u0259y\u0259 tezlikl\u0259 ayd\u0131nl\u0131q g\u0259tiril\u0259c\u0259k&quot;.<\/span><br \/>\n<span style=\"line-height: 1.6em;\">Qeyd ed\u0259k ki, Niderland hakimiyy\u0259ti T&uuml;rkiy\u0259nin xarici i\u015fl\u0259r naziri M&ouml;vlud &Ccedil;avu\u015fo\u011flunun t\u0259yyar\u0259sini &ouml;lk\u0259y\u0259 buraxmay\u0131b. Nazir T&uuml;rkiy\u0259 v\u0259t\u0259nda\u015flar\u0131n\u0131 aprelin 16-da ke&ccedil;iril\u0259c\u0259k referendumla &ouml;lk\u0259 konstitusiyas\u0131na n\u0259z\u0259rd\u0259 tutulmu\u015f d\u0259yi\u015fiklikl\u0259r bar\u0259d\u0259 m\u0259lumatland\u0131rmaq &uuml;&ccedil;&uuml;n Rotterdamda mitinqd\u0259 i\u015ftirak etm\u0259k ist\u0259yirdi.<\/span><br \/>\n<span style=\"line-height: 1.6em;\">Bundan sonra T&uuml;rkiy\u0259nin ail\u0259 v\u0259 sosial siyas\u0259t naziri Fatma Bet&uuml;l Sayan Qaya yer&uuml;st&uuml; n\u0259qliyyat vasit\u0259sil\u0259 g\u0259l\u0259r\u0259k mitinqd\u0259 i\u015ftirak etm\u0259y\u0259 c\u0259hd edib. Lakin Niderland D\u0130N-in \u0259m\u0259kda\u015flar\u0131 yolu ba\u011flay\u0131b, hakimiyy\u0259t is\u0259 naziri &quot;arzuolunmaz \u015f\u0259xs&quot; elan ed\u0259r\u0259k &ouml;lk\u0259d\u0259n &ccedil;\u0131xar\u0131b.<\/span><br \/>\n<span style=\"line-height: 1.6em;\">Bununla \u0259laq\u0259dar olaraq T&uuml;rkiy\u0259 X\u0130N Niderland t\u0259r\u0259fin\u0259 nota &uuml;nvanlay\u0131b.<\/span><\/p>\n","protected":false},"excerpt":{"rendered":"<p>T&uuml;rkiy\u0259li nazirl\u0259rin Niderlanda burax\u0131lmamas\u0131 t\u0259\u0259ss&uuml;fedici bir hald\u0131r. Trend-in m\u0259lumat\u0131na g&ouml;r\u0259, bunu jurnalistl\u0259r\u0259 Milli M\u0259clisin birinci vitse-spikeri Ziyaf\u0259t \u018fsg\u0259rov deyib. Z.\u018fsg\u0259rov bildirib ki, bu h\u0259m beyn\u0259lxalq h&uuml;quqa h&ouml;rm\u0259tsizlik, h\u0259m d\u0259 Vyana&hellip;<\/p>\n","protected":false},"author":1,"featured_media":251278,"comment_status":"open","ping_status":"open","sticky":false,"template":"","format":"standard","meta":{"_lmt_disableupdate":"","_lmt_disable":"","footnotes":""},"categories":[86],"tags":[],"class_list":["post-44621","post","type-post","status-publish","format-standard","has-post-thumbnail","hentry","category-siyaset"],"_links":{"self":[{"href":"https:\/\/ucnoqta.az\/index.php?rest_route=\/wp\/v2\/posts\/44621","targetHints":{"allow":["GET"]}}],"collection":[{"href":"https:\/\/ucnoqta.az\/index.php?rest_route=\/wp\/v2\/posts"}],"about":[{"href":"https:\/\/ucnoqta.az\/index.php?rest_route=\/wp\/v2\/types\/post"}],"author":[{"embeddable":true,"href":"https:\/\/ucnoqta.az\/index.php?rest_route=\/wp\/v2\/users\/1"}],"replies":[{"embeddable":true,"href":"https:\/\/ucnoqta.az\/index.php?rest_route=%2Fwp%2Fv2%2Fcomments&post=44621"}],"version-history":[{"count":0,"href":"https:\/\/ucnoqta.az\/index.php?rest_route=\/wp\/v2\/posts\/44621\/revisions"}],"wp:featuredmedia":[{"embeddable":true,"href":"https:\/\/ucnoqta.az\/index.php?rest_route=\/wp\/v2\/media\/251278"}],"wp:attachment":[{"href":"https:\/\/ucnoqta.az\/index.php?rest_route=%2Fwp%2Fv2%2Fmedia&parent=44621"}],"wp:term":[{"taxonomy":"category","embeddable":true,"href":"https:\/\/ucnoqta.az\/index.php?rest_route=%2Fwp%2Fv2%2Fcategories&post=44621"},{"taxonomy":"post_tag","embeddable":true,"href":"https:\/\/ucnoqta.az\/index.php?rest_route=%2Fwp%2Fv2%2Ftags&post=44621"}],"curies":[{"name":"wp","href":"https:\/\/api.w.org\/{rel}","templated":true}]}}