{"id":44619,"date":"2017-03-13T15:15:31","date_gmt":"2017-03-13T11:15:31","guid":{"rendered":""},"modified":"-0001-11-30T00:00:00","modified_gmt":"-0001-11-29T20:00:00","slug":"","status":"publish","type":"post","link":"https:\/\/ucnoqta.az\/?p=44619","title":{"rendered":"<font color=red><b>Polad B\u00fclb\u00fclo\u011flunun YUNESKO-nun ba\u015f direktoru v\u0259zif\u0259sin\u0259 namiz\u0259dliyi ir\u0259li s\u00fcr\u00fcl\u00fcb<\/b><\/font>"},"content":{"rendered":"<p><span style=\"line-height: 1.6em;\">Az\u0259rbaycan\u0131n Rusiyadak\u0131 s\u0259firi Polad B&uuml;lb&uuml;lo\u011flunun YUNESKO-nun ba\u015f direktoru v\u0259zif\u0259sin\u0259 namiz\u0259dliyi verilib.<\/span><span style=\"line-height: 1.6em;\">APA-n\u0131n TASS-a istinad\u0259n verdiyi m\u0259lumata g&ouml;r\u0259, bu bar\u0259d\u0259 Az\u0259rbaycan\u0131n t\u0259\u015fkilat yan\u0131nda daimi n&uuml;may\u0259nd\u0259liyinin r\u0259hb\u0259ri Anar K\u0259rimov bildirib.<\/span><br \/>\n<span style=\"line-height: 1.6em;\">Namiz\u0259dlik r\u0259smi \u015f\u0259kild\u0259 bax\u0131lmas\u0131 &uuml;&ccedil;&uuml;n Az\u0259rbaycan t\u0259r\u0259find\u0259n t\u0259\u015fkilat\u0131n \u0130crayy\u0259 Komit\u0259sin\u0259 t\u0259qdim edilib.&nbsp;<\/span><br \/>\n<span style=\"line-height: 1.6em;\">Se&ccedil;kil\u0259r bu ilin pay\u0131z\u0131nda ke&ccedil;iril\u0259c\u0259k.<\/span><br \/>\n<span style=\"line-height: 1.6em;\">Qeyd ed\u0259k ki, YUNESKO-nun haz\u0131rk\u0131 ba\u015f direktoru \u0130rina Bokovan\u0131n s\u0259lahiyy\u0259t m&uuml;dd\u0259ti bu il ba\u015fa &ccedil;at\u0131r.<\/span><br \/>\n<span style=\"line-height: 1.6em;\">O, 2009-cu ild\u0259n bu v\u0259zif\u0259ni icra edir, 2013-c&uuml; ild\u0259 ikinci d\u0259f\u0259 ba\u015f direktor se&ccedil;ilib.<\/span><\/p>\n","protected":false},"excerpt":{"rendered":"<p>Az\u0259rbaycan\u0131n Rusiyadak\u0131 s\u0259firi Polad B&uuml;lb&uuml;lo\u011flunun YUNESKO-nun ba\u015f direktoru v\u0259zif\u0259sin\u0259 namiz\u0259dliyi verilib.APA-n\u0131n TASS-a istinad\u0259n verdiyi m\u0259lumata g&ouml;r\u0259, bu bar\u0259d\u0259 Az\u0259rbaycan\u0131n t\u0259\u015fkilat yan\u0131nda daimi n&uuml;may\u0259nd\u0259liyinin r\u0259hb\u0259ri Anar K\u0259rimov bildirib. Namiz\u0259dlik r\u0259smi \u015f\u0259kild\u0259&hellip;<\/p>\n","protected":false},"author":1,"featured_media":251278,"comment_status":"open","ping_status":"open","sticky":false,"template":"","format":"standard","meta":{"_lmt_disableupdate":"","_lmt_disable":"","footnotes":""},"categories":[],"tags":[],"class_list":["post-44619","post","type-post","status-publish","format-standard","has-post-thumbnail","hentry"],"_links":{"self":[{"href":"https:\/\/ucnoqta.az\/index.php?rest_route=\/wp\/v2\/posts\/44619","targetHints":{"allow":["GET"]}}],"collection":[{"href":"https:\/\/ucnoqta.az\/index.php?rest_route=\/wp\/v2\/posts"}],"about":[{"href":"https:\/\/ucnoqta.az\/index.php?rest_route=\/wp\/v2\/types\/post"}],"author":[{"embeddable":true,"href":"https:\/\/ucnoqta.az\/index.php?rest_route=\/wp\/v2\/users\/1"}],"replies":[{"embeddable":true,"href":"https:\/\/ucnoqta.az\/index.php?rest_route=%2Fwp%2Fv2%2Fcomments&post=44619"}],"version-history":[{"count":0,"href":"https:\/\/ucnoqta.az\/index.php?rest_route=\/wp\/v2\/posts\/44619\/revisions"}],"wp:featuredmedia":[{"embeddable":true,"href":"https:\/\/ucnoqta.az\/index.php?rest_route=\/wp\/v2\/media\/251278"}],"wp:attachment":[{"href":"https:\/\/ucnoqta.az\/index.php?rest_route=%2Fwp%2Fv2%2Fmedia&parent=44619"}],"wp:term":[{"taxonomy":"category","embeddable":true,"href":"https:\/\/ucnoqta.az\/index.php?rest_route=%2Fwp%2Fv2%2Fcategories&post=44619"},{"taxonomy":"post_tag","embeddable":true,"href":"https:\/\/ucnoqta.az\/index.php?rest_route=%2Fwp%2Fv2%2Ftags&post=44619"}],"curies":[{"name":"wp","href":"https:\/\/api.w.org\/{rel}","templated":true}]}}