{"id":44617,"date":"2017-03-13T15:11:52","date_gmt":"2017-03-13T11:11:52","guid":{"rendered":""},"modified":"-0001-11-30T00:00:00","modified_gmt":"-0001-11-29T20:00:00","slug":"","status":"publish","type":"post","link":"https:\/\/ucnoqta.az\/?p=44617","title":{"rendered":"Az\u0259rbaycan prezidenti \u201cThales lnternational\u201d \u015firk\u0259tinin ba\u015f vitse-prezidenti il\u0259 g\u00f6r\u00fc\u015f\u00fcb"},"content":{"rendered":"<p><span style=\"line-height: 1.6em;\">Az\u0259rbaycan prezidenti \u0130lham \u018fliyev Parisd\u0259 &ldquo;Thales lnternational&rdquo; \u015firk\u0259tinin ba\u015f vitse-prezidenti Rafael Eskinazi il\u0259 g&ouml;r&uuml;\u015f&uuml;b. Ucnoqta.az-\u0131n&nbsp;<\/span><span style=\"line-height: 1.6em;\">Apa-ya istinad\u0259n&nbsp;x\u0259b\u0259rin\u0259 g&ouml;r\u0259, g&ouml;r&uuml;\u015fd\u0259 Az\u0259rbaycan il\u0259 &ldquo;Thales lnternational&rdquo; \u015firk\u0259ti aras\u0131nda iyirmi ild\u0259n &ccedil;oxdur u\u011furlu \u0259m\u0259kda\u015fl\u0131q edildiyi m\u0259mnunluqla xat\u0131rland\u0131, m&uuml;xt\u0259lif layih\u0259l\u0259rin h\u0259yata ke&ccedil;irilm\u0259si il\u0259 ba\u011fl\u0131 &ccedil;ox yax\u015f\u0131 n\u0259tic\u0259l\u0259rin \u0259ld\u0259 olundu\u011fu bildirilib, &nbsp;&ldquo;Az\u0259rbaycan Hava Yollar\u0131&rdquo; v\u0259 &ldquo;Az\u0259rbaycan D\u0259mir Yollar\u0131&rdquo; Qapal\u0131 S\u0259hmdar c\u0259miyy\u0259tl\u0259ri il\u0259 m&uuml;xt\u0259lif layih\u0259l\u0259rin realla\u015fd\u0131r\u0131ld\u0131\u011f\u0131 qeyd edilib, \u015eimal-C\u0259nub n\u0259qliyyat d\u0259hlizi il\u0259 ba\u011fl\u0131 m&uuml;\u0259yy\u0259n i\u015fl\u0259rin g&ouml;r&uuml;l\u0259c\u0259yi diqq\u0259t\u0259 &ccedil;atd\u0131r\u0131l\u0131b.<\/span><br \/>\n<span style=\"line-height: 1.6em;\">S&ouml;hb\u0259t zaman\u0131 \u0259m\u0259kda\u015fl\u0131\u011f\u0131n g\u0259l\u0259c\u0259kd\u0259 davam etdirilm\u0259si &uuml;&ccedil;&uuml;n yax\u015f\u0131 potensial\u0131n oldu\u011fu vur\u011fulan\u0131b.<\/span><\/p>\n","protected":false},"excerpt":{"rendered":"<p>Az\u0259rbaycan prezidenti \u0130lham \u018fliyev Parisd\u0259 &ldquo;Thales lnternational&rdquo; \u015firk\u0259tinin ba\u015f vitse-prezidenti Rafael Eskinazi il\u0259 g&ouml;r&uuml;\u015f&uuml;b. Ucnoqta.az-\u0131n&nbsp;Apa-ya istinad\u0259n&nbsp;x\u0259b\u0259rin\u0259 g&ouml;r\u0259, g&ouml;r&uuml;\u015fd\u0259 Az\u0259rbaycan il\u0259 &ldquo;Thales lnternational&rdquo; \u015firk\u0259ti aras\u0131nda iyirmi ild\u0259n &ccedil;oxdur u\u011furlu \u0259m\u0259kda\u015fl\u0131q edildiyi&hellip;<\/p>\n","protected":false},"author":1,"featured_media":251278,"comment_status":"open","ping_status":"open","sticky":false,"template":"","format":"standard","meta":{"_lmt_disableupdate":"","_lmt_disable":"","footnotes":""},"categories":[],"tags":[],"class_list":["post-44617","post","type-post","status-publish","format-standard","has-post-thumbnail","hentry"],"_links":{"self":[{"href":"https:\/\/ucnoqta.az\/index.php?rest_route=\/wp\/v2\/posts\/44617","targetHints":{"allow":["GET"]}}],"collection":[{"href":"https:\/\/ucnoqta.az\/index.php?rest_route=\/wp\/v2\/posts"}],"about":[{"href":"https:\/\/ucnoqta.az\/index.php?rest_route=\/wp\/v2\/types\/post"}],"author":[{"embeddable":true,"href":"https:\/\/ucnoqta.az\/index.php?rest_route=\/wp\/v2\/users\/1"}],"replies":[{"embeddable":true,"href":"https:\/\/ucnoqta.az\/index.php?rest_route=%2Fwp%2Fv2%2Fcomments&post=44617"}],"version-history":[{"count":0,"href":"https:\/\/ucnoqta.az\/index.php?rest_route=\/wp\/v2\/posts\/44617\/revisions"}],"wp:featuredmedia":[{"embeddable":true,"href":"https:\/\/ucnoqta.az\/index.php?rest_route=\/wp\/v2\/media\/251278"}],"wp:attachment":[{"href":"https:\/\/ucnoqta.az\/index.php?rest_route=%2Fwp%2Fv2%2Fmedia&parent=44617"}],"wp:term":[{"taxonomy":"category","embeddable":true,"href":"https:\/\/ucnoqta.az\/index.php?rest_route=%2Fwp%2Fv2%2Fcategories&post=44617"},{"taxonomy":"post_tag","embeddable":true,"href":"https:\/\/ucnoqta.az\/index.php?rest_route=%2Fwp%2Fv2%2Ftags&post=44617"}],"curies":[{"name":"wp","href":"https:\/\/api.w.org\/{rel}","templated":true}]}}