{"id":44602,"date":"2017-03-13T12:32:45","date_gmt":"2017-03-13T08:32:45","guid":{"rendered":""},"modified":"-0001-11-30T00:00:00","modified_gmt":"-0001-11-29T20:00:00","slug":"","status":"publish","type":"post","link":"https:\/\/ucnoqta.az\/?p=44602","title":{"rendered":"Fransal\u0131 senator: <font color=red><b>&#8220;\u0130st\u0259nil\u0259n yolla Az\u0259rbaycan \u00f6z torpaqlar\u0131n\u0131 geri qaytarmal\u0131d\u0131r&#8221;<\/b><\/font>"},"content":{"rendered":"<p>&nbsp;<span style=\"line-height: 1.6em;\">&ldquo;Az\u0259rbaycan\u0131n torpaqlar\u0131 i\u015f\u011fal olunub, yax\u015f\u0131 olard\u0131 ki, bu m&uuml;naqi\u015f\u0259 s&uuml;lh yolu il\u0259 h\u0259ll olunsun. Ancaq hans\u0131 yolla olur-olsun, bu torpaqlar Az\u0259rbaycana qaytar\u0131lmal\u0131d\u0131r, Az\u0259rbaycan \u0259razi b&uuml;t&ouml;vl&uuml;y&uuml;n&uuml; t\u0259min etm\u0259lidir v\u0259 &ouml;z torpaqlar\u0131 &uuml;z\u0259rind\u0259 n\u0259zar\u0259ti b\u0259rpa etm\u0259lidir&rdquo;. Ucnoqta.az-\u0131n&nbsp;<\/span><span style=\"line-height: 1.6em;\">Trend-\u0259 istinad\u0259n&nbsp;m\u0259lumat\u0131na g&ouml;r\u0259, bunu Fransa Senat\u0131n\u0131n Fransa-Qafqaz Dostluq Qrupunun s\u0259dri Andre Rey\u015far bu g&uuml;n Milli M\u0259clisd\u0259 ke&ccedil;iril\u0259n g&ouml;r&uuml;\u015fd\u0259 deyib.<\/span><br \/>\n<span style=\"line-height: 1.6em;\">A.Rey\u015far deyib: &ldquo;Biz &ccedil;ox g&ouml;z\u0259l ba\u015fa d&uuml;\u015f&uuml;r&uuml;k ki, Az\u0259rbaycan\u0131n Da\u011fl\u0131q Qaraba\u011f m&uuml;naqi\u015f\u0259si kimi qay\u011f\u0131s\u0131 m&ouml;vcuddur. Biz &#8211; burada \u0259yl\u0259\u015f\u0259n \u015f\u0259xsl\u0259rin h\u0259r biri art\u0131q bu bar\u0259d\u0259 yet\u0259rinc\u0259 m\u0259lumata malikik. Biz Fransada f\u0259al i\u015f apar\u0131r\u0131q ki, Az\u0259rbaycan\u0131n haqq i\u015fin\u0259 d\u0259st\u0259k ver\u0259k&rdquo;.<\/span><br \/>\n<span style=\"line-height: 1.6em;\">A.Rey\u015far vur\u011fulay\u0131b ki, &ouml;t\u0259n ilin aprel ay\u0131nda ba\u015f ver\u0259n h&uuml;cumlar art\u0131q narahatl\u0131\u011f\u0131n pik h\u0259ddind\u0259 oldu\u011funu g&ouml;st\u0259rir: &ldquo;Bu onu g&ouml;st\u0259rdi ki, m&uuml;naqi\u015f\u0259nin h\u0259rbi yolla h\u0259lli arzuolunan deyil. Ancaq ist\u0259nil\u0259n yolla Az\u0259rbaycan &ouml;z torpaqlar\u0131n\u0131 geri qaytarmal\u0131d\u0131r. Biz Da\u011fl\u0131q Qaraba\u011f m&uuml;naqi\u015f\u0259sinin h\u0259llin\u0259 &ouml;z t&ouml;hf\u0259mizi verm\u0259y\u0259 haz\u0131r\u0131q&rdquo;.<\/span><\/p>\n","protected":false},"excerpt":{"rendered":"<p>&nbsp;&ldquo;Az\u0259rbaycan\u0131n torpaqlar\u0131 i\u015f\u011fal olunub, yax\u015f\u0131 olard\u0131 ki, bu m&uuml;naqi\u015f\u0259 s&uuml;lh yolu il\u0259 h\u0259ll olunsun. Ancaq hans\u0131 yolla olur-olsun, bu torpaqlar Az\u0259rbaycana qaytar\u0131lmal\u0131d\u0131r, Az\u0259rbaycan \u0259razi b&uuml;t&ouml;vl&uuml;y&uuml;n&uuml; t\u0259min etm\u0259lidir v\u0259 &ouml;z torpaqlar\u0131&hellip;<\/p>\n","protected":false},"author":1,"featured_media":251278,"comment_status":"open","ping_status":"open","sticky":false,"template":"","format":"standard","meta":{"_lmt_disableupdate":"","_lmt_disable":"","footnotes":""},"categories":[86],"tags":[],"class_list":["post-44602","post","type-post","status-publish","format-standard","has-post-thumbnail","hentry","category-siyaset"],"_links":{"self":[{"href":"https:\/\/ucnoqta.az\/index.php?rest_route=\/wp\/v2\/posts\/44602","targetHints":{"allow":["GET"]}}],"collection":[{"href":"https:\/\/ucnoqta.az\/index.php?rest_route=\/wp\/v2\/posts"}],"about":[{"href":"https:\/\/ucnoqta.az\/index.php?rest_route=\/wp\/v2\/types\/post"}],"author":[{"embeddable":true,"href":"https:\/\/ucnoqta.az\/index.php?rest_route=\/wp\/v2\/users\/1"}],"replies":[{"embeddable":true,"href":"https:\/\/ucnoqta.az\/index.php?rest_route=%2Fwp%2Fv2%2Fcomments&post=44602"}],"version-history":[{"count":0,"href":"https:\/\/ucnoqta.az\/index.php?rest_route=\/wp\/v2\/posts\/44602\/revisions"}],"wp:featuredmedia":[{"embeddable":true,"href":"https:\/\/ucnoqta.az\/index.php?rest_route=\/wp\/v2\/media\/251278"}],"wp:attachment":[{"href":"https:\/\/ucnoqta.az\/index.php?rest_route=%2Fwp%2Fv2%2Fmedia&parent=44602"}],"wp:term":[{"taxonomy":"category","embeddable":true,"href":"https:\/\/ucnoqta.az\/index.php?rest_route=%2Fwp%2Fv2%2Fcategories&post=44602"},{"taxonomy":"post_tag","embeddable":true,"href":"https:\/\/ucnoqta.az\/index.php?rest_route=%2Fwp%2Fv2%2Ftags&post=44602"}],"curies":[{"name":"wp","href":"https:\/\/api.w.org\/{rel}","templated":true}]}}