{"id":44589,"date":"2017-03-13T10:42:58","date_gmt":"2017-03-13T06:42:58","guid":{"rendered":""},"modified":"-0001-11-30T00:00:00","modified_gmt":"-0001-11-29T20:00:00","slug":"","status":"publish","type":"post","link":"https:\/\/ucnoqta.az\/?p=44589","title":{"rendered":"\u201cAzt\u0259minatl\u0131 ail\u0259l\u0259rd\u0259n olan u\u015faqlara h\u00fcquq xidm\u0259tinin g\u00f6st\u0259rilm\u0259si\u201d layih\u0259si \u00e7\u0259r\u00e7iv\u0259sind\u0259 d\u0259yirmi masa ke\u00e7irilib"},"content":{"rendered":"<p>Q\u0259b\u0259l\u0259d\u0259 &ldquo;Azt\u0259minatl\u0131 ail\u0259l\u0259rd\u0259n olan u\u015faqlara h&uuml;quq xidm\u0259tinin g&ouml;st\u0259rilm\u0259si&rdquo; layih\u0259si &ccedil;\u0259r&ccedil;iv\u0259sind\u0259 Orta icmal hesabat\u0131 v\u0259 &ldquo;Bo\u015fanma hallar\u0131, onun f\u0259sadlar\u0131 v\u0259 u\u015faqlar\u0131n g\u0259l\u0259c\u0259k h\u0259yat\u0131n\u0131n sosial t\u0259minat\u0131nda alimentin &ouml;d\u0259nilm\u0259sinin vacibliyi&rdquo; adl\u0131 strategiyan\u0131n m&uuml;zakir\u0259si il\u0259 ba\u011fl\u0131 d\u0259yirmi masa ke&ccedil;irilib.<br \/>\nT\u0259dbird\u0259 UN\u0130CEF-in, Q\u0259b\u0259l\u0259 rayon T\u0259hsil \u015e&ouml;b\u0259sinin, yerli icra, h&uuml;quq-m&uuml;hafiz\u0259 orqanlar\u0131n\u0131n, b\u0259l\u0259diyy\u0259 v\u0259 biznes qurumlar\u0131n\u0131n, QHT- l\u0259rin, Q\u0259b\u0259l\u0259 rayon Ail\u0259, Qad\u0131n v\u0259 U\u015faq Probleml\u0259ri &uuml;zr\u0259 D&ouml;vl\u0259t Komit\u0259sinin, dini icma, Q\u0259b\u0259l\u0259 M\u0259\u015f\u011fulluq M\u0259rk\u0259zinin, Q\u0259b\u0259l\u0259 rayon Qeydiyyat \u015e&ouml;b\u0259sinin, Q\u0259b\u0259l\u0259 rayon M\u0259hk\u0259m\u0259sinin, Q\u0259b\u0259l\u0259 rayon \u0130cra \u015e&ouml;b\u0259sinin, DSMF Q\u0259b\u0259l\u0259 rayon \u015f&ouml;b\u0259sinin n&uuml;may\u0259nd\u0259l\u0259ri v\u0259 layih\u0259 &uuml;zr\u0259 azt\u0259minatl\u0131 ail\u0259l\u0259r i\u015ftirak edibl\u0259r.<br \/>\nT\u0259dbiri giri\u015f s&ouml;z&uuml; il\u0259 a&ccedil;an Q\u0259b\u0259l\u0259 Regional G\u0259ncl\u0259rin Resurs M\u0259rk\u0259zi \u0130B-nin icra&ccedil;\u0131 direktoru Anar M\u0259h\u0259rr\u0259mov i\u015ftirak&ccedil;\u0131lar\u0131 salamlayaraq layih\u0259nin UN\u0130CEF t\u0259r\u0259find\u0259n h\u0259yata ke&ccedil;irildiyini qeyd edib. O, layih\u0259nin \u0259h\u0259miyy\u0259tind\u0259n dan\u0131\u015faraq &ccedil;\u0131x\u0131\u015f &uuml;&ccedil;&uuml;n s&ouml;z&uuml; UN\u0130CEF-in m\u0259sl\u0259h\u0259t&ccedil;isi Ramil \u0130sk\u0259nd\u0259rliy\u0259 verib.&nbsp;<br \/>\nRamil \u0130sk\u0259nd\u0259rli layih\u0259 haqq\u0131nda, \u0259ld\u0259 edilmi\u015f u\u011furlar v\u0259 qar\u015f\u0131da duran v\u0259zif\u0259l\u0259r, u\u015faq h&uuml;quqlar\u0131 il\u0259 ba\u011fl\u0131 qanunvericilik, Yuvenal \u018fdliyy\u0259, qanunla ziddiyy\u0259td\u0259 olan u\u015faqlar v\u0259 apar\u0131lan i\u015fl\u0259r, u\u015faqlar\u0131n ya\u015famaq h&uuml;ququ, t\u0259hsil h&uuml;ququ v\u0259 s. bar\u0259d\u0259 m\u0259lumat verib.<br \/>\nSonra layih\u0259nin \u0259laq\u0259l\u0259ndiricisi &Uuml;m&uuml;dvar H\u0259s\u0259nov v\u0259 h&uuml;quq\u015f&uuml;nas\u0131 V&uuml;sal M\u0259mm\u0259dov &ccedil;\u0131x\u0131\u015f ed\u0259r\u0259k u\u015faq h&uuml;quqlar\u0131 v\u0259 onlar\u0131n qorunmas\u0131, bu sah\u0259y\u0259 d&ouml;vl\u0259t qay\u011f\u0131s\u0131, q\u0259bul edil\u0259n qanunlar v\u0259 \u0259h\u0259miyy\u0259ti il\u0259 ba\u011fl\u0131, layih\u0259 &ccedil;\u0259r&ccedil;iv\u0259sind\u0259 m&uuml;raci\u0259tl\u0259rin say\u0131 &uuml;zr\u0259 statistika, u\u015faqlarla \u0259laq\u0259li b&uuml;t&uuml;n m\u0259s\u0259l\u0259l\u0259rin o c&uuml;ml\u0259d\u0259n do\u011fum v\u0259 qeydiyyat s\u0259n\u0259dl\u0259ri, alimentin &ouml;d\u0259nilm\u0259si, \u0259lilliyi olan u\u015faqlarla ba\u011fl\u0131, himay\u0259&ccedil;ilikl\u0259 ba\u011fl\u0131, valideynlik huquqlar\u0131, u\u015faqlarla g&ouml;r&uuml;\u015f v\u0259 dig\u0259r m\u0259s\u0259l\u0259rl\u0259 ba\u011fl\u0131, m\u0259hk\u0259m\u0259d\u0259 m&uuml;dafi\u0259, \u0259riz\u0259 v\u0259 \u015fikay\u0259tl\u0259rin haz\u0131rlamas\u0131, dig\u0259r xidm\u0259tl\u0259r\u0259 y&ouml;nl\u0259ndirm\u0259, bo\u015fanma v\u0259 alimentl\u0259 ba\u011fl\u0131 m&uuml;raci\u0259tl\u0259r, g&ouml;r&uuml;l\u0259n t\u0259dbirl\u0259r, bo\u015fanmalar\u0131n u\u015faqlar\u0131n h\u0259yat\u0131na m\u0259nfi t\u0259sirl\u0259ri il\u0259 ba\u011fl\u0131 m\u0259lumat veribl\u0259r.<br \/>\nDaha sonra UN\u0130CEF-in sosial d\u0259yi\u015fiklik &uuml;zr\u0259 m&uuml;t\u0259x\u0259ssisi Elza \u0130brahimova &ccedil;\u0131x\u0131\u015f ed\u0259r\u0259k layih\u0259nin icras\u0131n\u0131n daha u\u011furlu olmas\u0131 il\u0259 \u0259laq\u0259dar komunikasiya t\u0259dbirl\u0259ri, t\u0259siretm\u0259 mexanizml\u0259ri, probleml\u0259rin h\u0259lli istiqam\u0259tind\u0259 t\u0259bli\u011fat i\u015fl\u0259ri v\u0259 maarifl\u0259ndirm\u0259 t\u0259dbirl\u0259rinin h\u0259yata ke&ccedil;irilm\u0259sinin \u0259h\u0259miyy\u0259tind\u0259n, m&uuml;raci\u0259tl\u0259rl\u0259 ba\u011fl\u0131 m\u0259s\u0259l\u0259l\u0259rd\u0259 aidiyyat\u0131 d&ouml;vl\u0259t strukturlar\u0131 il\u0259 s\u0131x \u0259m\u0259kda\u015fl\u0131\u011f\u0131n vacibliyind\u0259n dan\u0131\u015f\u0131b.<br \/>\nSonda &ldquo;Bo\u015fanma hallar\u0131, onun f\u0259sadlar\u0131 v\u0259 u\u015faqlar\u0131n g\u0259l\u0259c\u0259k h\u0259yat\u0131n\u0131n sosial t\u0259minat\u0131nda alimentin &ouml;d\u0259nilm\u0259sinin vacibliyi&rdquo; m&ouml;vzusunda m&uuml;zakir\u0259l\u0259r apar\u0131l\u0131b.<\/p>\n<p>&nbsp;<\/p>\n","protected":false},"excerpt":{"rendered":"<p>Q\u0259b\u0259l\u0259d\u0259 &ldquo;Azt\u0259minatl\u0131 ail\u0259l\u0259rd\u0259n olan u\u015faqlara h&uuml;quq xidm\u0259tinin g&ouml;st\u0259rilm\u0259si&rdquo; layih\u0259si &ccedil;\u0259r&ccedil;iv\u0259sind\u0259 Orta icmal hesabat\u0131 v\u0259 &ldquo;Bo\u015fanma hallar\u0131, onun f\u0259sadlar\u0131 v\u0259 u\u015faqlar\u0131n g\u0259l\u0259c\u0259k h\u0259yat\u0131n\u0131n sosial t\u0259minat\u0131nda alimentin &ouml;d\u0259nilm\u0259sinin vacibliyi&rdquo; adl\u0131 strategiyan\u0131n m&uuml;zakir\u0259si&hellip;<\/p>\n","protected":false},"author":1,"featured_media":251278,"comment_status":"open","ping_status":"open","sticky":false,"template":"","format":"standard","meta":{"_lmt_disableupdate":"","_lmt_disable":"","footnotes":""},"categories":[101],"tags":[],"class_list":["post-44589","post","type-post","status-publish","format-standard","has-post-thumbnail","hentry","category-cemiyyet"],"_links":{"self":[{"href":"https:\/\/ucnoqta.az\/index.php?rest_route=\/wp\/v2\/posts\/44589","targetHints":{"allow":["GET"]}}],"collection":[{"href":"https:\/\/ucnoqta.az\/index.php?rest_route=\/wp\/v2\/posts"}],"about":[{"href":"https:\/\/ucnoqta.az\/index.php?rest_route=\/wp\/v2\/types\/post"}],"author":[{"embeddable":true,"href":"https:\/\/ucnoqta.az\/index.php?rest_route=\/wp\/v2\/users\/1"}],"replies":[{"embeddable":true,"href":"https:\/\/ucnoqta.az\/index.php?rest_route=%2Fwp%2Fv2%2Fcomments&post=44589"}],"version-history":[{"count":0,"href":"https:\/\/ucnoqta.az\/index.php?rest_route=\/wp\/v2\/posts\/44589\/revisions"}],"wp:featuredmedia":[{"embeddable":true,"href":"https:\/\/ucnoqta.az\/index.php?rest_route=\/wp\/v2\/media\/251278"}],"wp:attachment":[{"href":"https:\/\/ucnoqta.az\/index.php?rest_route=%2Fwp%2Fv2%2Fmedia&parent=44589"}],"wp:term":[{"taxonomy":"category","embeddable":true,"href":"https:\/\/ucnoqta.az\/index.php?rest_route=%2Fwp%2Fv2%2Fcategories&post=44589"},{"taxonomy":"post_tag","embeddable":true,"href":"https:\/\/ucnoqta.az\/index.php?rest_route=%2Fwp%2Fv2%2Ftags&post=44589"}],"curies":[{"name":"wp","href":"https:\/\/api.w.org\/{rel}","templated":true}]}}