{"id":44588,"date":"2017-03-13T10:38:48","date_gmt":"2017-03-13T06:38:48","guid":{"rendered":""},"modified":"-0001-11-30T00:00:00","modified_gmt":"-0001-11-29T20:00:00","slug":"","status":"publish","type":"post","link":"https:\/\/ucnoqta.az\/?p=44588","title":{"rendered":"M\u0259leyk\u0259 Abbaszad\u0259: <font color=red><b>H\u0259r \u015fey yen\u0259 d\u0259 a\u00e7\u0131q, \u015f\u0259ffaf olacaq<\/b><\/font>"},"content":{"rendered":"<p><span style=\"line-height: 1.6em;\">D&ouml;vl\u0259t \u0130mtahan M\u0259rk\u0259zinin (D\u0130M) Direktorlar \u015euras\u0131n\u0131n s\u0259dri M\u0259leyk\u0259 Abbaszad\u0259 &quot;Az\u0259rbaycan Respublikas\u0131n\u0131n D&ouml;vl\u0259t \u0130mtahan M\u0259rk\u0259zi publik h&uuml;quqi \u015f\u0259xsin Nizamnam\u0259si&quot; \u0259sas\u0131nda D\u0130M-in maliyy\u0259l\u0259\u015fdirilm\u0259si &uuml;&ccedil;&uuml;n ona ian\u0259l\u0259rin verilm\u0259sinin bu qurumun f\u0259aliyy\u0259tinin \u015f\u0259ffafl\u0131\u011f\u0131na k&ouml;lg\u0259 sala bilib-bilm\u0259y\u0259c\u0259yin\u0259, eyni zamanda, bundan istifad\u0259 edil\u0259r\u0259k D\u0130M-\u0259 qar\u015f\u0131 t\u0259yziql\u0259rin edil\u0259 bilm\u0259sin\u0259 m&uuml;nasib\u0259t bildirib.<\/span><br \/>\n<span style=\"line-height: 1.6em;\">D\u0130M-in yanvar\u0131n 18-d\u0259n f\u0259aliyy\u0259t\u0259 ba\u015flad\u0131\u011f\u0131n\u0131 xat\u0131rladan M.Abbaszad\u0259 Trend-\u0259 a&ccedil;\u0131qlamas\u0131nda bildirib ki, indiy\u0259d\u0259k D\u0130M-\u0259 ian\u0259l\u0259rin verilm\u0259si il\u0259 ba\u011fl\u0131 t\u0259klif daxil olmay\u0131b: &ldquo;B\u0259lk\u0259 d\u0259 hans\u0131sa t\u0259\u015fkilatlar bizim &uuml;&ccedil;&uuml;n n\u0259 is\u0259 etm\u0259k ist\u0259yirl\u0259r. Amma h\u0259l\u0259 m&uuml;raci\u0259tl\u0259r olmay\u0131b. Biz &ouml;z&uuml;m&uuml;z d\u0259 t\u0259\u015f\u0259bb&uuml;s g&ouml;st\u0259r\u0259r\u0259k bu istiqam\u0259td\u0259 y\u0259qin ki, hans\u0131sa add\u0131mlar ataca\u011f\u0131q. Ancaq bel\u0259 add\u0131mlar at\u0131lmam\u0131\u015fdan \u0259vv\u0259l biz onlar\u0131 m&uuml;tl\u0259q Direktorlar \u015euras\u0131n\u0131n iclas\u0131nda m&uuml;zakir\u0259 ed\u0259c\u0259yik&rdquo;.<\/span><br \/>\n<span style=\"line-height: 1.6em;\">M.Abbaszad\u0259 \u0259lav\u0259 edib ki, D\u0130M-in indiy\u0259d\u0259k olan \u015f\u0259ffafl\u0131\u011f\u0131 bundan sonra da davam etdiril\u0259c\u0259k: &ldquo;Biz\u0259 bu yolla, y\u0259ni ian\u0259l\u0259rin verilm\u0259si yolu il\u0259 he&ccedil; kimin t\u0259sir g&ouml;st\u0259rm\u0259k imkan\u0131 olmayacaq. H\u0259r \u015fey yen\u0259 d\u0259 a&ccedil;\u0131q, \u015f\u0259ffaf olacaq&rdquo;.<\/span><br \/>\n<span style=\"line-height: 1.6em;\">Qeyd ed\u0259k ki, Az\u0259rbaycan Prezidenti \u0130lham \u018fliyev &quot;2016-c\u0131 ilin 11 aprelind\u0259 &ldquo;Az\u0259rbaycan Respublikas\u0131n\u0131n D&ouml;vl\u0259t \u0130mtahan M\u0259rk\u0259zi publik h&uuml;quqi \u015f\u0259xsin Nizamnam\u0259si&quot;ni t\u0259sdiql\u0259yib.<\/span><\/p>\n<p>Bu nizamnam\u0259y\u0259 \u0259sas\u0259n, D\u0130M publik h&uuml;quqi \u015f\u0259xsdir. M\u0259rk\u0259z d&ouml;vl\u0259t v\u0259saitl\u0259ri, imtahanlar\u0131n t\u0259\u015fkili v\u0259 ke&ccedil;irilm\u0259sind\u0259n \u0259ld\u0259 olunan v\u0259saitl\u0259r, d&ouml;vl\u0259t orqanlar\u0131, h&uuml;quqi v\u0259 fiziki \u015f\u0259xsl\u0259r il\u0259 ba\u011flanm\u0131\u015f m&uuml;qavil\u0259 \u0259sas\u0131nda \u0259ld\u0259 edilmi\u015f v\u0259saitl\u0259r, m&uuml;lkiyy\u0259tind\u0259ki fiziki v\u0259 m\u0259n\u0259vi c\u0259h\u0259td\u0259n k&ouml;hn\u0259lmi\u015f avadanl\u0131\u011f\u0131n, n\u0259qliyyat vasit\u0259l\u0259rinin v\u0259 yarars\u0131z halda olan dig\u0259r \u0259mlak\u0131n sat\u0131\u015f\u0131ndan \u0259ld\u0259 edil\u0259n v\u0259 dig\u0259r xidm\u0259tl\u0259rd\u0259n \u0259ld\u0259 etdiyi v\u0259saitl\u0259r hesab\u0131na maliyy\u0259l\u0259\u015f\u0259 bil\u0259r.<\/p>\n<p>D\u0130M eyni zamanda qrantlar, v\u0259siyy\u0259t olunan v\u0259saitl\u0259r, ian\u0259l\u0259r v\u0259 yard\u0131mlar hesab\u0131na da maliyy\u0259l\u0259\u015f\u0259 bil\u0259r.<\/p>\n","protected":false},"excerpt":{"rendered":"<p>D&ouml;vl\u0259t \u0130mtahan M\u0259rk\u0259zinin (D\u0130M) Direktorlar \u015euras\u0131n\u0131n s\u0259dri M\u0259leyk\u0259 Abbaszad\u0259 &quot;Az\u0259rbaycan Respublikas\u0131n\u0131n D&ouml;vl\u0259t \u0130mtahan M\u0259rk\u0259zi publik h&uuml;quqi \u015f\u0259xsin Nizamnam\u0259si&quot; \u0259sas\u0131nda D\u0130M-in maliyy\u0259l\u0259\u015fdirilm\u0259si &uuml;&ccedil;&uuml;n ona ian\u0259l\u0259rin verilm\u0259sinin bu qurumun f\u0259aliyy\u0259tinin \u015f\u0259ffafl\u0131\u011f\u0131na k&ouml;lg\u0259&hellip;<\/p>\n","protected":false},"author":1,"featured_media":251278,"comment_status":"open","ping_status":"open","sticky":false,"template":"","format":"standard","meta":{"_lmt_disableupdate":"","_lmt_disable":"","footnotes":""},"categories":[101],"tags":[],"class_list":["post-44588","post","type-post","status-publish","format-standard","has-post-thumbnail","hentry","category-cemiyyet"],"_links":{"self":[{"href":"https:\/\/ucnoqta.az\/index.php?rest_route=\/wp\/v2\/posts\/44588","targetHints":{"allow":["GET"]}}],"collection":[{"href":"https:\/\/ucnoqta.az\/index.php?rest_route=\/wp\/v2\/posts"}],"about":[{"href":"https:\/\/ucnoqta.az\/index.php?rest_route=\/wp\/v2\/types\/post"}],"author":[{"embeddable":true,"href":"https:\/\/ucnoqta.az\/index.php?rest_route=\/wp\/v2\/users\/1"}],"replies":[{"embeddable":true,"href":"https:\/\/ucnoqta.az\/index.php?rest_route=%2Fwp%2Fv2%2Fcomments&post=44588"}],"version-history":[{"count":0,"href":"https:\/\/ucnoqta.az\/index.php?rest_route=\/wp\/v2\/posts\/44588\/revisions"}],"wp:featuredmedia":[{"embeddable":true,"href":"https:\/\/ucnoqta.az\/index.php?rest_route=\/wp\/v2\/media\/251278"}],"wp:attachment":[{"href":"https:\/\/ucnoqta.az\/index.php?rest_route=%2Fwp%2Fv2%2Fmedia&parent=44588"}],"wp:term":[{"taxonomy":"category","embeddable":true,"href":"https:\/\/ucnoqta.az\/index.php?rest_route=%2Fwp%2Fv2%2Fcategories&post=44588"},{"taxonomy":"post_tag","embeddable":true,"href":"https:\/\/ucnoqta.az\/index.php?rest_route=%2Fwp%2Fv2%2Ftags&post=44588"}],"curies":[{"name":"wp","href":"https:\/\/api.w.org\/{rel}","templated":true}]}}