{"id":44582,"date":"2017-03-12T15:39:12","date_gmt":"2017-03-12T11:39:12","guid":{"rendered":""},"modified":"-0001-11-30T00:00:00","modified_gmt":"-0001-11-29T20:00:00","slug":"","status":"publish","type":"post","link":"https:\/\/ucnoqta.az\/?p=44582","title":{"rendered":"T\u00fcrkiy\u0259li nazir: <font color=red><b>&#8220;D\u00fcnya birliyi bu fa\u015fist h\u0259r\u0259k\u0259t\u0259 reaksiya verm\u0259lidir&#8221;<\/b><\/font>"},"content":{"rendered":"<p>T&uuml;rkiy\u0259nin ail\u0259 v\u0259 sosial siyas\u0259t i\u015fl\u0259ri &uuml;zr\u0259 naziri Fatma Bet&uuml;l Sayan Kaya Niderland hakimiyy\u0259tinin onu &ouml;lk\u0259d\u0259n g&ouml;nd\u0259rm\u0259k q\u0259rar\u0131n\u0131 pisl\u0259yib. Trend-in veridiyi m\u0259lumata g&ouml;r\u0259, bu haqda nazir &ouml;z twitter s\u0259hif\u0259sind\u0259 yaz\u0131b. Nazir bildirib: &quot;B&uuml;t&uuml;n demokratik v\u0259 b\u0259\u015f\u0259ri d\u0259y\u0259rl\u0259ri pozaraq m\u0259ni Niderland\u0131n Neymeqen \u015f\u0259h\u0259rind\u0259n Almaniyaya g&ouml;nd\u0259rirl\u0259r. T&uuml;rkiy\u0259nin b&uuml;t&uuml;n v\u0259t\u0259nda\u015flar\u0131 ad\u0131ndan bu q\u0259rar\u0131 pisl\u0259yir\u0259m. D&uuml;nya birliyi bu fa\u015fist h\u0259r\u0259k\u0259t\u0259 cavab olaraq reaksiya n&uuml;mayi\u015f etdirm\u0259lidir&quot;.<br \/>\nXan\u0131m Kaya \u0259lav\u0259 edib ki, qad\u0131n nazir\u0259 qar\u015f\u0131 bel\u0259 m&uuml;nasib\u0259t q\u0259tiyy\u0259n q\u0259buledilm\u0259zdir.<\/p>\n","protected":false},"excerpt":{"rendered":"<p>T&uuml;rkiy\u0259nin ail\u0259 v\u0259 sosial siyas\u0259t i\u015fl\u0259ri &uuml;zr\u0259 naziri Fatma Bet&uuml;l Sayan Kaya Niderland hakimiyy\u0259tinin onu &ouml;lk\u0259d\u0259n g&ouml;nd\u0259rm\u0259k q\u0259rar\u0131n\u0131 pisl\u0259yib. Trend-in veridiyi m\u0259lumata g&ouml;r\u0259, bu haqda nazir &ouml;z twitter s\u0259hif\u0259sind\u0259 yaz\u0131b.&hellip;<\/p>\n","protected":false},"author":1,"featured_media":251278,"comment_status":"open","ping_status":"open","sticky":false,"template":"","format":"standard","meta":{"_lmt_disableupdate":"","_lmt_disable":"","footnotes":""},"categories":[89],"tags":[],"class_list":["post-44582","post","type-post","status-publish","format-standard","has-post-thumbnail","hentry","category-dunya-butun-xeberler"],"_links":{"self":[{"href":"https:\/\/ucnoqta.az\/index.php?rest_route=\/wp\/v2\/posts\/44582","targetHints":{"allow":["GET"]}}],"collection":[{"href":"https:\/\/ucnoqta.az\/index.php?rest_route=\/wp\/v2\/posts"}],"about":[{"href":"https:\/\/ucnoqta.az\/index.php?rest_route=\/wp\/v2\/types\/post"}],"author":[{"embeddable":true,"href":"https:\/\/ucnoqta.az\/index.php?rest_route=\/wp\/v2\/users\/1"}],"replies":[{"embeddable":true,"href":"https:\/\/ucnoqta.az\/index.php?rest_route=%2Fwp%2Fv2%2Fcomments&post=44582"}],"version-history":[{"count":0,"href":"https:\/\/ucnoqta.az\/index.php?rest_route=\/wp\/v2\/posts\/44582\/revisions"}],"wp:featuredmedia":[{"embeddable":true,"href":"https:\/\/ucnoqta.az\/index.php?rest_route=\/wp\/v2\/media\/251278"}],"wp:attachment":[{"href":"https:\/\/ucnoqta.az\/index.php?rest_route=%2Fwp%2Fv2%2Fmedia&parent=44582"}],"wp:term":[{"taxonomy":"category","embeddable":true,"href":"https:\/\/ucnoqta.az\/index.php?rest_route=%2Fwp%2Fv2%2Fcategories&post=44582"},{"taxonomy":"post_tag","embeddable":true,"href":"https:\/\/ucnoqta.az\/index.php?rest_route=%2Fwp%2Fv2%2Ftags&post=44582"}],"curies":[{"name":"wp","href":"https:\/\/api.w.org\/{rel}","templated":true}]}}