{"id":44581,"date":"2017-03-12T14:52:01","date_gmt":"2017-03-12T10:52:01","guid":{"rendered":""},"modified":"-0001-11-30T00:00:00","modified_gmt":"-0001-11-29T20:00:00","slug":"","status":"publish","type":"post","link":"https:\/\/ucnoqta.az\/?p=44581","title":{"rendered":"X\u0130N Niderland\u0131n T\u00fcrkiy\u0259 r\u0259smil\u0259rin\u0259 qar\u015f\u0131 davran\u0131\u015f\u0131n\u0131 pisl\u0259yib"},"content":{"rendered":"<p>Xarici \u0130\u015fl\u0259r Nazirliyi Niderland\u0131n T&uuml;rkiy\u0259 xarici i\u015fl\u0259r naziri M&ouml;vlud &Ccedil;avu\u015fo\u011flunun t\u0259yyar\u0259sinin eni\u015fin\u0259 icaz\u0259 verm\u0259m\u0259si v\u0259 ail\u0259 v\u0259 sosial siyas\u0259t naziri Fatma Bet&uuml;l Sayan Kayan\u0131n T&uuml;rkiy\u0259nin Rotterdamdak\u0131 konsullu\u011funa burax\u0131lmayaraq &ouml;lk\u0259d\u0259n &ccedil;\u0131xar\u0131lmas\u0131na m&uuml;nasib\u0259t bildirib. Xarici \u0130\u015fl\u0259r Nazirliyinin m\u0259tbuat xidm\u0259tinin r\u0259hb\u0259ri Hikm\u0259t Hac\u0131yev APA-ya a&ccedil;\u0131qlamas\u0131nda bildirib ki, b\u0259zi Avropa t\u0259sisatlar\u0131 v\u0259 x&uuml;susil\u0259 Avropa Parlamentind\u0259ki bir s\u0131ra dair\u0259l\u0259r, h\u0259m&ccedil;inin Niderland h\u0259r bir f&uuml;rs\u0259td\u0259 \u0259sass\u0131z \u015f\u0259kild\u0259 dig\u0259r d&ouml;vl\u0259tl\u0259ri t\u0259nqid etm\u0259kd\u0259, insan h&uuml;quqlar\u0131 m&ouml;vzusunda &ldquo;mentorluq&rdquo; etm\u0259kd\u0259 v\u0259 ba\u015fqalar\u0131na irad tutmaqda &ldquo;ad\u0259tkarl\u0131q&rdquo; n&uuml;mayi\u015f etdirir.<br \/>\nH. Hac\u0131yev qeyd edib ki, insan h&uuml;quqlar\u0131 v\u0259 demokratiyan\u0131 &ouml;z&uuml;n&uuml;n t\u0259m\u0259l prinsipl\u0259ri hesab etdiyi halda Niderland h&ouml;kum\u0259tinin T&uuml;rkiy\u0259 Respublikas\u0131 h&ouml;kum\u0259t r\u0259smil\u0259rin\u0259 qar\u015f\u0131 h\u0259yata ke&ccedil;irdiyi t\u0259dbirl\u0259r, Niderlandda ya\u015fayan t&uuml;rk icmas\u0131 &uuml;zvl\u0259rinin s\u0259rb\u0259st v\u0259 dinc topla\u015fmas\u0131na imkan verilm\u0259m\u0259si v\u0259 onlara qar\u015f\u0131 g&uuml;cd\u0259n istifad\u0259 olunmas\u0131 q\u0259r\u0259zli v\u0259 ziddiyy\u0259tli xarakter da\u015f\u0131y\u0131r: &ldquo;Bu, Diplomatik v\u0259 Konsulluq m&uuml;nasib\u0259tl\u0259ri haqq\u0131nda Vyana konvensiyas\u0131, insan h&uuml;quqlar\u0131, s\u0259rb\u0259st topla\u015fma v\u0259 ifad\u0259 azadl\u0131\u011f\u0131 kimi fundamental prinsipl\u0259rin kobud \u015f\u0259kild\u0259 pozulmas\u0131 il\u0259 m&uuml;\u015fayi\u0259t olunur. Bu kimi davran\u0131\u015f el\u0259c\u0259 d\u0259 diplomatik-etik &ccedil;\u0259r&ccedil;iv\u0259l\u0259rd\u0259n tamamil\u0259 k\u0259nard\u0131r. &nbsp;B&uuml;t&uuml;n bunlar hal-haz\u0131rda Avropada yay\u0131lmaqda olan \u0130slamafobiya, ksenofobiya v\u0259 ayr\u0131-se&ccedil;kilik kimi neqativ meyll\u0259rinin aradan qald\u0131r\u0131lmas\u0131, multikulturalizm, d&ouml;z&uuml;ml&uuml;l&uuml;k, dialoq v\u0259 anla\u015fman\u0131n t\u0259\u015fviq edilm\u0259sin\u0259 x&uuml;susi ehtiyac\u0131n oldu\u011funu bir &nbsp;daha g&ouml;st\u0259rir&rdquo;. &nbsp;<\/p>\n","protected":false},"excerpt":{"rendered":"<p>Xarici \u0130\u015fl\u0259r Nazirliyi Niderland\u0131n T&uuml;rkiy\u0259 xarici i\u015fl\u0259r naziri M&ouml;vlud &Ccedil;avu\u015fo\u011flunun t\u0259yyar\u0259sinin eni\u015fin\u0259 icaz\u0259 verm\u0259m\u0259si v\u0259 ail\u0259 v\u0259 sosial siyas\u0259t naziri Fatma Bet&uuml;l Sayan Kayan\u0131n T&uuml;rkiy\u0259nin Rotterdamdak\u0131 konsullu\u011funa burax\u0131lmayaraq &ouml;lk\u0259d\u0259n &ccedil;\u0131xar\u0131lmas\u0131na&hellip;<\/p>\n","protected":false},"author":1,"featured_media":251278,"comment_status":"open","ping_status":"open","sticky":false,"template":"","format":"standard","meta":{"_lmt_disableupdate":"","_lmt_disable":"","footnotes":""},"categories":[86],"tags":[],"class_list":["post-44581","post","type-post","status-publish","format-standard","has-post-thumbnail","hentry","category-siyaset"],"_links":{"self":[{"href":"https:\/\/ucnoqta.az\/index.php?rest_route=\/wp\/v2\/posts\/44581","targetHints":{"allow":["GET"]}}],"collection":[{"href":"https:\/\/ucnoqta.az\/index.php?rest_route=\/wp\/v2\/posts"}],"about":[{"href":"https:\/\/ucnoqta.az\/index.php?rest_route=\/wp\/v2\/types\/post"}],"author":[{"embeddable":true,"href":"https:\/\/ucnoqta.az\/index.php?rest_route=\/wp\/v2\/users\/1"}],"replies":[{"embeddable":true,"href":"https:\/\/ucnoqta.az\/index.php?rest_route=%2Fwp%2Fv2%2Fcomments&post=44581"}],"version-history":[{"count":0,"href":"https:\/\/ucnoqta.az\/index.php?rest_route=\/wp\/v2\/posts\/44581\/revisions"}],"wp:featuredmedia":[{"embeddable":true,"href":"https:\/\/ucnoqta.az\/index.php?rest_route=\/wp\/v2\/media\/251278"}],"wp:attachment":[{"href":"https:\/\/ucnoqta.az\/index.php?rest_route=%2Fwp%2Fv2%2Fmedia&parent=44581"}],"wp:term":[{"taxonomy":"category","embeddable":true,"href":"https:\/\/ucnoqta.az\/index.php?rest_route=%2Fwp%2Fv2%2Fcategories&post=44581"},{"taxonomy":"post_tag","embeddable":true,"href":"https:\/\/ucnoqta.az\/index.php?rest_route=%2Fwp%2Fv2%2Ftags&post=44581"}],"curies":[{"name":"wp","href":"https:\/\/api.w.org\/{rel}","templated":true}]}}