{"id":44570,"date":"2017-03-12T10:20:11","date_gmt":"2017-03-12T06:20:11","guid":{"rendered":""},"modified":"-0001-11-30T00:00:00","modified_gmt":"-0001-11-29T20:00:00","slug":"","status":"publish","type":"post","link":"https:\/\/ucnoqta.az\/?p=44570","title":{"rendered":"T\u00fcrkiy\u0259li nazir Niderlandda \u201carzuolunmaz \u0259cn\u0259bi\u201d elan edilib"},"content":{"rendered":"<p>Niderland h&ouml;kum\u0259ti T&uuml;rkiy\u0259nin ail\u0259 v\u0259 sosial siyas\u0259t naziri Fatma Bet&uuml;l Kayan\u0131 &ldquo;arzuolunmaz \u0259cn\u0259bi&rdquo; elan edib. APA-n\u0131n &ldquo;R&ouml;yters&rdquo;\u0259 istinad\u0259n verdiyi x\u0259b\u0259r\u0259 g&ouml;r\u0259, Niderland h&ouml;kum\u0259ti t&uuml;rkiy\u0259li nazirin &ouml;lk\u0259d\u0259n &ccedil;\u0131xar\u0131lmas\u0131na q\u0259rar verib. &nbsp; Yerli K\u0130V-l\u0259rin m\u0259lumat\u0131na g&ouml;r\u0259, polis \u0259m\u0259kda\u015flar\u0131 nazir Fatma Bet&uuml;l Kayan\u0131 Hollandiya-Almaniya s\u0259rh\u0259din\u0259d\u0259k m&uuml;\u015fayi\u0259t ed\u0259c\u0259kl\u0259r.<br \/>\nAlmaniyada s\u0259f\u0259rd\u0259 olmu\u015f Fatma Bet&uuml;l Kaya, Hollandiya h&ouml;kum\u0259ti T&uuml;rkiy\u0259nin xarici i\u015fl\u0259r naziri M&ouml;vlud &Ccedil;avu\u015fo\u011flunun t\u0259yyar\u0259sinin eni\u015fin\u0259 icaz\u0259ni l\u0259\u011fv etdikd\u0259n sonra Berlind\u0259n Niderlanda yer&uuml;st&uuml; n\u0259qliyyat vasit\u0259si il\u0259 s\u0259f\u0259r ed\u0259c\u0259yini b\u0259yan etmi\u015fdi.<br \/>\nX\u0259b\u0259r verildiyi kimi, Fatma Bet&uuml;l Kayan\u0131n avtomobili T&uuml;rkiy\u0259nin Rotterdamdak\u0131 Ba\u015f Konsullu\u011funa yollanark\u0259n Niderland polisi t\u0259r\u0259find\u0259n saxlan\u0131l\u0131b. Nazirin s\u0259f\u0259rini i\u015f\u0131qland\u0131rmaq &uuml;&ccedil;&uuml;n Rotterdama s\u0259f\u0259r ed\u0259n &nbsp;&ldquo;Anadolu&rdquo; v\u0259 TRT-nin jurnalistl\u0259rin\u0259 d\u0259 Ba\u015f Konsulluq istiqam\u0259tind\u0259 h\u0259r\u0259k\u0259t etm\u0259k qada\u011fan olunub.<\/p>\n","protected":false},"excerpt":{"rendered":"<p>Niderland h&ouml;kum\u0259ti T&uuml;rkiy\u0259nin ail\u0259 v\u0259 sosial siyas\u0259t naziri Fatma Bet&uuml;l Kayan\u0131 &ldquo;arzuolunmaz \u0259cn\u0259bi&rdquo; elan edib. APA-n\u0131n &ldquo;R&ouml;yters&rdquo;\u0259 istinad\u0259n verdiyi x\u0259b\u0259r\u0259 g&ouml;r\u0259, Niderland h&ouml;kum\u0259ti t&uuml;rkiy\u0259li nazirin &ouml;lk\u0259d\u0259n &ccedil;\u0131xar\u0131lmas\u0131na q\u0259rar verib. &nbsp;&hellip;<\/p>\n","protected":false},"author":1,"featured_media":251278,"comment_status":"open","ping_status":"open","sticky":false,"template":"","format":"standard","meta":{"_lmt_disableupdate":"","_lmt_disable":"","footnotes":""},"categories":[89],"tags":[],"class_list":["post-44570","post","type-post","status-publish","format-standard","has-post-thumbnail","hentry","category-dunya-butun-xeberler"],"_links":{"self":[{"href":"https:\/\/ucnoqta.az\/index.php?rest_route=\/wp\/v2\/posts\/44570","targetHints":{"allow":["GET"]}}],"collection":[{"href":"https:\/\/ucnoqta.az\/index.php?rest_route=\/wp\/v2\/posts"}],"about":[{"href":"https:\/\/ucnoqta.az\/index.php?rest_route=\/wp\/v2\/types\/post"}],"author":[{"embeddable":true,"href":"https:\/\/ucnoqta.az\/index.php?rest_route=\/wp\/v2\/users\/1"}],"replies":[{"embeddable":true,"href":"https:\/\/ucnoqta.az\/index.php?rest_route=%2Fwp%2Fv2%2Fcomments&post=44570"}],"version-history":[{"count":0,"href":"https:\/\/ucnoqta.az\/index.php?rest_route=\/wp\/v2\/posts\/44570\/revisions"}],"wp:featuredmedia":[{"embeddable":true,"href":"https:\/\/ucnoqta.az\/index.php?rest_route=\/wp\/v2\/media\/251278"}],"wp:attachment":[{"href":"https:\/\/ucnoqta.az\/index.php?rest_route=%2Fwp%2Fv2%2Fmedia&parent=44570"}],"wp:term":[{"taxonomy":"category","embeddable":true,"href":"https:\/\/ucnoqta.az\/index.php?rest_route=%2Fwp%2Fv2%2Fcategories&post=44570"},{"taxonomy":"post_tag","embeddable":true,"href":"https:\/\/ucnoqta.az\/index.php?rest_route=%2Fwp%2Fv2%2Ftags&post=44570"}],"curies":[{"name":"wp","href":"https:\/\/api.w.org\/{rel}","templated":true}]}}