{"id":44567,"date":"2017-03-11T10:11:40","date_gmt":"2017-03-11T06:11:40","guid":{"rendered":""},"modified":"-0001-11-30T00:00:00","modified_gmt":"-0001-11-29T20:00:00","slug":"","status":"publish","type":"post","link":"https:\/\/ucnoqta.az\/?p=44567","title":{"rendered":"AFFA prezidenti: <font color=red><b> &#8220;Top yumru, meydan d\u00fczd\u00fc&#8221;<\/b><\/font>"},"content":{"rendered":"<p><strong>R&ouml;vn\u0259q Abdullayev: Almaniya bizim oyun sirl\u0259rimizi &ouml;yr\u0259n\u0259c\u0259kdi?<\/strong><\/p>\n<p>\n&quot;Futbol&ccedil;ular\u0131m\u0131z\u0131 t\u0259brik edir\u0259m. Yax\u015f\u0131 oyun s\u0259rgil\u0259dil\u0259r&quot;. Apasport.az sayt\u0131n\u0131n m\u0259lumat\u0131na g&ouml;r\u0259, bunu AFFA-n\u0131n prezidenti R&ouml;vn\u0259q Abdullayev deyib. O, Az\u0259rbaycan milli komandas\u0131n\u0131n mart\u0131n 9-da Dohada ke&ccedil;irilmi\u015f yolda\u015fl\u0131q g&ouml;r&uuml;\u015f&uuml;nd\u0259 Q\u0259t\u0259r y\u0131\u011fmas\u0131 &uuml;z\u0259rind\u0259 2:1 hesabl\u0131 q\u0259l\u0259b\u0259sini \u015f\u0259rh edib: &quot;D&uuml;zd&uuml;, oyunu yay\u0131mlamaq imkan\u0131 olmad\u0131. Bu, Q\u0259t\u0259rin ist\u0259yi il\u0259 ba\u015f verdi. Bizd\u0259n as\u0131l\u0131 deyildi. Y\u0131\u011fmam\u0131z\u0131n oyunumuzu kim izl\u0259y\u0259c\u0259kdi ki? Almaniya? Onlar bizim oyun sirl\u0259rimizi &ouml;yr\u0259n\u0259c\u0259kdil\u0259r? Q\u0259t\u0259r t\u0259r\u0259fi bel\u0259 ist\u0259yibs\u0259, problem yoxdu. Millimiz normal &ccedil;\u0131x\u0131\u015f etdi. Y\u0259qin ki, oyunun videoyaz\u0131s\u0131n\u0131 g&ouml;st\u0259r\u0259rl\u0259r&quot;.<br \/>\n&nbsp;Abdullayev Almaniya il\u0259 mart\u0131n 26-da Bak\u0131da ke&ccedil;ir\u0259c\u0259kl\u0259ri 2018-ci il d&uuml;nya &ccedil;empionat\u0131n\u0131n se&ccedil;m\u0259 qrup mat&ccedil;\u0131na haz\u0131rl\u0131q bar\u0259d\u0259 d\u0259 dan\u0131\u015f\u0131b. O, haz\u0131rl\u0131q prosesinin qaydas\u0131nda getdiyini a&ccedil;\u0131qlay\u0131b: &quot;G&ouml;r\u0259k, nec\u0259 olacaq. H\u0259r \u015fey m&uuml;mk&uuml;nd&uuml;. Top yumru, meydan d&uuml;zd&uuml;&quot;.<br \/>\n&nbsp;Qeyd ed\u0259k ki, Tofiq B\u0259hramov ad\u0131na Respublika stadionunda ke&ccedil;iril\u0259c\u0259k Az\u0259rbaycan &#8211; Almaniya g&ouml;r&uuml;\u015f&uuml; saat 20:00-da ba\u015flanacaq.<\/p>\n","protected":false},"excerpt":{"rendered":"<p>R&ouml;vn\u0259q Abdullayev: Almaniya bizim oyun sirl\u0259rimizi &ouml;yr\u0259n\u0259c\u0259kdi? &quot;Futbol&ccedil;ular\u0131m\u0131z\u0131 t\u0259brik edir\u0259m. Yax\u015f\u0131 oyun s\u0259rgil\u0259dil\u0259r&quot;. Apasport.az sayt\u0131n\u0131n m\u0259lumat\u0131na g&ouml;r\u0259, bunu AFFA-n\u0131n prezidenti R&ouml;vn\u0259q Abdullayev deyib. O, Az\u0259rbaycan milli komandas\u0131n\u0131n mart\u0131n 9-da Dohada&hellip;<\/p>\n","protected":false},"author":1,"featured_media":251278,"comment_status":"open","ping_status":"open","sticky":false,"template":"","format":"standard","meta":{"_lmt_disableupdate":"","_lmt_disable":"","footnotes":""},"categories":[90],"tags":[],"class_list":["post-44567","post","type-post","status-publish","format-standard","has-post-thumbnail","hentry","category-idman-butun-xeberler"],"_links":{"self":[{"href":"https:\/\/ucnoqta.az\/index.php?rest_route=\/wp\/v2\/posts\/44567","targetHints":{"allow":["GET"]}}],"collection":[{"href":"https:\/\/ucnoqta.az\/index.php?rest_route=\/wp\/v2\/posts"}],"about":[{"href":"https:\/\/ucnoqta.az\/index.php?rest_route=\/wp\/v2\/types\/post"}],"author":[{"embeddable":true,"href":"https:\/\/ucnoqta.az\/index.php?rest_route=\/wp\/v2\/users\/1"}],"replies":[{"embeddable":true,"href":"https:\/\/ucnoqta.az\/index.php?rest_route=%2Fwp%2Fv2%2Fcomments&post=44567"}],"version-history":[{"count":0,"href":"https:\/\/ucnoqta.az\/index.php?rest_route=\/wp\/v2\/posts\/44567\/revisions"}],"wp:featuredmedia":[{"embeddable":true,"href":"https:\/\/ucnoqta.az\/index.php?rest_route=\/wp\/v2\/media\/251278"}],"wp:attachment":[{"href":"https:\/\/ucnoqta.az\/index.php?rest_route=%2Fwp%2Fv2%2Fmedia&parent=44567"}],"wp:term":[{"taxonomy":"category","embeddable":true,"href":"https:\/\/ucnoqta.az\/index.php?rest_route=%2Fwp%2Fv2%2Fcategories&post=44567"},{"taxonomy":"post_tag","embeddable":true,"href":"https:\/\/ucnoqta.az\/index.php?rest_route=%2Fwp%2Fv2%2Ftags&post=44567"}],"curies":[{"name":"wp","href":"https:\/\/api.w.org\/{rel}","templated":true}]}}