{"id":44559,"date":"2017-03-10T17:25:21","date_gmt":"2017-03-10T13:25:21","guid":{"rendered":""},"modified":"-0001-11-30T00:00:00","modified_gmt":"-0001-11-29T20:00:00","slug":"","status":"publish","type":"post","link":"https:\/\/ucnoqta.az\/?p=44559","title":{"rendered":"<font color=red><b>Prezident \u0130lham \u018fliyev Donald Tuska t\u0259brik m\u0259ktubu g\u00f6nd\u0259rib<\/b><\/font>"},"content":{"rendered":"<p><span style=\"line-height: 1.6em;\">Az\u0259rbaycan Prezidenti \u0130lham \u018fliyev Avropa \u0130ttifaq\u0131 \u015euras\u0131n\u0131n prezidenti Donald Tuska t\u0259brik m\u0259ktubu g&ouml;nd\u0259rib.<\/span><br \/>\n<span style=\"line-height: 1.6em;\">T\u0259brikd\u0259 deyilir:<br \/>\n&quot;Avropa \u0130ttifaq\u0131 \u015euras\u0131n\u0131n Prezidenti v\u0259zif\u0259sin\u0259 yenid\u0259n se&ccedil;ilm\u0259yiniz m&uuml;nasib\u0259til\u0259 Sizi s\u0259mimi q\u0259lbd\u0259n t\u0259brik edir\u0259m.<\/span><br \/>\n<span style=\"line-height: 1.6em;\">&Ouml;t\u0259n ay Avropa \u0130ttifaq\u0131 v\u0259 Az\u0259rbaycan aras\u0131nda yeni ikit\u0259r\u0259fli sazi\u015f layih\u0259si &uuml;zr\u0259 dan\u0131\u015f\u0131qlara ba\u015flan\u0131lmas\u0131 m\u0259qs\u0259dil\u0259 Sizin d\u0259v\u0259tiniz \u0259sas\u0131nda Br&uuml;ssel\u0259 s\u0259f\u0259rimi, el\u0259c\u0259 d\u0259 s\u0259f\u0259r zaman\u0131 Sizinl\u0259 g&ouml;r&uuml;\u015f&uuml;m&uuml;z&uuml;, apard\u0131\u011f\u0131m\u0131z fikir m&uuml;badil\u0259sini m\u0259mnuniyy\u0259tl\u0259 xat\u0131rlay\u0131ram.<\/span><br \/>\n<span style=\"line-height: 1.6em;\">Avropa \u0130ttifaq\u0131-Az\u0259rbaycan m&uuml;nasib\u0259tl\u0259rinin inki\u015faf\u0131na, el\u0259c\u0259 d\u0259 Az\u0259rbaycan\u0131n m&uuml;st\u0259qilliyi, suverenliyi v\u0259 \u0259razi b&uuml;t&ouml;vl&uuml;y&uuml;n\u0259 verdiyiniz d\u0259st\u0259yiniz\u0259 g&ouml;r\u0259 Siz\u0259 bir daha t\u0259\u015f\u0259kk&uuml;r edir\u0259m.<\/span><br \/>\n<span style=\"line-height: 1.6em;\">Az\u0259rbaycan Avropa \u0130ttifaq\u0131 il\u0259 \u0259laq\u0259l\u0259rinin h\u0259rt\u0259r\u0259fli inki\u015faf\u0131na x&uuml;susi \u0259h\u0259miyy\u0259t verir. Sevindirici hald\u0131r ki, siyasi, iqtisadi, m\u0259d\u0259ni v\u0259 dig\u0259r sah\u0259l\u0259rd\u0259 \u0259laq\u0259l\u0259rimiz u\u011furla inki\u015faf etm\u0259kd\u0259dir. Az\u0259rbaycan Avropan\u0131n enerji t\u0259hl&uuml;k\u0259sizliyinin t\u0259minat\u0131nda etibarl\u0131 t\u0259r\u0259fda\u015f oldu\u011funu s&uuml;but etmi\u015fdir.<\/span><br \/>\n<span style=\"line-height: 1.6em;\">\u0130nan\u0131ram ki, sa\u011flam t\u0259m\u0259l, etimad v\u0259 d\u0259st\u0259k &uuml;z\u0259rind\u0259 qurdu\u011fumuz t\u0259r\u0259fda\u015fl\u0131q \u0259laq\u0259l\u0259rinin, qar\u015f\u0131l\u0131ql\u0131 faydal\u0131 \u0259m\u0259kda\u015fl\u0131\u011f\u0131m\u0131z\u0131n bundan sonra da m&uuml;v\u0259ff\u0259qiyy\u0259tl\u0259 davam etdirilm\u0259si &uuml;&ccedil;&uuml;n birg\u0259 s\u0259yl\u0259rimizi davam etdir\u0259c\u0259yik.<\/span><br \/>\n<span style=\"line-height: 1.6em;\">H&ouml;rm\u0259tli c\u0259nab prezident, Sizi bir daha t\u0259brik edir, m&ouml;hk\u0259m cansa\u011fl\u0131\u011f\u0131, xo\u015fb\u0259xtlik, qar\u015f\u0131dak\u0131 m\u0259sul v\u0259 \u015f\u0259r\u0259fli f\u0259aliyy\u0259tinizd\u0259 u\u011furlar dil\u0259yir\u0259m&quot;.<\/span><\/p>\n","protected":false},"excerpt":{"rendered":"<p>Az\u0259rbaycan Prezidenti \u0130lham \u018fliyev Avropa \u0130ttifaq\u0131 \u015euras\u0131n\u0131n prezidenti Donald Tuska t\u0259brik m\u0259ktubu g&ouml;nd\u0259rib. T\u0259brikd\u0259 deyilir: &quot;Avropa \u0130ttifaq\u0131 \u015euras\u0131n\u0131n Prezidenti v\u0259zif\u0259sin\u0259 yenid\u0259n se&ccedil;ilm\u0259yiniz m&uuml;nasib\u0259til\u0259 Sizi s\u0259mimi q\u0259lbd\u0259n t\u0259brik edir\u0259m. &Ouml;t\u0259n ay&hellip;<\/p>\n","protected":false},"author":1,"featured_media":251278,"comment_status":"open","ping_status":"open","sticky":false,"template":"","format":"standard","meta":{"_lmt_disableupdate":"","_lmt_disable":"","footnotes":""},"categories":[],"tags":[],"class_list":["post-44559","post","type-post","status-publish","format-standard","has-post-thumbnail","hentry"],"_links":{"self":[{"href":"https:\/\/ucnoqta.az\/index.php?rest_route=\/wp\/v2\/posts\/44559","targetHints":{"allow":["GET"]}}],"collection":[{"href":"https:\/\/ucnoqta.az\/index.php?rest_route=\/wp\/v2\/posts"}],"about":[{"href":"https:\/\/ucnoqta.az\/index.php?rest_route=\/wp\/v2\/types\/post"}],"author":[{"embeddable":true,"href":"https:\/\/ucnoqta.az\/index.php?rest_route=\/wp\/v2\/users\/1"}],"replies":[{"embeddable":true,"href":"https:\/\/ucnoqta.az\/index.php?rest_route=%2Fwp%2Fv2%2Fcomments&post=44559"}],"version-history":[{"count":0,"href":"https:\/\/ucnoqta.az\/index.php?rest_route=\/wp\/v2\/posts\/44559\/revisions"}],"wp:featuredmedia":[{"embeddable":true,"href":"https:\/\/ucnoqta.az\/index.php?rest_route=\/wp\/v2\/media\/251278"}],"wp:attachment":[{"href":"https:\/\/ucnoqta.az\/index.php?rest_route=%2Fwp%2Fv2%2Fmedia&parent=44559"}],"wp:term":[{"taxonomy":"category","embeddable":true,"href":"https:\/\/ucnoqta.az\/index.php?rest_route=%2Fwp%2Fv2%2Fcategories&post=44559"},{"taxonomy":"post_tag","embeddable":true,"href":"https:\/\/ucnoqta.az\/index.php?rest_route=%2Fwp%2Fv2%2Ftags&post=44559"}],"curies":[{"name":"wp","href":"https:\/\/api.w.org\/{rel}","templated":true}]}}