{"id":44555,"date":"2017-03-11T00:48:43","date_gmt":"2017-03-10T20:48:43","guid":{"rendered":""},"modified":"-0001-11-30T00:00:00","modified_gmt":"-0001-11-29T20:00:00","slug":"","status":"publish","type":"post","link":"https:\/\/ucnoqta.az\/?p=44555","title":{"rendered":"Tolerantl\u0131q tarix\u0259n az\u0259rbaycanl\u0131lar\u0131n h\u0259yat t\u0259rzi olub"},"content":{"rendered":"<p><strong><span style=\"line-height: 1.6em;\">Tolerantl\u0131q t\u0259kc\u0259 dinl\u0259rin bir-birin\u0259 d&ouml;z&uuml;ml&uuml;l&uuml;y&uuml; deyil, h\u0259m d\u0259 bir-birinin ad\u0259tl\u0259rin\u0259 d&ouml;z&uuml;ml&uuml;l&uuml;k dem\u0259kdir<\/span><\/strong><\/p>\n<p>\nTolerantl\u0131q, d&ouml;z&uuml;ml&uuml;l&uuml;k h\u0259m insani m&uuml;nasib\u0259tl\u0259rin, h\u0259m insan c\u0259miyy\u0259tind\u0259 ged\u0259n prosesl\u0259rin, h\u0259m d\u0259 d&ouml;vl\u0259tl\u0259raras\u0131, mill\u0259tl\u0259raras\u0131, dinl\u0259raras\u0131 m&uuml;nasib\u0259tl\u0259rin bir &ccedil;ox c\u0259h\u0259tl\u0259rin\u0259 aiddir&#8230; O, t\u0259kc\u0259 dinl\u0259rin bir-birin\u0259 d&ouml;z&uuml;ml&uuml;l&uuml;y&uuml; deyil, h\u0259m d\u0259 bir-birinin ad\u0259tl\u0259rin\u0259, m\u0259n\u0259viyyat\u0131na d&ouml;z&uuml;ml&uuml;l&uuml;k, m\u0259d\u0259niyy\u0259tl\u0259r\u0259 d&ouml;z&uuml;ml&uuml;l&uuml;k dem\u0259kdir. Multikulturalizm v\u0259 tolerantl\u0131q tarix\u0259n az\u0259rbaycanl\u0131lar\u0131n h\u0259yat t\u0259rzi olub, milli kimliyind\u0259n, dilind\u0259n, dinind\u0259n as\u0131l\u0131 olmayaraq Az\u0259rbaycan d&ouml;vl\u0259tinin h\u0259r bir v\u0259t\u0259nda\u015f\u0131n\u0131n g&uuml;nd\u0259lik h\u0259yat t\u0259rzin\u0259 &ccedil;evrilib. Az\u0259rbaycan xalq\u0131n\u0131n z\u0259ngin multikultural ke&ccedil;mi\u015fi t\u0259kc\u0259 xalq\u0131m\u0131z\u0131n bug&uuml;nk&uuml; tolerant ya\u015fam t\u0259rzi il\u0259 deyil, h\u0259m d\u0259 yaratm\u0131\u015f oldu\u011fu \u0259d\u0259bi-b\u0259dii, elmi-f\u0259ls\u0259fi, siyasi-h&uuml;quqi qaynaqlarda, s\u0259n\u0259dl\u0259rd\u0259 ya\u015fay\u0131r. \u018fd\u0259biyyat\u0131m\u0131zda &ldquo;Kitabi-D\u0259d\u0259 Qorqud&rdquo; dastan\u0131ndan bu g&uuml;n\u0259 q\u0259d\u0259r &ccedil;oxm\u0259d\u0259niyy\u0259tliliy\u0259, orta \u0259srl\u0259r Az\u0259rbaycan poeziyas\u0131 n&uuml;may\u0259nd\u0259l\u0259rinin \u0259s\u0259rl\u0259rind\u0259 &uuml;mumb\u0259\u015f\u0259ri d\u0259y\u0259rl\u0259rin t\u0259bli\u011fin\u0259 rast g\u0259linir. S&ouml;z s\u0259rraf\u0131 olan v\u0259 b\u0259dii yarad\u0131c\u0131l\u0131\u011f\u0131n \u0259n g&ouml;z\u0259l n&uuml;mun\u0259l\u0259rini yaradan Nizami G\u0259nc\u0259vinin \u0259s\u0259rl\u0259ri bu c\u0259h\u0259td\u0259n x&uuml;susil\u0259 f\u0259rql\u0259nir. O, h\u0259l\u0259 XII \u0259srd\u0259 yeddi m\u0259d\u0259niyy\u0259ti t\u0259svir ed\u0259n &ldquo;Yeddi g&ouml;z\u0259l&rdquo; \u0259s\u0259rini yarad\u0131r. Nizami G\u0259nc\u0259vi &uuml;&ccedil;&uuml;n \u015f\u0259xsiyy\u0259tin \u0259n y&uuml;ks\u0259k meyar\u0131 insanl\u0131q idi. \u0130rqi, milli v\u0259 dini ayr\u0131-se&ccedil;kiliyi q\u0259bul etm\u0259y\u0259n bu \u015fairin q\u0259hr\u0259manlar\u0131 i&ccedil;\u0259risind\u0259 t&uuml;rk, fars, \u0259r\u0259b, hindli, &ccedil;inli, h\u0259b\u0259\u015f, yunan, g&uuml;rc&uuml; v\u0259 ba\u015fqa xalqlar\u0131n n&uuml;may\u0259nd\u0259l\u0259rin\u0259 rast g\u0259lirik. &nbsp;Az\u0259rbaycan \u0259halisinin &ccedil;oxmilli t\u0259rkibi bizim s\u0259rv\u0259timizdir, &uuml;st&uuml;nl&uuml;y&uuml;m&uuml;zd&uuml;r. Multikulturalizmin h\u0259yat t\u0259rzin\u0259 &ccedil;evrildiyi Az\u0259rbaycan\u0131n d&uuml;nyaya tolerantl\u0131q n&uuml;mun\u0259si olaraq daha geni\u015f tan\u0131d\u0131lmas\u0131, el\u0259c\u0259 d\u0259 ayr\u0131-ayr\u0131 &ouml;lk\u0259l\u0259rd\u0259ki m&uuml;xt\u0259lif multikultural modell\u0259r\u0259 xas f\u0259ls\u0259fi, sosial, siyasi v\u0259 dig\u0259r aspektl\u0259rin Az\u0259rbaycan reall\u0131\u011f\u0131nda t\u0259hlili v\u0259 t\u0259\u015fviqi &uuml;&ccedil;&uuml;n Prezident \u0130lham \u018fliyevin F\u0259rman\u0131 il\u0259 Bak\u0131 Beyn\u0259lxalq Multikulturalizm M\u0259rk\u0259zi yarad\u0131l\u0131b. &nbsp;M\u0259rk\u0259zin icra&ccedil;\u0131 direktoru Azad M\u0259mm\u0259dov m&uuml;sahib\u0259sind\u0259n birind\u0259 bildirib ki, multikulturalizm Az\u0259rbaycanda \u0259srl\u0259rd\u0259n b\u0259ri formala\u015fan, eyni zamanda, b\u0259dii, psixoloji-m\u0259n\u0259vi m&uuml;st\u0259vid\u0259n k\u0259nara &ccedil;\u0131xmayan d\u0259y\u0259rl\u0259r toplusu kimi m&ouml;vcud olub. &quot;Haz\u0131rda is\u0259 multikulturalizm &ouml;lk\u0259mizd\u0259 alternativi olmayan h\u0259yat t\u0259rzidir. Az\u0259rbaycan tarix\u0259n m&uuml;xt\u0259lif xalqlar\u0131n v\u0259 dinl\u0259rin n&uuml;may\u0259nd\u0259l\u0259rinin s&uuml;lh, dostluq \u015f\u0259raitind\u0259 ya\u015fad\u0131\u011f\u0131 m\u0259kan olub. Bu g&uuml;n Az\u0259rbaycan d&uuml;nyada t\u0259kc\u0259 enerji resurslar\u0131 il\u0259 z\u0259ngin olan &ouml;lk\u0259 kimi deyil, h\u0259m d\u0259 humanizm prinsipl\u0259rin\u0259 sadiq, tolerant v\u0259 multikultural &ouml;lk\u0259 kimi tan\u0131n\u0131r&quot;. Onun s&ouml;zl\u0259rin\u0259 g&ouml;r\u0259, &uuml;mummilli lideri Heyd\u0259r \u018fliyevin siyasi irad\u0259si n\u0259tic\u0259sind\u0259 Az\u0259rbaycan tarix\u0259n sahib oldu\u011fu tolerantl\u0131q v\u0259 multikulturalizm \u0259n\u0259n\u0259l\u0259rini h&uuml;quqi v\u0259 siyasi m&uuml;st\u0259vid\u0259 yenid\u0259n b\u0259rpa etdi. &quot;Heyd\u0259r \u018fliyev Az\u0259rbaycan\u0131n g\u0259l\u0259c\u0259k u\u011furlu inki\u015faf\u0131 &uuml;&ccedil;&uuml;n d\u0259qiq ideoloji h\u0259d\u0259f se&ccedil;di v\u0259 &ouml;z uzaqg&ouml;r\u0259n, m&uuml;drik siyas\u0259ti il\u0259 \u0259srl\u0259r boyu formala\u015fan &ccedil;oxm\u0259d\u0259niyy\u0259tlilik \u0259n\u0259n\u0259sini inki\u015faf etdir\u0259r\u0259k onu keyfiyy\u0259tc\u0259 yeni m\u0259rh\u0259l\u0259y\u0259 qald\u0131rd\u0131. Birm\u0259nal\u0131 \u015f\u0259kild\u0259 qeyd etm\u0259k olar ki, Ulu &Ouml;nd\u0259r Az\u0259rbaycan multikulturalizminin siyasi banisidir. Heyd\u0259r \u018fliyevin t\u0259\u015f\u0259bb&uuml;s&uuml; v\u0259 g&ouml;st\u0259ri\u015fi il\u0259 milli azl\u0131qlar\u0131n \u0259d\u0259biyyat, m\u0259d\u0259niyy\u0259t, dil, tarix, ad\u0259t-\u0259n\u0259n\u0259l\u0259rinin qorunub saxlanmas\u0131na, inki\u015faf etdirilm\u0259sin\u0259 qanuni z\u0259min yarad\u0131ld\u0131&quot;. M\u0259rk\u0259zin icra&ccedil;\u0131 direktoru &nbsp;bildirib ki, Az\u0259rbaycan Respublikas\u0131 Konstitusiyas\u0131n\u0131n 25-ci madd\u0259si il\u0259 m\u0259n\u015f\u0259yind\u0259n, irqind\u0259n, dinind\u0259n v\u0259 dilind\u0259n as\u0131l\u0131 olmayaraq h\u0259r k\u0259sin h&uuml;quq v\u0259 azadl\u0131qlar\u0131na h&ouml;rm\u0259t t\u0259min olundu. &quot;Bununla yana\u015f\u0131, Ulu &Ouml;nd\u0259rin hakimiyy\u0259t\u0259 g\u0259lm\u0259sind\u0259n sonra q\u0259bul edil\u0259n bir &ccedil;ox qanunlarda Az\u0259rbaycan \u0259razisind\u0259 ya\u015fayan b&uuml;t&uuml;n milli azl\u0131qlar\u0131n m\u0259d\u0259ni kimliyin\u0259 t\u0259minat verildi. &Uuml;mummilli Liderin Az\u0259rbaycanda milli azl\u0131qlarla ba\u011fl\u0131 siyas\u0259ti beyn\u0259lxalq qurumlar t\u0259r\u0259find\u0259n d\u0259 h\u0259r zaman m&uuml;sb\u0259t qar\u015f\u0131lan\u0131b.Ulu &Ouml;nd\u0259r Heyd\u0259r \u018fliyevin r\u0259hb\u0259rliyi il\u0259 Az\u0259rbaycan xalq\u0131n\u0131n multikultural \u0259n\u0259n\u0259l\u0259rinin qorunmas\u0131 sah\u0259sind\u0259 h\u0259yata ke&ccedil;iril\u0259n siyasi istiqam\u0259t haz\u0131rda Prezident \u0130lham \u018fliyev t\u0259r\u0259find\u0259n davam v\u0259 inki\u015faf etdirilir. D&ouml;vl\u0259timizin ba\u015f&ccedil;\u0131s\u0131n\u0131n IV Bak\u0131 Beyn\u0259lxalq Humanitar Forumunda dediyi kimi &ldquo;Multikulturalizmin m&uuml;asir d&uuml;nyada alternativi yoxdur. &Ccedil;&uuml;nki d&uuml;nya &ouml;lk\u0259l\u0259rinin m&uuml;tl\u0259q \u0259ks\u0259riyy\u0259ti &ccedil;oxmill\u0259tli &ouml;lk\u0259l\u0259rdir. \u018fg\u0259r multikulturalizm iflasa u\u011fray\u0131bsa, onda bunun alternativi n\u0259 ola bil\u0259r? Bu da &ccedil;ox ayd\u0131nd\u0131r. Bu, ayr\u0131-se&ccedil;kilikdir, irq&ccedil;ilikdir, ksenofobiyad\u0131r, islamofobiyad\u0131r, antisemitizmdir&rdquo;.<br \/>\nN\u0259rimanov rayon \u0130cra Hakimiyy\u0259tinin ba\u015f&ccedil;\u0131s\u0131 Abdin F\u0259rz\u0259liyev is\u0259 bildirib ki,&nbsp;<br \/>\nHeyd\u0259r \u018fliyev &ouml;z m&uuml;drik siyas\u0259ti il\u0259 \u0259srl\u0259r boyu formala\u015fm\u0131\u015f Az\u0259rbaycan &ccedil;oxm\u0259d\u0259niyy\u0259tlilik \u0259n\u0259n\u0259sini inki\u015faf etdir\u0259r\u0259k keyfiyy\u0259tc\u0259 yeni m&uuml;st\u0259viy\u0259 ke&ccedil;iribdir. Onun s&ouml;zl\u0259rin\u0259 g&ouml;r\u0259. &uuml;mummilli lider Heyd\u0259r \u018fliyev haql\u0131 olaraq az\u0259rbaycan&ccedil;\u0131l\u0131\u011f\u0131n \u0259sas t\u0259rkib hiss\u0259si olan tolerant, multikulturalizm siyas\u0259tini &ouml;lk\u0259nin demokratik v\u0259 etnom\u0259d\u0259ni inki\u015faf\u0131n\u0131n m&uuml;h&uuml;m elementl\u0259rind\u0259n biri hesab edirdi. O, Az\u0259rbaycan \u0259razisind\u0259 ya\u015fayan b&uuml;t&uuml;n etnoslar\u0131n h&uuml;quq v\u0259 azadl\u0131qlar\u0131n\u0131n, o c&uuml;ml\u0259d\u0259n etnik-m\u0259d\u0259ni d\u0259y\u0259rl\u0259rinin qorunmas\u0131n\u0131 demokratiyan\u0131n m&uuml;h&uuml;m prinsipi olan insanlar\u0131n h&uuml;quq v\u0259 azadl\u0131qlar\u0131n\u0131n qorunmas\u0131ndan ir\u0259li g\u0259ldiyini g&ouml;st\u0259rirdi. &quot;Ulu &ouml;nd\u0259rin r\u0259hb\u0259rliyi il\u0259 demokratik inki\u015faf yolu g&ouml;t&uuml;rm&uuml;\u015f Az\u0259rbaycan Respublikas\u0131 onun qeyd etdiyi kimi dinind\u0259n, dilind\u0259n, irqind\u0259n as\u0131l\u0131 olmayaraq b&uuml;t&uuml;n v\u0259t\u0259nda\u015flar\u0131n eyni h&uuml;quqlara malik olmalar\u0131n\u0131 t\u0259min etm\u0259li idi. M\u0259hz ulu &ouml;nd\u0259rin t\u0259\u015f\u0259bb&uuml;sl\u0259ri v\u0259 siyasi uzaqg&ouml;r\u0259nliyi il\u0259 az\u0259rbay&not;can&ccedil;\u0131l\u0131q ideologiyas\u0131n\u0131n ba\u015fl\u0131ca prinsipl\u0259rinin &ndash; ana dili, milli m\u0259d\u0259&not;niyy\u0259t, milli-m\u0259n\u0259vi d\u0259y\u0259rl\u0259rin inki\u015faf\u0131 v\u0259 c\u0259miyy\u0259t t\u0259r\u0259find\u0259n m\u0259nims\u0259nilm\u0259si sah\u0259sind\u0259 ard\u0131c\u0131l v\u0259 m\u0259qs\u0259dy&ouml;nl&uuml; add\u0131mlar\u0131n at\u0131lmas\u0131 &ouml;z n&ouml;vb\u0259sind\u0259 multikultural d\u0259y\u0259rl\u0259rin m&ouml;hk\u0259ml\u0259nm\u0259sin\u0259 yol a&ccedil;d\u0131. \u018fn \u0259sas\u0131 multikulturalizm m&uuml;st\u0259qil Az\u0259rbaycan\u0131n f\u0259ls\u0259fi-sosioloji doktrinas\u0131n\u0131n sosiom\u0259d\u0259ni v\u0259 etno-siyasi c\u0259h\u0259tl\u0259rini &ouml;z&uuml;nd\u0259 birl\u0259\u015fdirdi&quot;,- o deyib.<br \/>\nOnun s&ouml;zl\u0259rin\u0259 g&ouml;r\u0259, t\u0259sad&uuml;fi deyil ki, 1995-ci ild\u0259 q\u0259bul edil\u0259n Az\u0259rbaycan Respublikas\u0131 Konstitusiyas\u0131n\u0131n 25-ci madd\u0259si il\u0259 m\u0259n\u015f\u0259yind\u0259n, irqind\u0259n, dinind\u0259n v\u0259 dilind\u0259n as\u0131l\u0131 olmayaraq h\u0259r k\u0259sin h&uuml;quq v\u0259 azadl\u0131qlar\u0131na h&ouml;rm\u0259t t\u0259min olundu. &quot;Bununla yana\u015f\u0131, Ulu &ouml;nd\u0259rin hakimiyy\u0259t\u0259 g\u0259lm\u0259sind\u0259n sonra q\u0259bul edil\u0259n bir &ccedil;ox qanunlarda Az\u0259rbaycan \u0259razisind\u0259 ya\u015fayan b&uuml;t&uuml;n xalqlar\u0131n m\u0259d\u0259ni kimliyin\u0259 t\u0259minat verildi. Onlar\u0131n \u0259d\u0259biyyat, m\u0259d\u0259niyy\u0259t, dil, tarix, ad\u0259t-\u0259n\u0259n\u0259l\u0259rinin qorunub saxlanmas\u0131na, inki\u015faf etdirilm\u0259sin\u0259 h&uuml;quqi z\u0259min yarad\u0131ld\u0131. &Uuml;mummilli liderin bu siyas\u0259ti beyn\u0259lxalq qurumlar t\u0259r\u0259find\u0259n d\u0259 h\u0259r zaman m&uuml;sb\u0259t qar\u015f\u0131lan\u0131rd\u0131. &Uuml;mummilli Lider Heyd\u0259r \u018fliyev haql\u0131 olaraq qeyd edirdi ki, &ldquo;Az\u0259rbaycan \u0259halisinin &ccedil;oxmilli t\u0259rkibi bizim s\u0259rv\u0259timizdir, &uuml;st&uuml;nl&uuml;y&uuml;m&uuml;zd&uuml;r. Biz bunu qiym\u0259tl\u0259ndiririk v\u0259 qoruyub saxlayaca\u011f\u0131q. D&ouml;vl\u0259t, &ouml;lk\u0259 n\u0259 q\u0259d\u0259r &ccedil;ox xalq\u0131 birl\u0259\u015fdirs\u0259, bir o q\u0259d\u0259r z\u0259ngin olur, &ccedil;&uuml;nki onlar\u0131n h\u0259r biri &uuml;mumd&uuml;nya m\u0259d\u0259niyy\u0259tin\u0259 v\u0259 sivilizasiyas\u0131na &ouml;z t&ouml;hf\u0259sini verir&rdquo;.<br \/>\n\u0130cra hakimi bildirib ki, u\u011furlar\u0131m\u0131z\u0131n t\u0259m\u0259lind\u0259 h\u0259m d\u0259 Prezident \u0130lham \u018fliyevin q\u0259tiyy\u0259ti, \u0259zmkarl\u0131\u011f\u0131 v\u0259 ulu &ouml;nd\u0259rin irsinin layiqinc\u0259 ya\u015fad\u0131lmas\u0131 dayan\u0131r. &quot; Ulu &ouml;nd\u0259r Heyd\u0259r \u018fliyevin qurdu\u011fu Az\u0259rbaycan bu g&uuml;n onun siyasi davam&ccedil;\u0131s\u0131 olan Prezident \u0130lham \u018fliyevin r\u0259hb\u0259rliyi il\u0259 daha da inki\u015faf edir, d&uuml;nya birliyinin layiqli &uuml;zv&uuml; kimi m&uuml;st\u0259qil siyas\u0259t h\u0259yata ke&ccedil;irir. H\u0259r sah\u0259d\u0259 qazand\u0131\u011f\u0131m\u0131z u\u011furlar\u0131n t\u0259m\u0259lind\u0259 Prezident \u0130lham \u018fliyevin q\u0259tiyy\u0259ti, \u0259zmkarl\u0131\u011f\u0131 v\u0259 ulu &ouml;nd\u0259rin irsinin layiqinc\u0259 ya\u015fad\u0131lmas\u0131 dayan\u0131r. &Uuml;mummilli Lider Heyd\u0259r \u018fliyevin r\u0259hb\u0259rliyi alt\u0131nda &ouml;lk\u0259mizd\u0259 Az\u0259rbaycan xalq\u0131n\u0131n multikultural d\u0259y\u0259rl\u0259rin qorunmas\u0131 v\u0259 inki\u015faf etdirilm\u0259si sah\u0259sind\u0259 h\u0259yata ke&ccedil;iril\u0259n siyasi f\u0259aliyy\u0259t d\u0259 Prezident \u0130lham \u018fliyev t\u0259r\u0259find\u0259n u\u011furla davam etdirilir&quot;.<\/p>\n","protected":false},"excerpt":{"rendered":"<p>Tolerantl\u0131q t\u0259kc\u0259 dinl\u0259rin bir-birin\u0259 d&ouml;z&uuml;ml&uuml;l&uuml;y&uuml; deyil, h\u0259m d\u0259 bir-birinin ad\u0259tl\u0259rin\u0259 d&ouml;z&uuml;ml&uuml;l&uuml;k dem\u0259kdir Tolerantl\u0131q, d&ouml;z&uuml;ml&uuml;l&uuml;k h\u0259m insani m&uuml;nasib\u0259tl\u0259rin, h\u0259m insan c\u0259miyy\u0259tind\u0259 ged\u0259n prosesl\u0259rin, h\u0259m d\u0259 d&ouml;vl\u0259tl\u0259raras\u0131, mill\u0259tl\u0259raras\u0131, dinl\u0259raras\u0131 m&uuml;nasib\u0259tl\u0259rin bir &ccedil;ox&hellip;<\/p>\n","protected":false},"author":1,"featured_media":251278,"comment_status":"open","ping_status":"open","sticky":false,"template":"","format":"standard","meta":{"_lmt_disableupdate":"","_lmt_disable":"","footnotes":""},"categories":[1],"tags":[],"class_list":["post-44555","post","type-post","status-publish","format-standard","has-post-thumbnail","hentry","category-esas"],"_links":{"self":[{"href":"https:\/\/ucnoqta.az\/index.php?rest_route=\/wp\/v2\/posts\/44555","targetHints":{"allow":["GET"]}}],"collection":[{"href":"https:\/\/ucnoqta.az\/index.php?rest_route=\/wp\/v2\/posts"}],"about":[{"href":"https:\/\/ucnoqta.az\/index.php?rest_route=\/wp\/v2\/types\/post"}],"author":[{"embeddable":true,"href":"https:\/\/ucnoqta.az\/index.php?rest_route=\/wp\/v2\/users\/1"}],"replies":[{"embeddable":true,"href":"https:\/\/ucnoqta.az\/index.php?rest_route=%2Fwp%2Fv2%2Fcomments&post=44555"}],"version-history":[{"count":0,"href":"https:\/\/ucnoqta.az\/index.php?rest_route=\/wp\/v2\/posts\/44555\/revisions"}],"wp:featuredmedia":[{"embeddable":true,"href":"https:\/\/ucnoqta.az\/index.php?rest_route=\/wp\/v2\/media\/251278"}],"wp:attachment":[{"href":"https:\/\/ucnoqta.az\/index.php?rest_route=%2Fwp%2Fv2%2Fmedia&parent=44555"}],"wp:term":[{"taxonomy":"category","embeddable":true,"href":"https:\/\/ucnoqta.az\/index.php?rest_route=%2Fwp%2Fv2%2Fcategories&post=44555"},{"taxonomy":"post_tag","embeddable":true,"href":"https:\/\/ucnoqta.az\/index.php?rest_route=%2Fwp%2Fv2%2Ftags&post=44555"}],"curies":[{"name":"wp","href":"https:\/\/api.w.org\/{rel}","templated":true}]}}