{"id":44554,"date":"2017-03-10T16:43:16","date_gmt":"2017-03-10T12:43:16","guid":{"rendered":""},"modified":"-0001-11-30T00:00:00","modified_gmt":"-0001-11-29T20:00:00","slug":"","status":"publish","type":"post","link":"https:\/\/ucnoqta.az\/?p=44554","title":{"rendered":"Bak\u0131da \u201cB\u00f6y\u00fck D\u0259bilq\u0259\u201d turniri start g\u00f6t\u00fcr\u00fcb"},"content":{"rendered":"<p><span style=\"line-height: 1.6em;\">Bu g&uuml;n c&uuml;do &uuml;zr\u0259 &ldquo;B&ouml;y&uuml;k D\u0259bilq\u0259&rdquo; turnirinin r\u0259smi a&ccedil;\u0131l\u0131\u015f m\u0259rasimi ke&ccedil;irilib. Apasport.az sayt\u0131n\u0131n m\u0259lumat\u0131na g&ouml;r\u0259, t\u0259dbird\u0259 Beyn\u0259lxalq C&uuml;do Federasiyas\u0131n\u0131n (\u0130JF) prezidenti Marius Vizer, g\u0259ncl\u0259r v\u0259 idman nazirinin m&uuml;avini \u0130smay\u0131l \u0130smay\u0131lov, Az\u0259rbaycan C&uuml;do Federasiyas\u0131n\u0131n (ACF) prezidenti R&ouml;vn\u0259q Abdullayev &ccedil;\u0131x\u0131\u015f edibl\u0259r.<\/span><br \/>\n<span style=\"line-height: 1.6em;\">Onlar &ccedil;\u0131x\u0131\u015flar\u0131nda vur\u011fulay\u0131blar ki, bel\u0259 m&ouml;t\u0259b\u0259r yar\u0131\u015flar\u0131n Az\u0259rbaycanda t\u0259\u015fkili &ouml;lk\u0259d\u0259 idman\u0131n inki\u015faf\u0131n\u0131 y&uuml;ks\u0259k s\u0259viyy\u0259d\u0259 olma\u011f\u0131n\u0131n s&uuml;butdu. \u0130smay\u0131lov c&uuml;donun Az\u0259rbaycanda \u0259n populyar idman n&ouml;vl\u0259rind\u0259n biri oldu\u011funu deyib. O, fikirl\u0259rini idman&ccedil;\u0131lar\u0131m\u0131z\u0131n u\u011furlar\u0131 il\u0259 \u0259laq\u0259l\u0259ndirib.<\/span><br \/>\n<span style=\"line-height: 1.6em;\">Yar\u0131\u015f\u0131n t\u0259\u015fkili &uuml;&ccedil;&uuml;n Az\u0259rbaycan prezidenti \u0130lham \u018fliyev v\u0259 ACF-n\u0131n r\u0259hb\u0259ri R&ouml;vn\u0259q Abdullayev\u0259 minn\u0259tdarl\u0131\u011f\u0131n\u0131 bildir\u0259n \u0130JF ba\u015f&ccedil;\u0131s\u0131 &ldquo;B&ouml;y&uuml;k D\u0259bilq\u0259&rdquo;nin &ouml;lk\u0259mizd\u0259 \u0259n\u0259n\u0259vi ke&ccedil;irilm\u0259sin\u0259 \u015fad oldu\u011funu deyib: &ldquo;Az\u0259rbaycan C&uuml;do Federasiyas\u0131n\u0131 t\u0259brik edir\u0259m ki, onlar bel\u0259 bir yar\u0131\u015f\u0131n t\u0259\u015fkilini &ouml;z &uuml;z\u0259rl\u0259rin\u0259 g&ouml;t&uuml;r&uuml;bl\u0259r. M\u0259n n&ouml;vb\u0259ti bir ne&ccedil;\u0259 g&uuml;nd\u0259 d\u0259 Bak\u0131da olacam. Laz\u0131m\u0131 k&ouml;m\u0259kliyi siz\u0259 etm\u0259y\u0259 haz\u0131ram&rdquo;.<\/span><br \/>\n<span style=\"line-height: 1.6em;\">R&ouml;vn\u0259q Abdullayev Az\u0259rbaycana g\u0259l\u0259n y\u0131\u011fmalar\u0131n r\u0259hb\u0259rliyin\u0259 t\u0259\u015f\u0259kk&uuml;r&uuml;n&uuml; &ccedil;atd\u0131r\u0131b. O bildirib ki, bu turnir Az\u0259rbaycanda \u0259n\u0259n\u0259vi turnir\u0259 &ccedil;evrilib v\u0259 b&ouml;y&uuml;k bir c&uuml;do bayram\u0131 kimi q\u0259bul edilir: &ldquo;Bu da g\u0259ncl\u0259rin c&uuml;do il\u0259 m\u0259\u015f\u011ful olmas\u0131na, idman\u0131n k&uuml;tl\u0259vil\u0259\u015fm\u0259sin\u0259 t\u0259kan ver\u0259c\u0259k&rdquo;. Abdullayev ard\u0131nca yar\u0131\u015f\u0131 a&ccedil;\u0131q elan edib. A&ccedil;\u0131l\u0131\u015f b\u0259dii hiss\u0259 il\u0259 davam etdirilib.<\/span><br \/>\n<span style=\"line-height: 1.6em;\">Qeyd ed\u0259k ki, &ldquo;B&ouml;y&uuml;k D\u0259bilq\u0259&rdquo;d\u0259 &uuml;mumilikd\u0259 31 &ouml;lk\u0259d\u0259n 183 (110 ki\u015fi, 73 qad\u0131n) c&uuml;do&ccedil;u m&uuml;bariz\u0259 apar\u0131r. Bu g&uuml;n start g&ouml;t&uuml;r\u0259n yar\u0131\u015f\u0131n ilk g&uuml;n&uuml;nd\u0259 7 d\u0259st medal sahibini tapacaq. Bir g&uuml;nl&uuml;k fasil\u0259d\u0259n sonra mart\u0131n 12-d\u0259 davam etdiril\u0259c\u0259k turnird\u0259 daha 7 &ccedil;\u0259ki &uuml;zr\u0259 qalibl\u0259r m&uuml;\u0259yy\u0259nl\u0259\u015f\u0259c\u0259k. Az\u0259rbaycan &ldquo;B&ouml;y&uuml;k D\u0259bilq\u0259&rdquo;d\u0259 50 idman&ccedil;\u0131 il\u0259 t\u0259msil olunur.<\/span><\/p>\n","protected":false},"excerpt":{"rendered":"<p>Bu g&uuml;n c&uuml;do &uuml;zr\u0259 &ldquo;B&ouml;y&uuml;k D\u0259bilq\u0259&rdquo; turnirinin r\u0259smi a&ccedil;\u0131l\u0131\u015f m\u0259rasimi ke&ccedil;irilib. Apasport.az sayt\u0131n\u0131n m\u0259lumat\u0131na g&ouml;r\u0259, t\u0259dbird\u0259 Beyn\u0259lxalq C&uuml;do Federasiyas\u0131n\u0131n (\u0130JF) prezidenti Marius Vizer, g\u0259ncl\u0259r v\u0259 idman nazirinin m&uuml;avini \u0130smay\u0131l \u0130smay\u0131lov,&hellip;<\/p>\n","protected":false},"author":1,"featured_media":251278,"comment_status":"open","ping_status":"open","sticky":false,"template":"","format":"standard","meta":{"_lmt_disableupdate":"","_lmt_disable":"","footnotes":""},"categories":[90],"tags":[],"class_list":["post-44554","post","type-post","status-publish","format-standard","has-post-thumbnail","hentry","category-idman-butun-xeberler"],"_links":{"self":[{"href":"https:\/\/ucnoqta.az\/index.php?rest_route=\/wp\/v2\/posts\/44554","targetHints":{"allow":["GET"]}}],"collection":[{"href":"https:\/\/ucnoqta.az\/index.php?rest_route=\/wp\/v2\/posts"}],"about":[{"href":"https:\/\/ucnoqta.az\/index.php?rest_route=\/wp\/v2\/types\/post"}],"author":[{"embeddable":true,"href":"https:\/\/ucnoqta.az\/index.php?rest_route=\/wp\/v2\/users\/1"}],"replies":[{"embeddable":true,"href":"https:\/\/ucnoqta.az\/index.php?rest_route=%2Fwp%2Fv2%2Fcomments&post=44554"}],"version-history":[{"count":0,"href":"https:\/\/ucnoqta.az\/index.php?rest_route=\/wp\/v2\/posts\/44554\/revisions"}],"wp:featuredmedia":[{"embeddable":true,"href":"https:\/\/ucnoqta.az\/index.php?rest_route=\/wp\/v2\/media\/251278"}],"wp:attachment":[{"href":"https:\/\/ucnoqta.az\/index.php?rest_route=%2Fwp%2Fv2%2Fmedia&parent=44554"}],"wp:term":[{"taxonomy":"category","embeddable":true,"href":"https:\/\/ucnoqta.az\/index.php?rest_route=%2Fwp%2Fv2%2Fcategories&post=44554"},{"taxonomy":"post_tag","embeddable":true,"href":"https:\/\/ucnoqta.az\/index.php?rest_route=%2Fwp%2Fv2%2Ftags&post=44554"}],"curies":[{"name":"wp","href":"https:\/\/api.w.org\/{rel}","templated":true}]}}