{"id":44553,"date":"2017-03-10T16:40:16","date_gmt":"2017-03-10T12:40:16","guid":{"rendered":""},"modified":"-0001-11-30T00:00:00","modified_gmt":"-0001-11-29T20:00:00","slug":"","status":"publish","type":"post","link":"https:\/\/ucnoqta.az\/?p=44553","title":{"rendered":"Daxili Qo\u015funlar\u0131n h\u0259rbi qulluq\u00e7ular\u0131 t\u0259ltif edildi- <font color=red><b>S\u0130YAHI<\/b><\/font>"},"content":{"rendered":"<p><span style=\"line-height: 1.6em;\">Az\u0259rbaycan Prezidenti \u0130lham \u018fliyev Daxili \u0130\u015fl\u0259r Nazirliyinin Daxili Qo\u015funlar\u0131 h\u0259rbi qulluq&ccedil;ular\u0131n\u0131n t\u0259ltif edilm\u0259si haqq\u0131nda s\u0259r\u0259ncam imzalay\u0131b.&nbsp;<\/span><br \/>\n<span style=\"line-height: 1.6em;\">Daxili \u0130\u015fl\u0259r Nazirliyi Daxili Qo\u015funlar\u0131n\u0131n yarad\u0131lmas\u0131n\u0131n 25-ci ild&ouml;n&uuml;m&uuml; il\u0259 \u0259laq\u0259dar olaraq, d&ouml;vl\u0259tin \u0259razi b&uuml;t&ouml;vl&uuml;y&uuml;n&uuml;n t\u0259min olunmas\u0131nda i\u015ftirak etdikl\u0259rin\u0259, d&ouml;y&uuml;\u015f zaman\u0131 igidlik g&ouml;st\u0259rdikl\u0259rin\u0259, &ouml;z xidm\u0259ti v\u0259zif\u0259l\u0259rini v\u0259 h\u0259rbi hiss\u0259 qar\u015f\u0131s\u0131nda qoyulmu\u015f tap\u015f\u0131r\u0131qlar\u0131 yerin\u0259 yetir\u0259rk\u0259n f\u0259rql\u0259ndikl\u0259rin\u0259 g&ouml;r\u0259 t\u0259ltif edilibl\u0259r.&nbsp;<\/span><\/p>\n<p>\n<strong>&ldquo;V\u0259t\u0259n u\u011frunda&quot; medal\u0131 il\u0259<\/strong><br \/>\n\u0130lyasov Etibar S&uuml;leyman o\u011flu &ndash; polkovnik<br \/>\nH\u0259s\u0259nov &Ccedil;\u0259rk\u0259z Muxtar o\u011flu &ndash; gizir (&ouml;l&uuml;m&uuml;nd\u0259n sonra).<\/p>\n<p>\n<strong>&ldquo;\u0130gidliy\u0259 g&ouml;r\u0259&rdquo; medal\u0131 il\u0259<\/strong><br \/>\nA\u011fasiyev V&uuml;qar Vaqif o\u011flu &ndash; \u0259sg\u0259r (&ouml;l&uuml;m&uuml;nd\u0259n sonra)<br \/>\n\u0130lyasov \u015eamil Kamil o\u011flu &ndash; \u0259sg\u0259r (&ouml;l&uuml;m&uuml;nd\u0259n sonra).<\/p>\n<p>\n<strong>&ldquo;H\u0259rbi xidm\u0259tl\u0259r\u0259 g&ouml;r\u0259&rdquo; medal\u0131 il\u0259<\/strong><br \/>\nAbbasov M\u0259h\u0259mm\u0259d \u018fhm\u0259d o\u011flu &ndash; polkovnik-leytenant<br \/>\nA\u011fayev \u0130lham Miri o\u011flu &ndash; polkovnik-leytenant<br \/>\n\u018fliyev Rauf Fazil o\u011flu &ndash; polkovnik-leytenant<br \/>\n\u018fliyev Sahil As\u0259f o\u011flu &ndash; polkovnik-leytenant<br \/>\nM\u0259h\u0259rr\u0259mov El\u015f\u0259n \u0130nqilab o\u011flu &ndash; polkovnik-leytenant\u0131<br \/>\nM\u0259mm\u0259dov Amid Qa\u011fa o\u011flu &ndash; polkovnik-leytenant<br \/>\nM\u0259mm\u0259dov Ramin \u0130srafil o\u011flu &ndash; polkovnik-leytenant<br \/>\nPiriyev Maqsud Mehman o\u011flu &ndash; polkovnik-leytenant<br \/>\nR&uuml;st\u0259mov \u018fl\u0259ddin \u015e\u0259mi o\u011flu &ndash; polkovnik-leytenant<br \/>\nRzayev Cavad Xan\u0259hm\u0259d o\u011flu &ndash; polkovnik-leytenant<br \/>\n\u015eahmarov \u015eahin \u018fliqulu o\u011flu &ndash; tibb xidm\u0259ti polkovnik-leytenant\u0131<br \/>\nY&uuml;zba\u015f\u0131yev K\u0259nan M\u0259h\u0259mm\u0259d o\u011flu &ndash; polkovnik-leytenant<br \/>\n\u018fs\u0259dov \u018flinam\u0259 \u015eakir o\u011flu &ndash; mayor<br \/>\nQarayev H&uuml;seyn \u018frr\u0259hman o\u011flu &ndash; mayor<br \/>\nNur\u0259liyev Asif Tofiq o\u011flu &ndash; mayor<br \/>\nQuliyev Samir Calal o\u011flu &ndash; kapitan<\/p>\n","protected":false},"excerpt":{"rendered":"<p>Az\u0259rbaycan Prezidenti \u0130lham \u018fliyev Daxili \u0130\u015fl\u0259r Nazirliyinin Daxili Qo\u015funlar\u0131 h\u0259rbi qulluq&ccedil;ular\u0131n\u0131n t\u0259ltif edilm\u0259si haqq\u0131nda s\u0259r\u0259ncam imzalay\u0131b.&nbsp; Daxili \u0130\u015fl\u0259r Nazirliyi Daxili Qo\u015funlar\u0131n\u0131n yarad\u0131lmas\u0131n\u0131n 25-ci ild&ouml;n&uuml;m&uuml; il\u0259 \u0259laq\u0259dar olaraq, d&ouml;vl\u0259tin \u0259razi b&uuml;t&ouml;vl&uuml;y&uuml;n&uuml;n&hellip;<\/p>\n","protected":false},"author":1,"featured_media":251278,"comment_status":"open","ping_status":"open","sticky":false,"template":"","format":"standard","meta":{"_lmt_disableupdate":"","_lmt_disable":"","footnotes":""},"categories":[],"tags":[],"class_list":["post-44553","post","type-post","status-publish","format-standard","has-post-thumbnail","hentry"],"_links":{"self":[{"href":"https:\/\/ucnoqta.az\/index.php?rest_route=\/wp\/v2\/posts\/44553","targetHints":{"allow":["GET"]}}],"collection":[{"href":"https:\/\/ucnoqta.az\/index.php?rest_route=\/wp\/v2\/posts"}],"about":[{"href":"https:\/\/ucnoqta.az\/index.php?rest_route=\/wp\/v2\/types\/post"}],"author":[{"embeddable":true,"href":"https:\/\/ucnoqta.az\/index.php?rest_route=\/wp\/v2\/users\/1"}],"replies":[{"embeddable":true,"href":"https:\/\/ucnoqta.az\/index.php?rest_route=%2Fwp%2Fv2%2Fcomments&post=44553"}],"version-history":[{"count":0,"href":"https:\/\/ucnoqta.az\/index.php?rest_route=\/wp\/v2\/posts\/44553\/revisions"}],"wp:featuredmedia":[{"embeddable":true,"href":"https:\/\/ucnoqta.az\/index.php?rest_route=\/wp\/v2\/media\/251278"}],"wp:attachment":[{"href":"https:\/\/ucnoqta.az\/index.php?rest_route=%2Fwp%2Fv2%2Fmedia&parent=44553"}],"wp:term":[{"taxonomy":"category","embeddable":true,"href":"https:\/\/ucnoqta.az\/index.php?rest_route=%2Fwp%2Fv2%2Fcategories&post=44553"},{"taxonomy":"post_tag","embeddable":true,"href":"https:\/\/ucnoqta.az\/index.php?rest_route=%2Fwp%2Fv2%2Ftags&post=44553"}],"curies":[{"name":"wp","href":"https:\/\/api.w.org\/{rel}","templated":true}]}}