{"id":44549,"date":"2017-03-10T16:05:31","date_gmt":"2017-03-10T12:05:31","guid":{"rendered":""},"modified":"-0001-11-30T00:00:00","modified_gmt":"-0001-11-29T20:00:00","slug":"","status":"publish","type":"post","link":"https:\/\/ucnoqta.az\/?p=44549","title":{"rendered":"\u015e\u0259mkird\u0259 3 f\u0259rdi ya\u015fay\u0131\u015f evi Qaraba\u011f m\u00fcharib\u0259si \u0259lill\u0259rin\u0259 t\u0259qdim edilib"},"content":{"rendered":"<p><span style=\"line-height: 1.6em;\">&nbsp;<\/span><span style=\"line-height: 1.6em;\">Prezident \u0130lham \u018fliyevin &ldquo;Az\u0259rbaycan Respublikas\u0131n\u0131n \u0259razi b&uuml;t&ouml;vl&uuml;y&uuml;n&uuml;n, m&uuml;st\u0259qilliyinin v\u0259 konstitusiya qurulu\u015funun m&uuml;dafi\u0259si il\u0259 \u0259laq\u0259dar \u0259lil olmu\u015f \u015f\u0259xsl\u0259rin v\u0259 \u015f\u0259hid ail\u0259l\u0259rinin sosial-m\u0259i\u015f\u0259t \u015f\u0259raitinin yax\u015f\u0131la\u015fd\u0131r\u0131lmas\u0131na dair \u0259lav\u0259 t\u0259dbirl\u0259r haqq\u0131nda&rdquo; 2014-c&uuml; il 20 iyun tarixli s\u0259r\u0259ncam\u0131n\u0131n icras\u0131 i\u015fl\u0259rinin davam\u0131 olaraq, \u018fm\u0259k v\u0259 \u018fhalinin Sosial M&uuml;dafi\u0259si Nazirliyi t\u0259r\u0259find\u0259n \u015e\u0259mkir rayonunda in\u015fa olunmu\u015f 3 \u0259d\u0259d f\u0259rdi ya\u015fay\u0131\u015f evi Qaraba\u011f m&uuml;harib\u0259si \u0259lill\u0259rin\u0259 t\u0259qdim olunub.<\/span><br \/>\n<span style=\"line-height: 1.6em;\">Yeni f\u0259rdi ya\u015fay\u0131\u015f evl\u0259ri il\u0259 t\u0259min olunan Qaraba\u011f m&uuml;harib\u0259si \u0259lill\u0259ri v\u0259 onlar\u0131n ail\u0259 &uuml;zvl\u0259ri &ouml;lk\u0259mizd\u0259 \u0259halinin sosial m&uuml;dafi\u0259sinin g&uuml;cl\u0259ndirilm\u0259si, \u0259lilliyi olan \u015f\u0259xsl\u0259rin, \u015f\u0259hid ail\u0259l\u0259rinin h\u0259yat \u015f\u0259raitl\u0259rinin yax\u015f\u0131la\u015fd\u0131r\u0131lmas\u0131 &uuml;&ccedil;&uuml;n g&ouml;r&uuml;l\u0259n i\u015fl\u0259rd\u0259n raz\u0131l\u0131qla b\u0259hs edibl\u0259r. Onlar sosial c\u0259h\u0259td\u0259n h\u0259ssas qruplardan olan insanlara g&ouml;st\u0259ril\u0259n y&uuml;ks\u0259k diqq\u0259t v\u0259 qay\u011f\u0131ya, o c&uuml;ml\u0259d\u0259n Qaraba\u011f m&uuml;harib\u0259si \u0259lill\u0259rinin v\u0259 \u015f\u0259hid ail\u0259l\u0259rinin yeni m\u0259nzill\u0259rl\u0259 t\u0259min olunmas\u0131na g&ouml;r\u0259 Az\u0259rbaycan Prezidenti c\u0259nab \u0130lham \u018fliyev\u0259 minn\u0259tdarl\u0131qlar\u0131n\u0131 ifad\u0259 edibl\u0259r.<\/span><br \/>\n<span style=\"line-height: 1.6em;\">Evl\u0259rin t\u0259qdim olunmas\u0131 zaman\u0131 \u018fm\u0259k v\u0259 \u018fhalinin Sosial M&uuml;dafi\u0259si Nazirliyi yan\u0131nda D&ouml;vl\u0259t Sosial M&uuml;dafi\u0259 Fondunun direktor m&uuml;avini S\u0259f\u0259r Mehdiyev dayan\u0131ql\u0131 sosial-iqtisadi inki\u015faf\u0131n t\u0259min olundu\u011fu &ouml;lk\u0259mizd\u0259 sosial c\u0259h\u0259td\u0259n h\u0259ssas \u0259hali qruplar\u0131n\u0131n etibarl\u0131 sosial m&uuml;dafi\u0259 sistemi il\u0259 \u0259hat\u0259 edildikl\u0259rini vur\u011fulay\u0131b. O bildirib ki, &ouml;lk\u0259mizd\u0259 b&uuml;t&uuml;n sosial proqramlarla b\u0259rab\u0259r, Qaraba\u011f m&uuml;harib\u0259si \u0259lill\u0259ri v\u0259 \u015f\u0259hid ail\u0259l\u0259rinin m\u0259nzill\u0259 t\u0259minat\u0131 istiqam\u0259tind\u0259 d\u0259 t\u0259dbirl\u0259r d\u0259 u\u011furla davam etdirilir.<\/span><br \/>\n<span style=\"line-height: 1.6em;\">Qeyd olunub ki, 2015-2016-c\u0131 ill\u0259rd\u0259 \u018fm\u0259k v\u0259 \u018fhalinin Sosial M&uuml;dafi\u0259si Nazirliyi t\u0259r\u0259find\u0259n Bak\u0131 \u015f\u0259h\u0259ri v\u0259 respublikam\u0131z\u0131n b&ouml;lg\u0259l\u0259ri &uuml;zr\u0259 &uuml;mumilikd\u0259 569 n\u0259f\u0259r Qaraba\u011f m&uuml;harib\u0259si \u0259lili v\u0259 \u015f\u0259hid ail\u0259si m\u0259nzill\u0259 t\u0259min olunub. Haz\u0131rda bu t\u0259b\u0259q\u0259l\u0259rd\u0259n olan v\u0259t\u0259nda\u015flar &uuml;&ccedil;&uuml;n f\u0259rdi v\u0259 &ccedil;oxm\u0259nzilli ya\u015fay\u0131\u015f evl\u0259rinin tikintisi, h\u0259m&ccedil;inin haz\u0131r ya\u015fay\u0131\u015f binalar\u0131ndan m\u0259nzill\u0259rin tender yolu il\u0259 al\u0131nmas\u0131 v\u0259 t\u0259mir etdirilm\u0259si i\u015fl\u0259ri davam etdirilir. Eyni zamanda, \u015e\u0259mkir rayonunda da yeni f\u0259rdi evl\u0259r in\u015fa olunmaqdad\u0131r, yax\u0131n g&uuml;nl\u0259rd\u0259 onlar\u0131n tikintisi i\u015fl\u0259ri d\u0259 tamamlanacaq v\u0259 istifad\u0259y\u0259 veril\u0259c\u0259k.<\/span><\/p>\n<p>Qaraba\u011f m&uuml;harib\u0259si \u0259lill\u0259ri v\u0259 \u015f\u0259hid ail\u0259l\u0259rinin dig\u0259r sah\u0259l\u0259rd\u0259 d\u0259 d&ouml;vl\u0259t qay\u011f\u0131s\u0131 il\u0259 t\u0259min olunduqlar\u0131, onlara y&ouml;n\u0259l\u0259n sosial &ouml;d\u0259ni\u015fl\u0259rin m&uuml;t\u0259madi olaraq art\u0131r\u0131ld\u0131\u011f\u0131 diqq\u0259t\u0259 &ccedil;atd\u0131r\u0131l\u0131b. Qeyd olunanlar bu g&uuml;n Az\u0259rbaycanda Qaraba\u011f m&uuml;harib\u0259si \u0259lill\u0259rinin v\u0259 \u015f\u0259hid ail\u0259l\u0259rinin daim Prezident qay\u011f\u0131s\u0131 il\u0259 \u0259hat\u0259 olunduqlar\u0131n\u0131 t\u0259sdiq edir v\u0259 h\u0259min insanlar\u0131n h\u0259rt\u0259r\u0259fli t\u0259minat\u0131n\u0131n g&uuml;cl\u0259nm\u0259sin\u0259 y&ouml;n\u0259l\u0259n i\u015fl\u0259rin qar\u015f\u0131dak\u0131 d&ouml;vrd\u0259 d\u0259 u\u011furla davam etdiril\u0259c\u0259yin\u0259 \u0259minlik hissi yarad\u0131r.<\/p>\n<p>Daha sonra t\u0259dbirl\u0259rin i\u015ftirak&ccedil;\u0131lar\u0131 yeni ya\u015fay\u0131\u015f evl\u0259rin\u0259 bax\u0131\u015f ke&ccedil;iribl\u0259r. \u0130stifad\u0259y\u0259 veril\u0259n evl\u0259rin h\u0259r birind\u0259 m&uuml;asir t\u0259l\u0259bl\u0259r\u0259 uy\u011fun ya\u015fay\u0131\u015f \u015f\u0259raiti yarad\u0131l\u0131b.<\/p>\n","protected":false},"excerpt":{"rendered":"<p>&nbsp;Prezident \u0130lham \u018fliyevin &ldquo;Az\u0259rbaycan Respublikas\u0131n\u0131n \u0259razi b&uuml;t&ouml;vl&uuml;y&uuml;n&uuml;n, m&uuml;st\u0259qilliyinin v\u0259 konstitusiya qurulu\u015funun m&uuml;dafi\u0259si il\u0259 \u0259laq\u0259dar \u0259lil olmu\u015f \u015f\u0259xsl\u0259rin v\u0259 \u015f\u0259hid ail\u0259l\u0259rinin sosial-m\u0259i\u015f\u0259t \u015f\u0259raitinin yax\u015f\u0131la\u015fd\u0131r\u0131lmas\u0131na dair \u0259lav\u0259 t\u0259dbirl\u0259r haqq\u0131nda&rdquo; 2014-c&uuml; il 20&hellip;<\/p>\n","protected":false},"author":1,"featured_media":251278,"comment_status":"open","ping_status":"open","sticky":false,"template":"","format":"standard","meta":{"_lmt_disableupdate":"","_lmt_disable":"","footnotes":""},"categories":[101],"tags":[],"class_list":["post-44549","post","type-post","status-publish","format-standard","has-post-thumbnail","hentry","category-cemiyyet"],"_links":{"self":[{"href":"https:\/\/ucnoqta.az\/index.php?rest_route=\/wp\/v2\/posts\/44549","targetHints":{"allow":["GET"]}}],"collection":[{"href":"https:\/\/ucnoqta.az\/index.php?rest_route=\/wp\/v2\/posts"}],"about":[{"href":"https:\/\/ucnoqta.az\/index.php?rest_route=\/wp\/v2\/types\/post"}],"author":[{"embeddable":true,"href":"https:\/\/ucnoqta.az\/index.php?rest_route=\/wp\/v2\/users\/1"}],"replies":[{"embeddable":true,"href":"https:\/\/ucnoqta.az\/index.php?rest_route=%2Fwp%2Fv2%2Fcomments&post=44549"}],"version-history":[{"count":0,"href":"https:\/\/ucnoqta.az\/index.php?rest_route=\/wp\/v2\/posts\/44549\/revisions"}],"wp:featuredmedia":[{"embeddable":true,"href":"https:\/\/ucnoqta.az\/index.php?rest_route=\/wp\/v2\/media\/251278"}],"wp:attachment":[{"href":"https:\/\/ucnoqta.az\/index.php?rest_route=%2Fwp%2Fv2%2Fmedia&parent=44549"}],"wp:term":[{"taxonomy":"category","embeddable":true,"href":"https:\/\/ucnoqta.az\/index.php?rest_route=%2Fwp%2Fv2%2Fcategories&post=44549"},{"taxonomy":"post_tag","embeddable":true,"href":"https:\/\/ucnoqta.az\/index.php?rest_route=%2Fwp%2Fv2%2Ftags&post=44549"}],"curies":[{"name":"wp","href":"https:\/\/api.w.org\/{rel}","templated":true}]}}