{"id":44548,"date":"2017-03-10T18:02:49","date_gmt":"2017-03-10T14:02:49","guid":{"rendered":""},"modified":"-0001-11-30T00:00:00","modified_gmt":"-0001-11-29T20:00:00","slug":"","status":"publish","type":"post","link":"https:\/\/ucnoqta.az\/?p=44548","title":{"rendered":"Pravoslav v\u0259 katolik kils\u0259l\u0259r, sinaqoqlar, at\u0259\u015fp\u0259r\u0259stl\u0259r m\u0259b\u0259di bizim m\u0259d\u0259ni irsimizin t\u0259rkib hiss\u0259sidir"},"content":{"rendered":"<p><strong><span style=\"line-height: 1.6em;\">Bu onu g&ouml;st\u0259rir ki, Az\u0259rbaycan h\u0259r zaman dinl\u0259raras\u0131 birg\u0259ya\u015fay\u0131\u015f, tolerant, etnik v\u0259 dini m&uuml;xt\u0259liflik m\u0259kan\u0131 olub<\/span><\/strong><\/p>\n<p>Az\u0259rbaycanda d&ouml;vl\u0259t-din m&uuml;nasib\u0259tl\u0259rinin t\u0259nziml\u0259nm\u0259si, dini sah\u0259d\u0259 sabitliy\u0259 nail olunmas\u0131, konfessiyalar aras\u0131nda d&ouml;z&uuml;ml&uuml;l&uuml;k m&uuml;hitinin d&ouml;vl\u0259t s\u0259viyy\u0259sind\u0259 qorunub saxlan\u0131lmas\u0131 m\u0259hz Heyd\u0259r \u018fliyevin ad\u0131 il\u0259 ba\u011fl\u0131d\u0131r. Onun ikinci d\u0259f\u0259 hakimiyy\u0259t\u0259 qay\u0131d\u0131\u015f\u0131ndan sonra tolerantl\u0131q m&uuml;hiti d&ouml;vl\u0259t-din konsepsiyas\u0131na uy\u011fun daha da m&ouml;hk\u0259ml\u0259nib, bu sah\u0259 d\u0259 d&ouml;vl\u0259t siyas\u0259tinin prioritet istiqam\u0259tin\u0259 &ccedil;evrilib. Tarix\u0259n dinl\u0259rin v\u0259 m\u0259d\u0259niyy\u0259tl\u0259rin qov\u015fa\u011f\u0131 olmu\u015f Az\u0259rbaycan bu g&uuml;n d\u0259 eyni funksiyan\u0131 u\u011furla yerin\u0259 yetirir. &nbsp;Az\u0259rbaycan Respublikas\u0131n\u0131n Prezidenti deyib: &quot;Biz Avropa v\u0259 Asiya aras\u0131nda yerl\u0259\u015firik. \u018flb\u0259tt\u0259 ki, bu co\u011frafi yerl\u0259\u015fm\u0259 Az\u0259rbaycan\u0131n m\u0259d\u0259ni m&uuml;xt\u0259lifliyind\u0259 &ouml;z rolunu oynay\u0131b. \u018fsrl\u0259r boyu b&uuml;t&uuml;n m\u0259d\u0259niyy\u0259tl\u0259r, dinl\u0259r v\u0259 etnik qruplar\u0131n n&uuml;may\u0259nd\u0259l\u0259ri Az\u0259rbaycanda s&uuml;lh v\u0259 l\u0259yaq\u0259t \u015f\u0259raitind\u0259 bir ail\u0259 kimi ya\u015fay\u0131blar. Biz f\u0259xr edirik ki, bu m&uuml;sb\u0259t meyill\u0259r m&uuml;st\u0259qillik ill\u0259rind\u0259 daha da g&uuml;cl\u0259nib. Bizim tarixi abid\u0259l\u0259r\u0259 n\u0259z\u0259r salmaq yet\u0259r ki, Az\u0259rbaycan\u0131n m\u0259d\u0259ni m&uuml;xt\u0259lifliyi ayd\u0131n g&ouml;r&uuml;ns&uuml;n. Biz tarixi v\u0259 m\u0259d\u0259ni irsimizl\u0259 f\u0259xr edirik. Pravoslav v\u0259 katolik kils\u0259l\u0259r, sinaqoqlar, at\u0259\u015fp\u0259r\u0259stl\u0259r m\u0259b\u0259di bizim m\u0259d\u0259ni irsimizin t\u0259rkib hiss\u0259sidir v\u0259 biz bununla f\u0259xr edirik&quot;. Bu onu g&ouml;st\u0259rir ki, Az\u0259rbaycan h\u0259r zaman dinl\u0259raras\u0131 birg\u0259ya\u015fay\u0131\u015f, tolerant, etnik v\u0259 dini m&uuml;xt\u0259liflik m\u0259kan\u0131 olub. Bu, h\u0259r zaman &ouml;z&uuml;n\u0259m\u0259xsuslu\u011fumuzun t\u0259rkib hiss\u0259si olub. Bu g&uuml;n d\u0259 Az\u0259rbaycan \u0259halisinin t\u0259rkibi h\u0259m etnik, h\u0259m dini, h\u0259m d\u0259 m\u0259zh\u0259b bax\u0131m\u0131ndan z\u0259ngindir. Amma xo\u015fb\u0259xtlikd\u0259n m&uuml;xt\u0259lif dinl\u0259rin v\u0259 dini f\u0259ls\u0259fi c\u0259r\u0259yanlar\u0131n yay\u0131ld\u0131\u011f\u0131 Az\u0259rbaycanda b&uuml;t&uuml;n tarixi d&ouml;vrl\u0259rd\u0259 etnik v\u0259 dini icmalar aras\u0131nda m&ouml;hk\u0259m d&ouml;z&uuml;ml&uuml;l&uuml;k \u0259laq\u0259l\u0259ri formala\u015f\u0131b, milli, irqi v\u0259 dini z\u0259mind\u0259 he&ccedil; bir ayr\u0131se&ccedil;kilik fakt\u0131 qeyd\u0259 al\u0131nmay\u0131b. M&uuml;xt\u0259lif tarixi d&ouml;vrl\u0259rd\u0259 Az\u0259rbaycan \u0259razisind\u0259 m\u0259skunla\u015fm\u0131\u015f dini-etnik qruplar burada &ouml;zl\u0259rini n\u0259inki yad hesab etm\u0259yib, h\u0259tta yerli \u0259hali il\u0259 qaynay\u0131b-qar\u0131\u015f\u0131b, qohumluq \u0259laq\u0259l\u0259ri qurublar. F\u0259rqli dini konfessiyalar\u0131n n&uuml;may\u0259nd\u0259l\u0259ri h\u0259r zaman Az\u0259rbaycan xalq\u0131 il\u0259 h\u0259mr\u0259y olub, vahid V\u0259t\u0259nimizin azadl\u0131\u011f\u0131 v\u0259 firavanl\u0131\u011f\u0131 u\u011frunda m&uuml;bariz\u0259 apar\u0131blar. Az\u0259rbaycanda f\u0259aliyy\u0259t g&ouml;st\u0259r\u0259n dini konfessiyalar aras\u0131nda tarix\u0259n formala\u015fm\u0131\u015f tolerant m&uuml;nasib\u0259t m&ouml;vcud olub. Bu m&uuml;nasib\u0259t qar\u015f\u0131l\u0131ql\u0131 h&ouml;rm\u0259t\u0259, \u0259m\u0259kda\u015fl\u0131\u011fa v\u0259 z\u0259rur\u0259t yarand\u0131qda bir-birini d\u0259st\u0259kl\u0259m\u0259k prinsipin\u0259 \u0259saslan\u0131r. &quot;Az\u0259rbaycanda milli v\u0259 dini birg\u0259ya\u015fay\u0131\u015f\u0131n \u0259n sivil normalar\u0131 m&ouml;vcuddur, &ouml;lk\u0259d\u0259ki tolerantl\u0131q m&uuml;hiti, d&ouml;vl\u0259t-din m&uuml;nasib\u0259tl\u0259ri b&uuml;t&uuml;n d&uuml;nyada n&uuml;mun\u0259 kimi q\u0259bul olunur&quot;,- Az\u0259rbaycan Respublikas\u0131n\u0131n Prezidenti \u0130lham \u018fliyev deyib.<br \/>\nBunlar onu g&ouml;st\u0259rir ki, Az\u0259rbaycanda m&uuml;xt\u0259lif mill\u0259tl\u0259r\u0259, dinl\u0259r\u0259. \u0259n\u0259n\u0259l\u0259r\u0259 m\u0259xsus insanlar aras\u0131nda tarix\u0259n mehriban m&uuml;nasib\u0259tl\u0259r m&ouml;vcud olub. M&uuml;st\u0259qillik ill\u0259rind\u0259 bu \u0259n\u0259n\u0259l\u0259rin daha da g&uuml;cl\u0259ndirilm\u0259si m&uuml;asir Az\u0259rbaycan\u0131n &nbsp;\u0259n b&ouml;y&uuml;k naliyy\u0259tl\u0259rind\u0259n biri kimi diqq\u0259t m\u0259rk\u0259zind\u0259 olub ki, bu g&uuml;n &ouml;lk\u0259mizd\u0259 m&ouml;vcud olan tolerantl\u0131q, multikulturalizm f\u0259rqli m\u0259d\u0259niyy\u0259tl\u0259rin yana\u015f\u0131 v\u0259 ya birg\u0259 ya\u015fay\u0131\u015f t\u0259rzidir v\u0259 azsayl\u0131 xalqlar\u0131n &ouml;z etnik-m\u0259d\u0259ni d\u0259y\u0259rl\u0259rini qorumaq &uuml;&ccedil;&uuml;n azadl\u0131q verm\u0259kl\u0259 yana\u015f\u0131 onlar\u0131n ya\u015fad\u0131qlar\u0131 c\u0259miyy\u0259tin b&uuml;t&uuml;n sah\u0259l\u0259rind\u0259 f\u0259al i\u015ftirak etm\u0259l\u0259ri &uuml;&ccedil;&uuml;n h\u0259r c&uuml;r \u015f\u0259rait yarad\u0131l\u0131b. Etnik, irqi, dini v\u0259 m\u0259d\u0259ni m&uuml;xt\u0259liflikl\u0259r, bu m&uuml;xt\u0259liflikl\u0259rin \u0259sas\u0131n\u0131 t\u0259\u015fkil ed\u0259n d\u0259y\u0259rl\u0259r &ouml;n planda olub. Az\u0259rbaycan\u0131n &ccedil;oxmill\u0259tli v\u0259 m&uuml;xt\u0259lif dinl\u0259rin ard\u0131c\u0131llar\u0131n\u0131n ya\u015fad\u0131\u011f\u0131 &ouml;lk\u0259 olmas\u0131, milli siyas\u0259tin m&uuml;xt\u0259lif mill\u0259t, etnik qrup v\u0259 dini azl\u0131qlar\u0131n dinc yana\u015f\u0131 ya\u015famas\u0131 v\u0259 d&ouml;z&uuml;ml&uuml;l&uuml;k prinsipl\u0259ri \u0259sas\u0131nda m&uuml;\u0259yy\u0259nl\u0259\u015fdirilm\u0259si, konstitusiyada da t\u0259sbit olunub: &ldquo;D&ouml;vl\u0259t irqind\u0259n, milliyy\u0259tind\u0259n, dinind\u0259n, dilind\u0259n, cinsind\u0259n, m\u0259n\u015f\u0259yind\u0259n, \u0259mlak v\u0259ziyy\u0259tind\u0259n, qulluq m&ouml;vqeyind\u0259n, \u0259qid\u0259sind\u0259n, siyasi partiyalara, h\u0259mkarlar ittifaqlar\u0131na v\u0259 dig\u0259r ictimai birlikl\u0259r\u0259 m\u0259nsubiyy\u0259tind\u0259n as\u0131l\u0131 olmayaraq, h\u0259r k\u0259sin h&uuml;quq v\u0259 azadl\u0131qlar\u0131n\u0131n b\u0259rab\u0259rliyin\u0259 t\u0259minat verir v\u0259 b&uuml;t&uuml;n v\u0259t\u0259nda\u015flar eyni h&uuml;quqlara malikdir&quot;<br \/>\nHeyd\u0259r \u018fliyev Fondunun vitse-prezidenti Leyla \u018fliyeva da &ouml;lk\u0259mizd\u0259 m&ouml;vcud olan tolerant m&uuml;hiti g&uuml;nd\u0259lik h\u0259yat t\u0259rzimiz kimi qiym\u0259tl\u0259ndirib. Leyla \u018fliyeva deyib: &quot;Dini v\u0259 m\u0259d\u0259ni d&ouml;z&uuml;ml&uuml;l&uuml;k bizim &uuml;&ccedil;&uuml;n nailiyy\u0259t deyildir. Bu, bizim g&uuml;nd\u0259lik h\u0259yat t\u0259rzimizdir. Bu, h\u0259m d\u0259 bizim bildiyimiz yegan\u0259 h\u0259yat t\u0259rzidir.<br \/>\nZ\u0259rd&uuml;\u015ftl&uuml;k Az\u0259rbaycanda yaran\u0131b. B&ouml;y&uuml;k y\u0259hudi icmalar\u0131 eram\u0131zdan \u0259vv\u0259l VII-V \u0259srl\u0259rd\u0259 torpaqlar\u0131m\u0131zda m\u0259skunla\u015f\u0131blar. Az\u0259rbaycanda &nbsp;y\u0259hudiliyin 2400 il tarixi var. IV \u0259srd\u0259 xristianl\u0131q d&ouml;vl\u0259t dini olub. Bundan sonra is\u0259 VIII \u0259srd\u0259n ba\u015flayaraq Az\u0259rbaycanda \u0130slam dini yay\u0131l\u0131b.<br \/>\nBu g&uuml;n Az\u0259rbaycan \u0259halisinin \u0259ks\u0259riyy\u0259ti m&uuml;s\u0259lmanlard\u0131r. Bununla yana\u015f\u0131, &ouml;lk\u0259mizd\u0259 xristian v\u0259 y\u0259hudi icmalar\u0131, eyni zamanda, dem\u0259k olar ki, b&uuml;t&uuml;n etiqadlar\u0131 t\u0259msil ed\u0259n daha ki&ccedil;ik icmalar da m&ouml;vcuddur. Siz Az\u0259rbaycanda m\u0259scidl\u0259ri, kils\u0259l\u0259ri, sinaqoqlar\u0131 v\u0259 dig\u0259r dini ibad\u0259tgahlar\u0131 yana\u015f\u0131 g&ouml;r\u0259 bil\u0259rsiniz. Onlar\u0131n co\u011frafi yax\u0131nl\u0131\u011f\u0131 fakt\u0131 bel\u0259, y&uuml;ks\u0259k tolerantl\u0131q \u015f\u0259raitind\u0259 birg\u0259 f\u0259aliyy\u0259tin m&uuml;mk&uuml;nl&uuml;y&uuml;n&uuml; n&uuml;mayi\u015f etdirir v\u0259 h\u0259r bir dinin \u0259sas d\u0259y\u0259rl\u0259rinin &uuml;mumb\u0259\u015f\u0259ri d\u0259y\u0259rl\u0259rl\u0259 &uuml;st-&uuml;st\u0259 d&uuml;\u015fd&uuml;y&uuml;n&uuml; t\u0259sdiq edir. Az\u0259rbaycan onlar\u0131 &ouml;z&uuml;nk&uuml;l\u0259r\u0259, yadlara ay\u0131rmay\u0131b v\u0259 ham\u0131ya eyni qay\u011f\u0131. m\u0259h\u0259bb\u0259tl\u0259 yana\u015f\u0131b. Buradak\u0131 dindarlar he&ccedil; bir t\u0259qibd\u0259n qorxmayaraq &ouml;z dinl\u0259rin\u0259 sitayi\u015f edirl\u0259r&quot;.&nbsp;<br \/>\nLeyla \u018fliyeva bildirib ki, xristianlar, m&uuml;s\u0259lmanlar v\u0259 y\u0259hudil\u0259r bu q\u0259dim diyar\u0131 &ouml;z V\u0259t\u0259ni say\u0131blar. Bu onu g&ouml;st\u0259rir ki, Az\u0259rbaycanda q\u0259dim d&ouml;vrl\u0259rd\u0259n ba\u015flayaraq m&uuml;xt\u0259lif mill\u0259tl\u0259rin, dinl\u0259rin v\u0259 m\u0259d\u0259niyy\u0259tl\u0259rin n&uuml;may\u0259nd\u0259l\u0259rinin ya\u015fad\u0131\u011f\u0131, onlar\u0131n nadir Az\u0259rbaycan m\u0259d\u0259niyy\u0259tinin formala\u015fmas\u0131na t&ouml;hf\u0259 verib v\u0259 tolertantl\u0131q Az\u0259rbaycan milli kimliyinin t\u0259rkib hiss\u0259si olub. Dem\u0259li, tolerantl\u0131q anlay\u0131\u015f\u0131 xalq\u0131m\u0131z &uuml;&ccedil;&uuml;n h\u0259r hans\u0131 nailiyy\u0259t deyildir: bu, normad\u0131r, bu, h\u0259yat t\u0259rzidir, biz he&ccedil; vaxt ba\u015fqa c&uuml;r ya\u015famam\u0131\u015f\u0131q. Tolerantl\u0131q, qonaqp\u0259rv\u0259rlik, d&ouml;z&uuml;ml&uuml;l&uuml;k \u0259n\u0259n\u0259l\u0259ri xalq\u0131m\u0131z t\u0259r\u0259find\u0259n qay\u011f\u0131 il\u0259 qorunub saxlan\u0131l\u0131r, daha do\u011frusu, bu, Az\u0259rbaycan xalq\u0131n\u0131n \u0259n b&ouml;y&uuml;k s\u0259rv\u0259tidir.&nbsp;<br \/>\nAz\u0259rbaycan beyn\u0259lxalq dialoqu, m\u0259d\u0259ni dialoqu d\u0259st\u0259klm\u0259si d\u0259 onun tolerantl\u0131\u011f\u0131ndan ir\u0259li g\u0259lir. Onun s&ouml;zl\u0259rin\u0259 g&ouml;r\u0259, &nbsp;tolerantl\u0131q, qonaqp\u0259rv\u0259rlik, d&ouml;z&uuml;ml&uuml;l&uuml;k \u0259n\u0259n\u0259l\u0259ri xalq\u0131m\u0131z t\u0259r\u0259find\u0259n qay\u011f\u0131 il\u0259 qorunub saxlan\u0131l\u0131r, daha do\u011frusu, bu, Az\u0259rbaycan xalq\u0131n\u0131n \u0259n b&ouml;y&uuml;k s\u0259rv\u0259tidir. Bu g&uuml;n d\u0259 Az\u0259rbaycan beyn\u0259lxalq dialoqu, m\u0259d\u0259ni dialoqu d\u0259st\u0259kl\u0259yir. Art\u0131q bir ne&ccedil;\u0259 ildir &nbsp;&ouml;lk\u0259mizd\u0259 d&uuml;nyan\u0131n h\u0259r yerind\u0259n qonaqlar\u0131n bir araya g\u0259ldiyi Beyn\u0259lxalq Humanitar Forum, &Uuml;mumd&uuml;nya M\u0259d\u0259niyy\u0259tl\u0259raras\u0131 Dialoq Forumu, habel\u0259 idman yar\u0131\u015flar\u0131, elmi diskussiyalar, yarad\u0131c\u0131l\u0131q t\u0259dbirl\u0259ri ke&ccedil;irilir. Heyd\u0259r \u018fliyev Fondu bu m&ouml;vzuya b&ouml;y&uuml;k diqq\u0259t yetirir. Az\u0259rbaycanda &ndash; bu q\u0259dim torpaqda h\u0259mi\u015f\u0259 &nbsp;m&uuml;xt\u0259lif mill\u0259tl\u0259r\u0259, m\u0259d\u0259niyy\u0259t v\u0259 \u0259n\u0259n\u0259l\u0259r\u0259 m\u0259xsus insanlar ya\u015fay\u0131blar.&nbsp;<br \/>\nG&ouml;r&uuml;nd&uuml;y&uuml; kimi, tolerantl\u0131q d&uuml;\u015f&uuml;nc\u0259 t\u0259rzi, c\u0259miyy\u0259tin tarixi inki\u015faf\u0131n\u0131n n\u0259tic\u0259si, m&uuml;xt\u0259lif m\u0259d\u0259niyy\u0259tl\u0259rin birg\u0259ya\u015fay\u0131\u015f\u0131d\u0131r. Tolerantl\u0131q ayr\u0131ca bir d&ouml;vl\u0259tin deyil, art\u0131q b&uuml;t&uuml;n d&uuml;nyan\u0131n qlobal, sosial-m\u0259d\u0259ni problemi statusunu k\u0259sb edib. Tolerantl\u0131q h\u0259m d\u0259 bu g&uuml;n h\u0259r bir &ouml;lk\u0259nin demokratiklik s\u0259viyy\u0259sini m&uuml;\u0259yy\u0259n ed\u0259n amill\u0259rd\u0259n birin\u0259 &ccedil;evrilib. Bu g&uuml;n &nbsp;Az\u0259rbaycan\u0131n t\u0259r\u0259qqisin\u0259, h\u0259yat\u0131n b&uuml;t&uuml;n sah\u0259l\u0259rind\u0259 inki\u015faf\u0131na r\u0259vac ver\u0259n m\u0259qamlar s\u0131ras\u0131nda &ouml;lk\u0259mizd\u0259 h&ouml;km s&uuml;r\u0259n tolerantl\u0131q, multikultural m&uuml;hit v\u0259 dini-m\u0259n\u0259vi irs\u0259 ehtiram\u0131n b&ouml;y&uuml;k rolu var. &nbsp;<\/p>\n","protected":false},"excerpt":{"rendered":"<p>Bu onu g&ouml;st\u0259rir ki, Az\u0259rbaycan h\u0259r zaman dinl\u0259raras\u0131 birg\u0259ya\u015fay\u0131\u015f, tolerant, etnik v\u0259 dini m&uuml;xt\u0259liflik m\u0259kan\u0131 olub Az\u0259rbaycanda d&ouml;vl\u0259t-din m&uuml;nasib\u0259tl\u0259rinin t\u0259nziml\u0259nm\u0259si, dini sah\u0259d\u0259 sabitliy\u0259 nail olunmas\u0131, konfessiyalar aras\u0131nda d&ouml;z&uuml;ml&uuml;l&uuml;k m&uuml;hitinin d&ouml;vl\u0259t&hellip;<\/p>\n","protected":false},"author":1,"featured_media":251278,"comment_status":"open","ping_status":"open","sticky":false,"template":"","format":"standard","meta":{"_lmt_disableupdate":"","_lmt_disable":"","footnotes":""},"categories":[1],"tags":[],"class_list":["post-44548","post","type-post","status-publish","format-standard","has-post-thumbnail","hentry","category-esas"],"_links":{"self":[{"href":"https:\/\/ucnoqta.az\/index.php?rest_route=\/wp\/v2\/posts\/44548","targetHints":{"allow":["GET"]}}],"collection":[{"href":"https:\/\/ucnoqta.az\/index.php?rest_route=\/wp\/v2\/posts"}],"about":[{"href":"https:\/\/ucnoqta.az\/index.php?rest_route=\/wp\/v2\/types\/post"}],"author":[{"embeddable":true,"href":"https:\/\/ucnoqta.az\/index.php?rest_route=\/wp\/v2\/users\/1"}],"replies":[{"embeddable":true,"href":"https:\/\/ucnoqta.az\/index.php?rest_route=%2Fwp%2Fv2%2Fcomments&post=44548"}],"version-history":[{"count":0,"href":"https:\/\/ucnoqta.az\/index.php?rest_route=\/wp\/v2\/posts\/44548\/revisions"}],"wp:featuredmedia":[{"embeddable":true,"href":"https:\/\/ucnoqta.az\/index.php?rest_route=\/wp\/v2\/media\/251278"}],"wp:attachment":[{"href":"https:\/\/ucnoqta.az\/index.php?rest_route=%2Fwp%2Fv2%2Fmedia&parent=44548"}],"wp:term":[{"taxonomy":"category","embeddable":true,"href":"https:\/\/ucnoqta.az\/index.php?rest_route=%2Fwp%2Fv2%2Fcategories&post=44548"},{"taxonomy":"post_tag","embeddable":true,"href":"https:\/\/ucnoqta.az\/index.php?rest_route=%2Fwp%2Fv2%2Ftags&post=44548"}],"curies":[{"name":"wp","href":"https:\/\/api.w.org\/{rel}","templated":true}]}}