{"id":44544,"date":"2017-03-10T15:28:59","date_gmt":"2017-03-10T11:28:59","guid":{"rendered":""},"modified":"-0001-11-30T00:00:00","modified_gmt":"-0001-11-29T20:00:00","slug":"","status":"publish","type":"post","link":"https:\/\/ucnoqta.az\/?p=44544","title":{"rendered":"<font color=red><b>\u201cO, m\u0259l\u0259k kimi q\u0131z idi, el\u0259 m\u0259l\u0259k kimi d\u0259 u\u00e7ub getdi&#8221;<\/b><\/font>"},"content":{"rendered":"<p>Art\u0131q toy g&uuml;n&uuml;n&uuml; d\u0259 t\u0259yin etmi\u015fdil\u0259r: aprelin 26-da toyu olacaqd\u0131. \u018fynin\u0259 g\u0259linlik paltar\u0131 geyinib, ba\u015f\u0131na duvaq &ouml;rt\u0259c\u0259k, sevgilisin\u0259 qovu\u015facaqd\u0131. Atas\u0131 cehizini \u0259r evin\u0259 yola salm\u0131\u015f, Rozaya g\u0259lin ota\u011f\u0131 b\u0259z\u0259nmi\u015fdi.&nbsp;<span style=\"line-height: 1.6em;\">Amma \u0259c\u0259l aman verm\u0259di. D&uuml;n\u0259n, mart ay\u0131n\u0131n 9-da s\u0259h\u0259r d\u0259rs\u0259 ged\u0259n Roza Bak\u0131-Sumqay\u0131t yolunda \u015f&uuml;t&uuml;y\u0259n q\u0131rm\u0131z\u0131 \u018fzray\u0131l\u0131n qurban\u0131 oldu. 20 ya\u015f\u0131nda h\u0259yat\u0131 il\u0259 vidala\u015fan Rozan\u0131n q\u0259fil &ouml;l&uuml;m x\u0259b\u0259ri \u0259zizl\u0259rinin, do\u011fmalar\u0131n\u0131n belini b&uuml;kd&uuml;. Roza Muradovan\u0131n c\u0259naz\u0259si H&ouml;vsan q\u0259s\u0259b\u0259sind\u0259ki baba oca\u011f\u0131ndan son m\u0259nzil\u0259 yola sal\u0131nacaq.<\/span><br \/>\n<span style=\"line-height: 1.6em;\">D\u0259h\u015f\u0259tli m\u0259nz\u0259r\u0259dir. \u0130nsan\u0131n qan\u0131 donur. Rozan\u0131n anas\u0131 onun &ouml;l&uuml;m&uuml;nd\u0259 &ouml;z&uuml;n&uuml; q\u0131nay\u0131r. B&uuml;llur\u0259 xan\u0131m deyir ki, q\u0131z\u0131 h\u0259min g&uuml;n he&ccedil; d\u0259rs\u0259 getm\u0259k ist\u0259mirmi\u015f.<\/span><\/p>\n<p>&ndash; G&uuml;nahkar m\u0259n\u0259m, bala. \u0130ki d\u0259f\u0259 s\u0259sl\u0259dim ki, q\u0131z\u0131m dur, gecik\u0259rs\u0259n. Dedi, n\u0259s\u0259 getm\u0259k ist\u0259mir\u0259m. K&ouml;n&uuml;ls&uuml;z qalxd\u0131. M\u0259n\u0259 dedi ki, ay ana, bayram\u0131n s\u0259h\u0259risidi, g\u0259l de g&ouml;r&uuml;m, n\u0259 geyinim ki, q\u0259\u015f\u0259ng g&ouml;r&uuml;n&uuml;m. Dedim ay q\u0131z\u0131m, s\u0259n onsuz da g&ouml;z\u0259ls\u0259n, n\u0259 geyins\u0259n yara\u015facaq. D&uuml;z 1saat sonra atas\u0131na z\u0259ng etdil\u0259r ki, q\u0131z\u0131n\u0131z\u0131n oldu\u011fu avtobus q\u0259zaya u\u011fray\u0131b, Roza yaralan\u0131b. Yolda\u015f\u0131mla ba\u015f\u0131lovlu &ccedil;\u0131xd\u0131q. S\u0259n dem\u0259, b\u0259db\u0259xt balam, iki oturaca\u011f\u0131n aras\u0131nda s\u0131x\u0131\u015f\u0131b qal\u0131b, beyni partlay\u0131b&rdquo;.<br \/>\n<span style=\"line-height: 1.6em;\">\u018fmisinin yolda\u015f\u0131 Aydan\u0259 g&ouml;zya\u015flar\u0131 i&ccedil;\u0259risind\u0259 Rozadan dan\u0131\u015f\u0131r:<\/span><br \/>\n<span style=\"line-height: 1.6em;\">&ldquo;O, m\u0259l\u0259k kimi q\u0131z idi, el\u0259 m\u0259l\u0259k kimi d\u0259 u&ccedil;ub getdi. Deyib-g&uuml;l\u0259n, zarafatc\u0131l, h\u0259yat e\u015fqi il\u0259 yanan bir q\u0131z idi Roza&hellip; X\u0259trini o q\u0259d\u0259r &ccedil;ox ist\u0259yirdik ki, onu g&ouml;r\u0259nd\u0259 h\u0259mi\u015f\u0259 g&uuml;l&uuml;rd&uuml;k. H\u0259mi\u015f\u0259 xo\u015fb\u0259xt g\u0259l\u0259c\u0259k bar\u0259sind\u0259 d&uuml;\u015f&uuml;n&uuml;rd&uuml;. Deyirdi, institutu qurtar\u0131b i\u015fl\u0259y\u0259c\u0259m, g&ouml;z\u0259l ail\u0259m, &ouml;vladlar\u0131m olacaq. Yaz\u0131q bala, arzular\u0131 &uuml;r\u0259yind\u0259 qald\u0131. Atas\u0131 d&uuml;n\u0259nd\u0259n ruh kimidir. Deyir ki, m\u0259ni d\u0259 q\u0131z\u0131mla b\u0259rab\u0259r basd\u0131r\u0131n&rdquo;.<\/span><br \/>\n<span style=\"line-height: 1.6em;\">Do\u011fmalar\u0131 Rozadan ayr\u0131la bilmir. T&uuml;k&uuml;rp\u0259d\u0259n m\u0259nz\u0259r\u0259ni g&ouml;zya\u015flars\u0131z seyr etm\u0259k m&uuml;mk&uuml;n deyil. C\u0259naz\u0259nin alt\u0131na b\u0259y ota\u011f\u0131 qara b\u0259z\u0259n\u0259n Zakir girib. 17 ya\u015fl\u0131 \u0130sa is\u0259 bundan sonra d&uuml;nyalar q\u0259d\u0259r sevdiyi bac\u0131s\u0131n\u0131n &ndash; C\u0259nn\u0259t qu\u015fu Rozan\u0131n \u015f\u0259kill\u0259ri il\u0259 ya\u015fayacaq. Ruhu \u015fad olsun.yeni&ccedil;a\u011f.az<\/span><\/p>\n","protected":false},"excerpt":{"rendered":"<p>Art\u0131q toy g&uuml;n&uuml;n&uuml; d\u0259 t\u0259yin etmi\u015fdil\u0259r: aprelin 26-da toyu olacaqd\u0131. \u018fynin\u0259 g\u0259linlik paltar\u0131 geyinib, ba\u015f\u0131na duvaq &ouml;rt\u0259c\u0259k, sevgilisin\u0259 qovu\u015facaqd\u0131. Atas\u0131 cehizini \u0259r evin\u0259 yola salm\u0131\u015f, Rozaya g\u0259lin ota\u011f\u0131 b\u0259z\u0259nmi\u015fdi.&nbsp;Amma \u0259c\u0259l&hellip;<\/p>\n","protected":false},"author":1,"featured_media":251278,"comment_status":"open","ping_status":"open","sticky":false,"template":"","format":"standard","meta":{"_lmt_disableupdate":"","_lmt_disable":"","footnotes":""},"categories":[101],"tags":[],"class_list":["post-44544","post","type-post","status-publish","format-standard","has-post-thumbnail","hentry","category-cemiyyet"],"_links":{"self":[{"href":"https:\/\/ucnoqta.az\/index.php?rest_route=\/wp\/v2\/posts\/44544","targetHints":{"allow":["GET"]}}],"collection":[{"href":"https:\/\/ucnoqta.az\/index.php?rest_route=\/wp\/v2\/posts"}],"about":[{"href":"https:\/\/ucnoqta.az\/index.php?rest_route=\/wp\/v2\/types\/post"}],"author":[{"embeddable":true,"href":"https:\/\/ucnoqta.az\/index.php?rest_route=\/wp\/v2\/users\/1"}],"replies":[{"embeddable":true,"href":"https:\/\/ucnoqta.az\/index.php?rest_route=%2Fwp%2Fv2%2Fcomments&post=44544"}],"version-history":[{"count":0,"href":"https:\/\/ucnoqta.az\/index.php?rest_route=\/wp\/v2\/posts\/44544\/revisions"}],"wp:featuredmedia":[{"embeddable":true,"href":"https:\/\/ucnoqta.az\/index.php?rest_route=\/wp\/v2\/media\/251278"}],"wp:attachment":[{"href":"https:\/\/ucnoqta.az\/index.php?rest_route=%2Fwp%2Fv2%2Fmedia&parent=44544"}],"wp:term":[{"taxonomy":"category","embeddable":true,"href":"https:\/\/ucnoqta.az\/index.php?rest_route=%2Fwp%2Fv2%2Fcategories&post=44544"},{"taxonomy":"post_tag","embeddable":true,"href":"https:\/\/ucnoqta.az\/index.php?rest_route=%2Fwp%2Fv2%2Ftags&post=44544"}],"curies":[{"name":"wp","href":"https:\/\/api.w.org\/{rel}","templated":true}]}}