{"id":44542,"date":"2017-03-10T15:10:40","date_gmt":"2017-03-10T11:10:40","guid":{"rendered":""},"modified":"-0001-11-30T00:00:00","modified_gmt":"-0001-11-29T20:00:00","slug":"","status":"publish","type":"post","link":"https:\/\/ucnoqta.az\/?p=44542","title":{"rendered":"H\u0259ms\u0259drl\u0259rin Az\u0259rbaycan\u0131n i\u015f\u011fal alt\u0131nda olan Da\u011fl\u0131q Qaraba\u011f b\u00f6lg\u0259sin\u0259 s\u0259f\u0259r tarixi m\u0259lum olub"},"content":{"rendered":"<p><span style=\"line-height: 1.6em;\">AT\u018fT-in Minsk qrupunun h\u0259ms\u0259drl\u0259ri mart\u0131n 27-d\u0259 Az\u0259rbaycan\u0131n i\u015f\u011fal alt\u0131nda olan Da\u011fl\u0131q Qaraba\u011f b&ouml;lg\u0259sin\u0259 s\u0259f\u0259r ed\u0259c\u0259kl\u0259r.&nbsp;<\/span><span style=\"line-height: 1.6em;\">&ldquo;Report&rdquo; x\u0259b\u0259r verir ki, bu bar\u0259d\u0259 Erm\u0259nistan K\u0130V-i m\u0259lumat yay\u0131b.&nbsp;<\/span><span style=\"line-height: 1.6em;\">\u0130nformasiyaya \u0259sas\u0259n, h\u0259ms\u0259drl\u0259r h\u0259min g&uuml;n Yerevana da s\u0259f\u0259r ed\u0259c\u0259kl\u0259r.&nbsp;<\/span><span style=\"line-height: 1.6em;\">AT\u018fT-in Minsk qrupunun h\u0259ms\u0259drl\u0259ri Ri&ccedil;ard Hoqland (AB\u015e), Stefan Viskonti (Fransa), \u0130qor Popov (Rusiya) mart\u0131n 11-d\u0259 Az\u0259rbaycanda r\u0259smi g&ouml;r&uuml;\u015fl\u0259r ke&ccedil;ir\u0259c\u0259k.<\/span><br \/>\n<span style=\"line-height: 1.6em;\">Minsk qrupunun fransal\u0131 h\u0259ms\u0259dri Stefan Viskonti deyib ki, h\u0259ms\u0259drl\u0259r bu d\u0259f\u0259 logistika v\u0259 g&uuml;nd\u0259liyin t\u0259rtib edilm\u0259sind\u0259 probleml\u0259r oldu\u011fundan Az\u0259rbaycan v\u0259 Erm\u0259nistana m&uuml;xt\u0259lif vaxtlarda s\u0259f\u0259r ed\u0259c\u0259kl\u0259r.&nbsp;<\/span><\/p>\n","protected":false},"excerpt":{"rendered":"<p>AT\u018fT-in Minsk qrupunun h\u0259ms\u0259drl\u0259ri mart\u0131n 27-d\u0259 Az\u0259rbaycan\u0131n i\u015f\u011fal alt\u0131nda olan Da\u011fl\u0131q Qaraba\u011f b&ouml;lg\u0259sin\u0259 s\u0259f\u0259r ed\u0259c\u0259kl\u0259r.&nbsp;&ldquo;Report&rdquo; x\u0259b\u0259r verir ki, bu bar\u0259d\u0259 Erm\u0259nistan K\u0130V-i m\u0259lumat yay\u0131b.&nbsp;\u0130nformasiyaya \u0259sas\u0259n, h\u0259ms\u0259drl\u0259r h\u0259min g&uuml;n Yerevana da&hellip;<\/p>\n","protected":false},"author":1,"featured_media":251278,"comment_status":"open","ping_status":"open","sticky":false,"template":"","format":"standard","meta":{"_lmt_disableupdate":"","_lmt_disable":"","footnotes":""},"categories":[86],"tags":[],"class_list":["post-44542","post","type-post","status-publish","format-standard","has-post-thumbnail","hentry","category-siyaset"],"_links":{"self":[{"href":"https:\/\/ucnoqta.az\/index.php?rest_route=\/wp\/v2\/posts\/44542","targetHints":{"allow":["GET"]}}],"collection":[{"href":"https:\/\/ucnoqta.az\/index.php?rest_route=\/wp\/v2\/posts"}],"about":[{"href":"https:\/\/ucnoqta.az\/index.php?rest_route=\/wp\/v2\/types\/post"}],"author":[{"embeddable":true,"href":"https:\/\/ucnoqta.az\/index.php?rest_route=\/wp\/v2\/users\/1"}],"replies":[{"embeddable":true,"href":"https:\/\/ucnoqta.az\/index.php?rest_route=%2Fwp%2Fv2%2Fcomments&post=44542"}],"version-history":[{"count":0,"href":"https:\/\/ucnoqta.az\/index.php?rest_route=\/wp\/v2\/posts\/44542\/revisions"}],"wp:featuredmedia":[{"embeddable":true,"href":"https:\/\/ucnoqta.az\/index.php?rest_route=\/wp\/v2\/media\/251278"}],"wp:attachment":[{"href":"https:\/\/ucnoqta.az\/index.php?rest_route=%2Fwp%2Fv2%2Fmedia&parent=44542"}],"wp:term":[{"taxonomy":"category","embeddable":true,"href":"https:\/\/ucnoqta.az\/index.php?rest_route=%2Fwp%2Fv2%2Fcategories&post=44542"},{"taxonomy":"post_tag","embeddable":true,"href":"https:\/\/ucnoqta.az\/index.php?rest_route=%2Fwp%2Fv2%2Ftags&post=44542"}],"curies":[{"name":"wp","href":"https:\/\/api.w.org\/{rel}","templated":true}]}}