{"id":44540,"date":"2017-03-10T15:01:26","date_gmt":"2017-03-10T11:01:26","guid":{"rendered":""},"modified":"-0001-11-30T00:00:00","modified_gmt":"-0001-11-29T20:00:00","slug":"","status":"publish","type":"post","link":"https:\/\/ucnoqta.az\/?p=44540","title":{"rendered":"Yol polisi h\u0259r\u0259k\u0259t\u0259 ke\u00e7di -s\u0259rni\u015finl\u0259r avtobuslardan endirilir- <font color=red><b>reyd ba\u015flad\u0131- Video<\/b><\/font>"},"content":{"rendered":"<p><span style=\"line-height: 1.6em;\">&Ouml;t\u0259n g&uuml;n Bak\u0131-Sumqay\u0131t yolunda ba\u015f ver\u0259n d\u0259h\u015f\u0259tli q\u0259zadan sonra &ldquo;20 Yanvar&rdquo; dair\u0259sind\u0259n Sumqay\u0131ta ged\u0259n mikroavtobuslarla ba\u011fl\u0131 reyd apar\u0131l\u0131r. Ucnoqta.az-\u0131n x\u0259b\u0259rin\u0259 g&ouml;r\u0259,&nbsp;<\/span><span style=\"line-height: 1.6em;\">&ldquo;Qafqazinfo&rdquo;nun \u0259m\u0259kda\u015flar\u0131 h\u0259min \u0259razid\u0259 olub, Ba\u015f D&ouml;vl\u0259t Yol Polisi \u0130dar\u0259sinin (BDYP\u0130) Yol Patrul Xidm\u0259tinin (YPX) apard\u0131\u011f\u0131 reyd prosesini izl\u0259yibl\u0259r. Reyd zaman\u0131 s&uuml;r&uuml;c&uuml;l\u0259rin s\u0259n\u0259dl\u0259ri yoxlan\u0131l\u0131b, mikroavtobuslar\u0131n i&ccedil;ind\u0259ki s\u0259rni\u015fin say\u0131 qeyd olunub.<\/span><br \/>\n<span style=\"line-height: 1.6em;\">Avtobusun tutumundan daha &ccedil;ox s\u0259rni\u015fin da\u015f\u0131yan s&uuml;r&uuml;c&uuml;l\u0259r c\u0259zaland\u0131r\u0131l\u0131b v\u0259 v\u0259t\u0259nda\u015flar mikroavtobuslardan a\u015fa\u011f\u0131 endirilib.<\/span><br \/>\n<span style=\"line-height: 1.6em;\">Xat\u0131rladaq ki, &ouml;t\u0259n g&uuml;n ba\u015f ver\u0259n q\u0259zada 5 n\u0259f\u0259r &ouml;l&uuml;b, 22 n\u0259f\u0259r yaralanm\u0131\u015fd\u0131.<\/span><\/p>\n<p><iframe allowfullscreen=\"\" frameborder=\"0\" height=\"315\" src=\"https:\/\/www.youtube.com\/embed\/TwT1JtscG_s\" width=\"560\"><\/iframe><\/p>\n","protected":false},"excerpt":{"rendered":"<p>&Ouml;t\u0259n g&uuml;n Bak\u0131-Sumqay\u0131t yolunda ba\u015f ver\u0259n d\u0259h\u015f\u0259tli q\u0259zadan sonra &ldquo;20 Yanvar&rdquo; dair\u0259sind\u0259n Sumqay\u0131ta ged\u0259n mikroavtobuslarla ba\u011fl\u0131 reyd apar\u0131l\u0131r. Ucnoqta.az-\u0131n x\u0259b\u0259rin\u0259 g&ouml;r\u0259,&nbsp;&ldquo;Qafqazinfo&rdquo;nun \u0259m\u0259kda\u015flar\u0131 h\u0259min \u0259razid\u0259 olub, Ba\u015f D&ouml;vl\u0259t Yol Polisi \u0130dar\u0259sinin&hellip;<\/p>\n","protected":false},"author":1,"featured_media":251278,"comment_status":"open","ping_status":"open","sticky":false,"template":"","format":"standard","meta":{"_lmt_disableupdate":"","_lmt_disable":"","footnotes":""},"categories":[101],"tags":[],"class_list":["post-44540","post","type-post","status-publish","format-standard","has-post-thumbnail","hentry","category-cemiyyet"],"_links":{"self":[{"href":"https:\/\/ucnoqta.az\/index.php?rest_route=\/wp\/v2\/posts\/44540","targetHints":{"allow":["GET"]}}],"collection":[{"href":"https:\/\/ucnoqta.az\/index.php?rest_route=\/wp\/v2\/posts"}],"about":[{"href":"https:\/\/ucnoqta.az\/index.php?rest_route=\/wp\/v2\/types\/post"}],"author":[{"embeddable":true,"href":"https:\/\/ucnoqta.az\/index.php?rest_route=\/wp\/v2\/users\/1"}],"replies":[{"embeddable":true,"href":"https:\/\/ucnoqta.az\/index.php?rest_route=%2Fwp%2Fv2%2Fcomments&post=44540"}],"version-history":[{"count":0,"href":"https:\/\/ucnoqta.az\/index.php?rest_route=\/wp\/v2\/posts\/44540\/revisions"}],"wp:featuredmedia":[{"embeddable":true,"href":"https:\/\/ucnoqta.az\/index.php?rest_route=\/wp\/v2\/media\/251278"}],"wp:attachment":[{"href":"https:\/\/ucnoqta.az\/index.php?rest_route=%2Fwp%2Fv2%2Fmedia&parent=44540"}],"wp:term":[{"taxonomy":"category","embeddable":true,"href":"https:\/\/ucnoqta.az\/index.php?rest_route=%2Fwp%2Fv2%2Fcategories&post=44540"},{"taxonomy":"post_tag","embeddable":true,"href":"https:\/\/ucnoqta.az\/index.php?rest_route=%2Fwp%2Fv2%2Ftags&post=44540"}],"curies":[{"name":"wp","href":"https:\/\/api.w.org\/{rel}","templated":true}]}}