{"id":44538,"date":"2017-03-10T14:53:02","date_gmt":"2017-03-10T10:53:02","guid":{"rendered":""},"modified":"-0001-11-30T00:00:00","modified_gmt":"-0001-11-29T20:00:00","slug":"","status":"publish","type":"post","link":"https:\/\/ucnoqta.az\/?p=44538","title":{"rendered":"<font color=red><b>Milli M\u0259clis \u201c\u018fm\u0259k pensiyalar\u0131 haqq\u0131nda\u201d qanununa d\u0259yi\u015fiklikl\u0259ri q\u0259bul edib<\/b><\/font>"},"content":{"rendered":"<p><span style=\"line-height: 1.6em;\">Milli M\u0259clis &ldquo;\u018fm\u0259k pensiyalar\u0131 haqq\u0131nda&rdquo; qanununa d\u0259yi\u015fiklik layih\u0259sini q\u0259bul edib.&nbsp;<\/span><span style=\"line-height: 1.6em;\">Ucnoqta.az-\u0131n &ldquo;Report&rdquo;a istinad\u0259n<\/span><span style=\"line-height: 1.6em;\">&nbsp;x\u0259b\u0259rin\u0259 g&ouml;r\u0259, parlamentin bu g&uuml;n ke&ccedil;iril\u0259n plenar iclas\u0131nda layih\u0259 il\u0259 ba\u011fl\u0131 m\u0259lumat ver\u0259n Milli M\u0259clisin \u018fm\u0259k v\u0259 sosial siyas\u0259t komit\u0259sinin s\u0259dri Had\u0131 R\u0259c\u0259bli deyib ki, qanunun 47 madd\u0259sind\u0259n 22-\u0259 98 adda d\u0259yi\u015fiklik t\u0259klif edilir.&nbsp;<\/span><span style=\"line-height: 1.6em;\">H.R\u0259c\u0259bli qeyd edib ki, ya\u015fa g&ouml;r\u0259 \u0259m\u0259k pensiyas\u0131n\u0131n t\u0259yin edilm\u0259si \u015f\u0259rtl\u0259rind\u0259 t\u0259klif olunan d\u0259yi\u015fikliy\u0259 \u0259sas\u0259n, 63 ya\u015f\u0131na &ccedil;atm\u0131\u015f ki\u015fil\u0259rin v\u0259 60 ya\u015f\u0131na &ccedil;atm\u0131\u015f qad\u0131nlar\u0131n f\u0259rdi hesab\u0131na s\u0131\u011forta hiss\u0259sind\u0259 qeyd\u0259 al\u0131nm\u0131\u015f pensiya kapital\u0131 \u0259m\u0259k pensiyas\u0131n\u0131n minimum m\u0259bl\u0259\u011find\u0259n az olmayan pensiya t\u0259minat\u0131na imkan verdikd\u0259 s\u0131\u011forta staj\u0131ndan as\u0131l\u0131 olmayaraq, bu pensiya t\u0259minat\u0131na imkan verm\u0259dikd\u0259 is\u0259 az\u0131 25 il s\u0131\u011forta staj\u0131 olduqda (2017-ci il yanvar\u0131n 1-d\u0259k ya\u015fa g&ouml;r\u0259 \u0259m\u0259k pensiyas\u0131 t\u0259yin edilmi\u015f \u015f\u0259xsl\u0259r istisna olmaqla) ya\u015fa g&ouml;r\u0259 \u0259m\u0259k pensiyas\u0131 h&uuml;ququ var: &ldquo;Ki\u015fil\u0259r v\u0259 qad\u0131nlar &uuml;&ccedil;&uuml;n pensiya ya\u015f\u0131 65-\u0259 qald\u0131r\u0131l\u0131r. Lakin bu m&uuml;dd\u0259t m\u0259rh\u0259l\u0259li \u015f\u0259kild\u0259 t\u0259tbiq olunacaq. Ki\u015fil\u0259r &uuml;&ccedil;&uuml;n n\u0259z\u0259rd\u0259 tutulan 63 ya\u015f h\u0259ddi 2017-ci il yanvar\u0131n 1-d\u0259n ba\u015flayaraq 2021-ci il yanvar\u0131n 1-d\u0259k, qad\u0131nlar\u0131n ya\u015f h\u0259ddi 2017-ci il yanvar\u0131n 1-d\u0259n ba\u015flayaraq 2027-ci il yanvar\u0131n 1-d\u0259k h\u0259r il 6 ay art\u0131r\u0131lacaq.<\/span><br \/>\n<span style=\"line-height: 1.6em;\">Komit\u0259 s\u0259dri \u0259lav\u0259 edib ki, \u0259lilliy\u0259 g&ouml;r\u0259 \u0259m\u0259k pensiyas\u0131n\u0131n t\u0259yin edilm\u0259si \u015f\u0259rtl\u0259rind\u0259 t\u0259klif olunan d\u0259yi\u015fikliy\u0259 \u0259sas\u0259n, \u0259lilliy\u0259 g&ouml;r\u0259 \u0259m\u0259k pensiyas\u0131 I qrup \u0259lill\u0259r\u0259 &uuml;mumilikd\u0259 s\u0131\u011forta staj\u0131 5 ild\u0259n az olmamaq \u015f\u0259rti il\u0259, \u0259m\u0259k qabiliyy\u0259tli ya\u015f d&ouml;vr&uuml;n&uuml;n h\u0259r tam ili &uuml;&ccedil;&uuml;n 4 ay s\u0131\u011forta staj\u0131 olduqda t\u0259yin edilir: &ldquo;\u0130kinci v\u0259 &uuml;&ccedil;&uuml;nc&uuml; qrup \u0259lill\u0259r\u0259 \u0259lilliy\u0259 g&ouml;r\u0259 \u0259m\u0259k pensiyas\u0131 f\u0259rdi hesab\u0131n s\u0131\u011forta hiss\u0259sind\u0259 qeyd\u0259 al\u0131nm\u0131\u015f pensiya kapital\u0131 \u0259m\u0259k pensiyas\u0131n\u0131n minimum m\u0259bl\u0259\u011find\u0259n az olmayan pensiya t\u0259minat\u0131na imkan verm\u0259si \u015f\u0259rti il\u0259, bu madd\u0259d\u0259 g&ouml;st\u0259ril\u0259n s\u0131\u011forta staj\u0131 olduqda t\u0259yin edilir. Ail\u0259 ba\u015f&ccedil;\u0131s\u0131n\u0131 itirm\u0259y\u0259 g&ouml;r\u0259 \u0259m\u0259k pensiyas\u0131n\u0131n m\u0259bl\u0259\u011fi madd\u0259sind\u0259 t\u0259klif olunan d\u0259yi\u015fikliy\u0259 \u0259sas\u0259n ail\u0259 ba\u015f&ccedil;\u0131s\u0131n\u0131 itirm\u0259y\u0259 g&ouml;r\u0259 \u0259m\u0259k pensiyas\u0131n\u0131n s\u0131\u011forta hiss\u0259sinin \u0259m\u0259k qabiliyy\u0259ti olmayan ail\u0259 &uuml;zvl\u0259rinin h\u0259r birin\u0259 d&uuml;\u015f\u0259n m\u0259bl\u0259\u011fi bu Qanunun 13.3-c&uuml; madd\u0259sinin birinci hiss\u0259sind\u0259 n\u0259z\u0259rd\u0259 tutulmu\u015f \u0259lilliy\u0259 g&ouml;r\u0259 \u0259m\u0259k pensiyas\u0131n\u0131n s\u0131\u011forta hiss\u0259sinin hesablanmas\u0131 mexanizmin\u0259 uy\u011fun olaraq hesablanm\u0131\u015f m\u0259bl\u0259\u011fin \u0259m\u0259k qabiliyy\u0259ti olmayan ail\u0259 &uuml;zvl\u0259rinin say\u0131na b&ouml;l&uuml;nm\u0259si yolu il\u0259 m&uuml;\u0259yy\u0259nl\u0259\u015fdirilir. \u018fm\u0259k qabiliyy\u0259ti olmayan ail\u0259 &uuml;zvl\u0259rinin ail\u0259 ba\u015f&ccedil;\u0131s\u0131n\u0131 itirm\u0259y\u0259 g&ouml;r\u0259 \u0259m\u0259k pensiyalar\u0131n\u0131n ail\u0259y\u0259 d&uuml;\u015f\u0259n &uuml;mumi m\u0259bl\u0259\u011fi \u0259m\u0259k pensiyas\u0131n\u0131n minimum m\u0259bl\u0259\u011find\u0259 a\u015fa\u011f\u0131 olduqda, h\u0259min m\u0259bl\u0259\u011f\u0259 &ccedil;atd\u0131r\u0131lmaqla &ouml;d\u0259nilir. \u018fm\u0259k pensiya&ccedil;\u0131s\u0131 v\u0259fat etdikd\u0259, al\u0131nmam\u0131\u015f \u0259m\u0259k pensiyas\u0131n\u0131n &ouml;d\u0259nilm\u0259si v\u0259 d\u0259fn &uuml;&ccedil;&uuml;n m&uuml;avin\u0259tin verilm\u0259si madd\u0259sind\u0259 edil\u0259n d\u0259yi\u015fikliy\u0259 \u0259sas\u0259n \u0259m\u0259k pensiya&ccedil;\u0131s\u0131 v\u0259fat etdikd\u0259, onun ail\u0259sin\u0259 pensiya&ccedil;\u0131n\u0131n v\u0259fat\u0131 tarixin\u0259 \u0259m\u0259k pensiyas\u0131n\u0131n minimum m\u0259bl\u0259\u011finin &uuml;&ccedil; misli m\u0259bl\u0259\u011find\u0259 d\u0259fn &uuml;&ccedil;&uuml;n m&uuml;avin\u0259t verilir. \u018fm\u0259k pensiyas\u0131n\u0131n minimum m\u0259bl\u0259\u011fi madd\u0259sin\u0259 edil\u0259n d\u0259yi\u015fikliy\u0259 \u0259sas\u0259n bu qanunun m\u0259qs\u0259dl\u0259ri &uuml;&ccedil;&uuml;n \u0259m\u0259k pensiyas\u0131n\u0131n minimum m\u0259bl\u0259\u011fi 2017-ci il 1 yanvar tarixind\u0259n 110 manat m\u0259bl\u0259\u011find\u0259 m&uuml;\u0259yy\u0259n olunur. \u018flilliy\u0259 g&ouml;r\u0259 \u0259m\u0259k pensiyas\u0131n\u0131n pensiya t\u0259yin olunan g&uuml;nd\u0259lik qazan\u0131lm\u0131\u015f m\u0259bl\u0259\u011fi tam &ouml;d\u0259nilir. \u018flilliy\u0259 g&ouml;r\u0259 pensiya t\u0259yin edilmi\u015f \u015f\u0259xs i\u015fl\u0259m\u0259kd\u0259 davam ed\u0259rs\u0259, onun pensiya t\u0259yin olunduqdan i\u015fl\u0259m\u0259y\u0259n \u0259m\u0259k pensiya&ccedil;\u0131s\u0131 kateqoriyas\u0131na ke&ccedil;diyi tarix\u0259d\u0259k olan d&ouml;vr &uuml;zr\u0259 toplanan pensiya kapital\u0131na v\u0259 h\u0259min kateqoriyaya ke&ccedil;diyi tarixd\u0259ki ya\u015f\u0131na m&uuml;vafiq t\u0259l\u0259b olunan s\u0131\u011forta staj\u0131na \u0259sas\u0259n \u0259m\u0259k pensiyas\u0131n\u0131n s\u0131\u011forta hiss\u0259si yenid\u0259n hesablan\u0131r&rdquo;.<\/span><\/p>\n<p>Deputat bildirib ki, qazan\u0131lm\u0131\u015f \u0259m\u0259k pensiyas\u0131 h&uuml;quqlar\u0131n\u0131n n\u0259z\u0259r\u0259 al\u0131nmas\u0131 madd\u0259sin\u0259 t\u0259klif edil\u0259n d\u0259yi\u015fikliy\u0259 \u0259sas\u0259n s\u0131\u011forta olunanlar\u0131n, o c&uuml;ml\u0259d\u0259n i\u015fl\u0259y\u0259n \u0259m\u0259k pensiya&ccedil;\u0131lar\u0131n\u0131n 2006-c\u0131 il 1 yanvar tarixind\u0259n 2017-ci il 1 yanvar tarixin\u0259d\u0259k olan d&ouml;vr &uuml;zr\u0259 f\u0259rdi hesab\u0131n s\u0131\u011forta hiss\u0259sind\u0259 toplanan v\u0259 istifad\u0259 olunmam\u0131\u015f pensiya kapital\u0131 70 faiz art\u0131r\u0131lmaqla, 2017-ci il 1 yanvar tarixin\u0259 f\u0259rdi hesab\u0131n s\u0131\u011forta hiss\u0259sind\u0259 qeyd\u0259 al\u0131n\u0131r.<br \/>\nMilli M\u0259clisin deputatlar\u0131 d\u0259yi\u015fiklik layih\u0259si il\u0259 ba\u011fl\u0131 &ccedil;\u0131x\u0131\u015f edibl\u0259r, t\u0259klifl\u0259rini ir\u0259li s&uuml;r&uuml;bl\u0259r.&nbsp;<br \/>\nD\u0259yi\u015fiklik layih\u0259si s\u0259s\u0259 qoyularaq q\u0259bul edilib.&nbsp;<\/p>\n","protected":false},"excerpt":{"rendered":"<p>Milli M\u0259clis &ldquo;\u018fm\u0259k pensiyalar\u0131 haqq\u0131nda&rdquo; qanununa d\u0259yi\u015fiklik layih\u0259sini q\u0259bul edib.&nbsp;Ucnoqta.az-\u0131n &ldquo;Report&rdquo;a istinad\u0259n&nbsp;x\u0259b\u0259rin\u0259 g&ouml;r\u0259, parlamentin bu g&uuml;n ke&ccedil;iril\u0259n plenar iclas\u0131nda layih\u0259 il\u0259 ba\u011fl\u0131 m\u0259lumat ver\u0259n Milli M\u0259clisin \u018fm\u0259k v\u0259 sosial siyas\u0259t&hellip;<\/p>\n","protected":false},"author":1,"featured_media":251278,"comment_status":"open","ping_status":"open","sticky":false,"template":"","format":"standard","meta":{"_lmt_disableupdate":"","_lmt_disable":"","footnotes":""},"categories":[],"tags":[],"class_list":["post-44538","post","type-post","status-publish","format-standard","has-post-thumbnail","hentry"],"_links":{"self":[{"href":"https:\/\/ucnoqta.az\/index.php?rest_route=\/wp\/v2\/posts\/44538","targetHints":{"allow":["GET"]}}],"collection":[{"href":"https:\/\/ucnoqta.az\/index.php?rest_route=\/wp\/v2\/posts"}],"about":[{"href":"https:\/\/ucnoqta.az\/index.php?rest_route=\/wp\/v2\/types\/post"}],"author":[{"embeddable":true,"href":"https:\/\/ucnoqta.az\/index.php?rest_route=\/wp\/v2\/users\/1"}],"replies":[{"embeddable":true,"href":"https:\/\/ucnoqta.az\/index.php?rest_route=%2Fwp%2Fv2%2Fcomments&post=44538"}],"version-history":[{"count":0,"href":"https:\/\/ucnoqta.az\/index.php?rest_route=\/wp\/v2\/posts\/44538\/revisions"}],"wp:featuredmedia":[{"embeddable":true,"href":"https:\/\/ucnoqta.az\/index.php?rest_route=\/wp\/v2\/media\/251278"}],"wp:attachment":[{"href":"https:\/\/ucnoqta.az\/index.php?rest_route=%2Fwp%2Fv2%2Fmedia&parent=44538"}],"wp:term":[{"taxonomy":"category","embeddable":true,"href":"https:\/\/ucnoqta.az\/index.php?rest_route=%2Fwp%2Fv2%2Fcategories&post=44538"},{"taxonomy":"post_tag","embeddable":true,"href":"https:\/\/ucnoqta.az\/index.php?rest_route=%2Fwp%2Fv2%2Ftags&post=44538"}],"curies":[{"name":"wp","href":"https:\/\/api.w.org\/{rel}","templated":true}]}}