{"id":44536,"date":"2017-03-10T13:26:03","date_gmt":"2017-03-10T09:26:03","guid":{"rendered":""},"modified":"-0001-11-30T00:00:00","modified_gmt":"-0001-11-29T20:00:00","slug":"","status":"publish","type":"post","link":"https:\/\/ucnoqta.az\/?p=44536","title":{"rendered":"\u018frdo\u011fan\u0131n Rusiyaya s\u0259f\u0259ri ba\u015flay\u0131b"},"content":{"rendered":"<p><span style=\"line-height: 1.6em;\">T&uuml;rkiy\u0259 prezidenti R\u0259c\u0259b Tayyib \u018frdo\u011fan\u0131n Rusiyaya s\u0259f\u0259ri ba\u015flay\u0131b.&nbsp;<\/span><span style=\"line-height: 1.6em;\">Rusiya prezidenti Vladimir Putin Kremld\u0259 t&uuml;rkiy\u0259li h\u0259mkar\u0131n\u0131 q\u0259bul ed\u0259c\u0259k. T\u0259r\u0259fl\u0259r aras\u0131nda enerji sah\u0259sind\u0259 birg\u0259 layih\u0259l\u0259r v\u0259 terror&ccedil;ulu\u011fa qar\u015f\u0131 m&uuml;bariz\u0259 m\u0259s\u0259l\u0259l\u0259ri m&uuml;zakir\u0259 olunacaq.<\/span><br \/>\n<span style=\"line-height: 1.6em;\">D&ouml;vl\u0259t ba\u015f&ccedil;\u0131lar\u0131 Rusiya v\u0259 T&uuml;rkiy\u0259 aras\u0131ndak\u0131 Y&uuml;ks\u0259k S\u0259viyy\u0259li \u018fm\u0259kda\u015fl\u0131q \u015euras\u0131n\u0131n VI iclas\u0131nda i\u015ftirak ed\u0259c\u0259kl\u0259r. T&uuml;rkiy\u0259nin ilk Atom Elektrik Stansiyas\u0131n\u0131n v\u0259 &ldquo;T&uuml;rk ax\u0131n\u0131&rdquo; qaz k\u0259m\u0259rinin tikintisi g&uuml;nd\u0259md\u0259 olan \u0259sas m\u0259s\u0259l\u0259l\u0259rdir. Bundan ba\u015fqa, regional probleml\u0259rin aktual aspektl\u0259ri, ilk n&ouml;vb\u0259d\u0259 Rusiya v\u0259 T&uuml;rkiy\u0259nin beyn\u0259lxalq terror&ccedil;ulu\u011fa qar\u015f\u0131 birg\u0259 m&uuml;bariz\u0259si v\u0259 Suriya m&uuml;naqi\u015f\u0259sinin nizamlanmas\u0131 bar\u0259d\u0259 fikir m&uuml;badil\u0259si apar\u0131lacaq.&nbsp;<\/span><br \/>\n<span style=\"line-height: 1.6em;\">Sammitin yekunu olaraq bir s\u0131ra ikit\u0259r\u0259fli s\u0259n\u0259dl\u0259rin imzalanmas\u0131 g&ouml;zl\u0259nilir. Apa<\/span><\/p>\n","protected":false},"excerpt":{"rendered":"<p>T&uuml;rkiy\u0259 prezidenti R\u0259c\u0259b Tayyib \u018frdo\u011fan\u0131n Rusiyaya s\u0259f\u0259ri ba\u015flay\u0131b.&nbsp;Rusiya prezidenti Vladimir Putin Kremld\u0259 t&uuml;rkiy\u0259li h\u0259mkar\u0131n\u0131 q\u0259bul ed\u0259c\u0259k. T\u0259r\u0259fl\u0259r aras\u0131nda enerji sah\u0259sind\u0259 birg\u0259 layih\u0259l\u0259r v\u0259 terror&ccedil;ulu\u011fa qar\u015f\u0131 m&uuml;bariz\u0259 m\u0259s\u0259l\u0259l\u0259ri m&uuml;zakir\u0259 olunacaq. D&ouml;vl\u0259t&hellip;<\/p>\n","protected":false},"author":1,"featured_media":251278,"comment_status":"open","ping_status":"open","sticky":false,"template":"","format":"standard","meta":{"_lmt_disableupdate":"","_lmt_disable":"","footnotes":""},"categories":[89],"tags":[],"class_list":["post-44536","post","type-post","status-publish","format-standard","has-post-thumbnail","hentry","category-dunya-butun-xeberler"],"_links":{"self":[{"href":"https:\/\/ucnoqta.az\/index.php?rest_route=\/wp\/v2\/posts\/44536","targetHints":{"allow":["GET"]}}],"collection":[{"href":"https:\/\/ucnoqta.az\/index.php?rest_route=\/wp\/v2\/posts"}],"about":[{"href":"https:\/\/ucnoqta.az\/index.php?rest_route=\/wp\/v2\/types\/post"}],"author":[{"embeddable":true,"href":"https:\/\/ucnoqta.az\/index.php?rest_route=\/wp\/v2\/users\/1"}],"replies":[{"embeddable":true,"href":"https:\/\/ucnoqta.az\/index.php?rest_route=%2Fwp%2Fv2%2Fcomments&post=44536"}],"version-history":[{"count":0,"href":"https:\/\/ucnoqta.az\/index.php?rest_route=\/wp\/v2\/posts\/44536\/revisions"}],"wp:featuredmedia":[{"embeddable":true,"href":"https:\/\/ucnoqta.az\/index.php?rest_route=\/wp\/v2\/media\/251278"}],"wp:attachment":[{"href":"https:\/\/ucnoqta.az\/index.php?rest_route=%2Fwp%2Fv2%2Fmedia&parent=44536"}],"wp:term":[{"taxonomy":"category","embeddable":true,"href":"https:\/\/ucnoqta.az\/index.php?rest_route=%2Fwp%2Fv2%2Fcategories&post=44536"},{"taxonomy":"post_tag","embeddable":true,"href":"https:\/\/ucnoqta.az\/index.php?rest_route=%2Fwp%2Fv2%2Ftags&post=44536"}],"curies":[{"name":"wp","href":"https:\/\/api.w.org\/{rel}","templated":true}]}}