{"id":44533,"date":"2017-03-10T13:01:44","date_gmt":"2017-03-10T09:01:44","guid":{"rendered":""},"modified":"-0001-11-30T00:00:00","modified_gmt":"-0001-11-29T20:00:00","slug":"","status":"publish","type":"post","link":"https:\/\/ucnoqta.az\/?p=44533","title":{"rendered":"&#8220;Az\u0259rsun Holdinq&#8221; vergi y\u00fck\u00fcn\u00fcn azald\u0131lmas\u0131 il\u0259 ba\u011fl\u0131 Fazil M\u0259mm\u0259dova m\u00fcraci\u0259t edib"},"content":{"rendered":"<p><span style=\"line-height: 1.6em;\">&ldquo;\u0130stehsal &uuml;&ccedil;&uuml;n &ouml;lk\u0259y\u0259 g\u0259tiril\u0259n xammal v\u0259 materiallar\u0131n vergid\u0259n azad edilm\u0259si yax\u015f\u0131 olard\u0131&rdquo;. &ldquo;APA-Economics&rdquo; x\u0259b\u0259r verir ki, bunu Az\u0259rbaycanda Amerika Tticar\u0259t Palatas\u0131 (&ldquo;AmCham-Azerbaijan&rdquo;) v\u0259 Vergil\u0259r Nazirliyinin birg\u0259 t\u0259\u015fkil etdiyi &ldquo;\u015e\u0259ffafl\u0131\u011fa do\u011fru birlikd\u0259&rdquo; m&ouml;vzusunda ke&ccedil;iril\u0259n vergi konfrans\u0131nda vergil\u0259r naziri Fazil M\u0259mm\u0259dova m&uuml;raci\u0259tind\u0259 &ldquo;Az\u0259rsun Holdinq&rdquo; MMC-nin ba\u015f icra&ccedil;\u0131 direktoru Sava\u015f Uzan deyib.<\/span><span style=\"line-height: 1.6em;\">S. Uzan &ccedil;\u0131x\u0131\u015f\u0131nda respublikada istehsal olunan mallar\u0131n r\u0259qab\u0259t\u0259davaml\u0131l\u0131\u011f\u0131 &uuml;&ccedil;&uuml;n eyni adda idxal olunan haz\u0131r m\u0259hsullara vergi t\u0259tbiq olunmas\u0131, x&uuml;susil\u0259 dig\u0259r m\u0259hsullarla m&uuml;qayis\u0259d\u0259 k\u0259nd t\u0259s\u0259r&uuml;fat\u0131 mallar\u0131na t\u0259tbiq olunan \u018fDV &uuml;zr\u0259 vergil\u0259rin differensialla\u015fd\u0131r\u0131lmas\u0131n\u0131 ist\u0259yib: &ldquo;K\u0259nd t\u0259s\u0259rr&uuml;fat\u0131 mallar\u0131n\u0131n istehsal\u0131 v\u0259 sat\u0131\u015f\u0131nda vegi t\u0259nziml\u0259m\u0259l\u0259rin\u0259 yenid\u0259n bax\u0131lmas\u0131 yax\u015f\u0131 olard\u0131. Bundan ba\u015fqa, qanunlar q\u0259bul olunmazdan &ouml;nc\u0259 yaln\u0131z &ldquo;AmCham-Azerbaijan&rdquo; n&uuml;may\u0259nd\u0259l\u0259ri il\u0259 deyil, o c&uuml;ml\u0259d\u0259n ki&ccedil;ik v\u0259 orta sahibkarl\u0131q subyektl\u0259ri il\u0259 d\u0259 m&uuml;zakir\u0259l\u0259r apar\u0131lsayd\u0131 yax\u015f\u0131 olard\u0131. Bel\u0259likl\u0259, ki&ccedil;ik v\u0259 orta sahibkarl\u0131q subyektl\u0259ri d\u0259 bu sistem\u0259 inteqrasiya olunacaq. &Ccedil;&uuml;nki onlar sistem\u0259 n\u0259 q\u0259d\u0259r tez inteqrasiya olunarsa, bizim d\u0259 &uuml;zl\u0259\u015fdiyimiz &ccedil;\u0259tinlikl\u0259r daha tez h\u0259ll olunar. Eyni zamanda, qanunlar &ccedil;\u0131xmazdan \u0259vv\u0259l biz sahibkarlar\u0131n da bu qanunlara uy\u011funla\u015fmas\u0131 yax\u015f\u0131 olard\u0131. Biz i\u015fl\u0259rimizi buna uy\u011fun t\u0259nziml\u0259m\u0259liyik. Ba\u015fqa s&ouml;zl\u0259, bunun &uuml;&ccedil;&uuml;n biz\u0259 t\u0259xmin\u0259n 2-3 ay vaxt laz\u0131m olur. &Ccedil;&uuml;nki qanunlar\u0131n \u0259hat\u0259 dair\u0259si geni\u015fdir. Onlara uy\u011funla\u015fmaq &uuml;&ccedil;&uuml;n \u015firk\u0259tl\u0259r\u0259 m&uuml;\u0259yy\u0259n vaxt verils\u0259, \u015f\u0259ffafl\u0131\u011f\u0131n t\u0259min olunmas\u0131 bax\u0131m\u0131ndan m&uuml;sb\u0259t n\u0259tic\u0259l\u0259r \u0259ld\u0259 etm\u0259k olar&rdquo;.<\/span><br \/>\n<span style=\"line-height: 1.6em;\">S. Uzan, h\u0259m&ccedil;inin qeyd edib ki, \u0259m\u0259k haqlar\u0131 il\u0259 ba\u011fl\u0131 vergi y&uuml;k&uuml;n&uuml;n azald\u0131lmas\u0131 \u015f\u0259ffafl\u0131\u011f\u0131n artmas\u0131na &nbsp;v\u0259 insanlar\u0131n sistem\u0259 daha tez inteqrasiyas\u0131na s\u0259b\u0259b ola bil\u0259r.<\/span><\/p>\n","protected":false},"excerpt":{"rendered":"<p>&ldquo;\u0130stehsal &uuml;&ccedil;&uuml;n &ouml;lk\u0259y\u0259 g\u0259tiril\u0259n xammal v\u0259 materiallar\u0131n vergid\u0259n azad edilm\u0259si yax\u015f\u0131 olard\u0131&rdquo;. &ldquo;APA-Economics&rdquo; x\u0259b\u0259r verir ki, bunu Az\u0259rbaycanda Amerika Tticar\u0259t Palatas\u0131 (&ldquo;AmCham-Azerbaijan&rdquo;) v\u0259 Vergil\u0259r Nazirliyinin birg\u0259 t\u0259\u015fkil etdiyi &ldquo;\u015e\u0259ffafl\u0131\u011fa do\u011fru&hellip;<\/p>\n","protected":false},"author":1,"featured_media":251278,"comment_status":"open","ping_status":"open","sticky":false,"template":"","format":"standard","meta":{"_lmt_disableupdate":"","_lmt_disable":"","footnotes":""},"categories":[],"tags":[],"class_list":["post-44533","post","type-post","status-publish","format-standard","has-post-thumbnail","hentry"],"_links":{"self":[{"href":"https:\/\/ucnoqta.az\/index.php?rest_route=\/wp\/v2\/posts\/44533","targetHints":{"allow":["GET"]}}],"collection":[{"href":"https:\/\/ucnoqta.az\/index.php?rest_route=\/wp\/v2\/posts"}],"about":[{"href":"https:\/\/ucnoqta.az\/index.php?rest_route=\/wp\/v2\/types\/post"}],"author":[{"embeddable":true,"href":"https:\/\/ucnoqta.az\/index.php?rest_route=\/wp\/v2\/users\/1"}],"replies":[{"embeddable":true,"href":"https:\/\/ucnoqta.az\/index.php?rest_route=%2Fwp%2Fv2%2Fcomments&post=44533"}],"version-history":[{"count":0,"href":"https:\/\/ucnoqta.az\/index.php?rest_route=\/wp\/v2\/posts\/44533\/revisions"}],"wp:featuredmedia":[{"embeddable":true,"href":"https:\/\/ucnoqta.az\/index.php?rest_route=\/wp\/v2\/media\/251278"}],"wp:attachment":[{"href":"https:\/\/ucnoqta.az\/index.php?rest_route=%2Fwp%2Fv2%2Fmedia&parent=44533"}],"wp:term":[{"taxonomy":"category","embeddable":true,"href":"https:\/\/ucnoqta.az\/index.php?rest_route=%2Fwp%2Fv2%2Fcategories&post=44533"},{"taxonomy":"post_tag","embeddable":true,"href":"https:\/\/ucnoqta.az\/index.php?rest_route=%2Fwp%2Fv2%2Ftags&post=44533"}],"curies":[{"name":"wp","href":"https:\/\/api.w.org\/{rel}","templated":true}]}}