{"id":44515,"date":"2017-03-10T10:59:12","date_gmt":"2017-03-10T06:59:12","guid":{"rendered":""},"modified":"-0001-11-30T00:00:00","modified_gmt":"-0001-11-29T20:00:00","slug":"","status":"publish","type":"post","link":"https:\/\/ucnoqta.az\/?p=44515","title":{"rendered":"<b><font color=red>\u0130ki ma\u015f\u0131n toqqu\u015fdu: <\/font>x\u0259sar\u0259t alanlar var<font color=red> &#8211; G\u0259nc\u0259d\u0259<\/font><\/b>"},"content":{"rendered":"<p>G\u0259nc\u0259d\u0259 iki avtomobilin toqqu\u015fmas\u0131 n\u0259tic\u0259sind\u0259 iki n\u0259f\u0259r x\u0259sar\u0259t al\u0131b. Ucnoqta.az &quot;Report&quot;a istinad\u0259n x\u0259b\u0259r verir ki, hadis\u0259 gec\u0259 saatlar\u0131nda \u015f\u0259h\u0259rin Nizami G\u0259nc\u0259vi prospektind\u0259 ba\u015f verib. Tovuz rayon sakini, 1972-ci il t\u0259v\u0259ll&uuml;dl&uuml;, C\u0259mal\u0259ddin Q\u0259dirovun idar\u0259 etdiyi &quot;QAZ -24&quot; markal\u0131 avtomobil qar\u015f\u0131 t\u0259r\u0259fd\u0259n g\u0259l\u0259n, G&ouml;yg&ouml;l rayon sakini, 1997-ci il t\u0259v\u0259ll&uuml;dl&uuml;, Elton Namazovun idar\u0259 etdiyi &quot;VAZ -2107&quot; il\u0259 toqqu\u015fub. Q\u0259za n\u0259tic\u0259sind\u0259 h\u0259r iki s&uuml;r&uuml;c&uuml; y&uuml;ng&uuml;l x\u0259sar\u0259t al\u0131b v\u0259 h\u0259r 2 avtomobil\u0259 ziyan d\u0259yib. G\u0259nc\u0259 \u015f\u0259h\u0259r Ba\u015f Polis \u0130dar\u0259sinin D&ouml;vl\u0259t Yol Polisi \u0130dar\u0259sind\u0259n &quot;Report&quot;a bildiribl\u0259r ki, ilkin ehtimala g&ouml;r\u0259, hadis\u0259y\u0259 &quot;VAZ -2107&quot; markal\u0131 avtomobilin y&uuml;ks\u0259k s&uuml;r\u0259tl\u0259 h\u0259r\u0259k\u0259td\u0259 ik\u0259n idar\u0259etm\u0259ni itirm\u0259si s\u0259b\u0259b olub. Hadis\u0259nin d\u0259qiq s\u0259b\u0259bl\u0259ri apar\u0131lan ara\u015fd\u0131rmalardan sonra m\u0259lum olacaq.<\/p>\n","protected":false},"excerpt":{"rendered":"<p>G\u0259nc\u0259d\u0259 iki avtomobilin toqqu\u015fmas\u0131 n\u0259tic\u0259sind\u0259 iki n\u0259f\u0259r x\u0259sar\u0259t al\u0131b. Ucnoqta.az &quot;Report&quot;a istinad\u0259n x\u0259b\u0259r verir ki, hadis\u0259 gec\u0259 saatlar\u0131nda \u015f\u0259h\u0259rin Nizami G\u0259nc\u0259vi prospektind\u0259 ba\u015f verib. Tovuz rayon sakini, 1972-ci il t\u0259v\u0259ll&uuml;dl&uuml;,&hellip;<\/p>\n","protected":false},"author":1,"featured_media":251278,"comment_status":"open","ping_status":"open","sticky":false,"template":"","format":"standard","meta":{"_lmt_disableupdate":"","_lmt_disable":"","footnotes":""},"categories":[],"tags":[],"class_list":["post-44515","post","type-post","status-publish","format-standard","has-post-thumbnail","hentry"],"_links":{"self":[{"href":"https:\/\/ucnoqta.az\/index.php?rest_route=\/wp\/v2\/posts\/44515","targetHints":{"allow":["GET"]}}],"collection":[{"href":"https:\/\/ucnoqta.az\/index.php?rest_route=\/wp\/v2\/posts"}],"about":[{"href":"https:\/\/ucnoqta.az\/index.php?rest_route=\/wp\/v2\/types\/post"}],"author":[{"embeddable":true,"href":"https:\/\/ucnoqta.az\/index.php?rest_route=\/wp\/v2\/users\/1"}],"replies":[{"embeddable":true,"href":"https:\/\/ucnoqta.az\/index.php?rest_route=%2Fwp%2Fv2%2Fcomments&post=44515"}],"version-history":[{"count":0,"href":"https:\/\/ucnoqta.az\/index.php?rest_route=\/wp\/v2\/posts\/44515\/revisions"}],"wp:featuredmedia":[{"embeddable":true,"href":"https:\/\/ucnoqta.az\/index.php?rest_route=\/wp\/v2\/media\/251278"}],"wp:attachment":[{"href":"https:\/\/ucnoqta.az\/index.php?rest_route=%2Fwp%2Fv2%2Fmedia&parent=44515"}],"wp:term":[{"taxonomy":"category","embeddable":true,"href":"https:\/\/ucnoqta.az\/index.php?rest_route=%2Fwp%2Fv2%2Fcategories&post=44515"},{"taxonomy":"post_tag","embeddable":true,"href":"https:\/\/ucnoqta.az\/index.php?rest_route=%2Fwp%2Fv2%2Ftags&post=44515"}],"curies":[{"name":"wp","href":"https:\/\/api.w.org\/{rel}","templated":true}]}}