{"id":44513,"date":"2017-03-09T17:45:11","date_gmt":"2017-03-09T13:45:11","guid":{"rendered":""},"modified":"-0001-11-30T00:00:00","modified_gmt":"-0001-11-29T20:00:00","slug":"","status":"publish","type":"post","link":"https:\/\/ucnoqta.az\/?p=44513","title":{"rendered":"<b>Birinci vitse-prezident Mehriban \u018fliyevan\u0131n s\u0259drliyi il\u0259 m\u00fc\u015favir\u0259 ke\u00e7irilib<font color=red> &#8211; FOTO<\/font><\/b>"},"content":{"rendered":"<p>Bu g&uuml;n Az\u0259rbaycan\u0131n Birinci vitse-prezidenti xan\u0131m Mehriban \u018fliyevan\u0131n s\u0259drliyi il\u0259 Bak\u0131 v\u0259 Sumqay\u0131t \u015f\u0259h\u0259rl\u0259rinin yataqxanalar\u0131nda m&uuml;v\u0259qq\u0259ti m\u0259skunla\u015fm\u0131\u015f qa&ccedil;q\u0131n v\u0259 m\u0259cburi k&ouml;&ccedil;k&uuml;n ail\u0259l\u0259rinin k&ouml;&ccedil;&uuml;r&uuml;lm\u0259sin\u0259 h\u0259sr olunan m&uuml;\u015favir\u0259 ke&ccedil;irilib. Az\u0259rbaycan\u0131n Birinci vitse-prezidenti Mehriban \u018fliyeva m&uuml;\u015favir\u0259nin do\u011fma torpaqlar\u0131ndan did\u0259rgin d&uuml;\u015fm&uuml;\u015f soyada\u015flar\u0131m\u0131z\u0131n probleml\u0259rinin h\u0259llin\u0259 h\u0259sr edildiyini, bu m\u0259s\u0259l\u0259nin art\u0131q 20 ild\u0259n &ccedil;oxdur d&ouml;vl\u0259tin diqq\u0259t m\u0259rk\u0259zind\u0259 oldu\u011funu bildirib. Mehriban \u018fliyeva Prezident \u0130lham \u018fliyevin imzalad\u0131\u011f\u0131 qa&ccedil;q\u0131n v\u0259 m\u0259cburi k&ouml;&ccedil;k&uuml;nl\u0259rin h\u0259yat \u015f\u0259raitinin yax\u015f\u0131la\u015fd\u0131r\u0131lmas\u0131na dair D&ouml;vl\u0259t Proqram\u0131n\u0131n icras\u0131 n\u0259tic\u0259sind\u0259 soyda\u015flar\u0131m\u0131z\u0131n sosial, t\u0259hsil, m\u0259\u015f\u011fulluq, ya\u015fay\u0131\u015f v\u0259 tibbi t\u0259yinat\u0131 istiqam\u0259tind\u0259 laz\u0131mi t\u0259dbirl\u0259rin h\u0259yata ke&ccedil;irildiyini diqq\u0259t\u0259 &ccedil;atd\u0131r\u0131b.<\/p>\n<p>Az\u0259rbaycan\u0131n Birinci vitse-prezidenti qeyd edib ki, indiy\u0259 q\u0259d\u0259r b&ouml;lg\u0259l\u0259rd\u0259 m\u0259cburi k&ouml;&ccedil;k&uuml;nl\u0259r &uuml;&ccedil;&uuml;n 100-\u0259 yax\u0131n m&uuml;asir ya\u015fay\u0131\u015f kompleksi sal\u0131n\u0131b, 250 min k&ouml;&ccedil;k&uuml;n yeni m\u0259nzill\u0259 t\u0259min olunub, sal\u0131nan q\u0259s\u0259b\u0259l\u0259rd\u0259 150 m\u0259kt\u0259b, 60 tibb m\u0259rk\u0259zi v\u0259 u\u015faq ba\u011f&ccedil;as\u0131 in\u015fa edilib. Soyda\u015flar\u0131m\u0131z\u0131n i\u015fl\u0259 t\u0259min olunmas\u0131 istiqam\u0259tind\u0259 laz\u0131mi add\u0131mlar at\u0131l\u0131b, son 13 ild\u0259 y&uuml;z minl\u0259rl\u0259 qa&ccedil;q\u0131n v\u0259 m\u0259cburi k&ouml;&ccedil;k&uuml;n i\u015fl\u0259 t\u0259min olunub.<\/p>\n<p>Birinci vitse-prezident Mehriban \u018fliyeva buna baxmayaraq, h\u0259l\u0259 d\u0259 bir &ccedil;ox m\u0259cburi k&ouml;&ccedil;k&uuml;n ail\u0259l\u0259rinin q\u0259zal\u0131 v\u0259 yarars\u0131z binalarda ya\u015fad\u0131\u011f\u0131n\u0131, onlar\u0131n h\u0259yat \u015f\u0259raitinin yax\u015f\u0131la\u015fd\u0131r\u0131lmas\u0131 il\u0259 ba\u011fl\u0131 i\u015fl\u0259rin s&uuml;rl\u0259tl\u0259ndirilm\u0259si &uuml;&ccedil;&uuml;n \u0259lav\u0259 add\u0131mlar\u0131n at\u0131lmas\u0131na ehtiyac\u0131n oldu\u011funu deyib.<\/p>\n<p>Az\u0259rbaycan\u0131n Birinci vitse-prezidenti Bak\u0131 v\u0259 Sumqay\u0131t \u015f\u0259h\u0259rl\u0259rind\u0259ki qa&ccedil;q\u0131n v\u0259 m\u0259cburi k&ouml;&ccedil;k&uuml;nl\u0259rin yeni m\u0259nzill\u0259r\u0259 k&ouml;&ccedil;&uuml;r&uuml;lm\u0259sinin vacibliyini vur\u011fulay\u0131b, bu m\u0259qs\u0259dl\u0259 \u0259lav\u0259 v\u0259saitin v\u0259 yeni binalar\u0131n in\u015fas\u0131 &uuml;&ccedil;&uuml;n \u0259razinin ayr\u0131lmas\u0131n\u0131n v\u0259 tezlikl\u0259 tikinti i\u015fl\u0259rin\u0259 ba\u015flan\u0131lmas\u0131n\u0131n z\u0259ruriliyini qeyd edib. Onu da bildirib ki, Bak\u0131 v\u0259 Sumqay\u0131tda in\u015fa olunan yeni binalarda qa&ccedil;q\u0131n v\u0259 m\u0259cburi k&ouml;&ccedil;k&uuml;nl\u0259rin k&ouml;&ccedil;&uuml;r&uuml;lm\u0259si &uuml;&ccedil;&uuml;n m\u0259nzill\u0259r ayr\u0131lmal\u0131d\u0131r.<\/p>\n<p>M&uuml;\u015favir\u0259d\u0259 indiy\u0259 q\u0259d\u0259r qa&ccedil;q\u0131n v\u0259 m\u0259cburi k&ouml;&ccedil;k&uuml;nl\u0259rl\u0259 ba\u011fl\u0131 g&ouml;r&uuml;l\u0259n i\u015fl\u0259r bar\u0259d\u0259 q\u0131sa t\u0259qdimat olub. T\u0259qdimatdan da g&ouml;r&uuml;nd&uuml;y&uuml; kimi, Erm\u0259nistan-Az\u0259rbaycan, Da\u011fl\u0131q Qaraba\u011f m&uuml;naqi\u015f\u0259si n\u0259tic\u0259sind\u0259 Az\u0259rbaycan iqtisadiyyat\u0131na 800 milyard dollardan &ccedil;ox ziyan d\u0259yib. &Uuml;mummilli lider Heyd\u0259r \u018fliyevin apard\u0131\u011f\u0131 siyas\u0259t n\u0259tic\u0259sind\u0259 m&uuml;naqi\u015f\u0259 haqq\u0131nda h\u0259qiq\u0259tl\u0259r d&uuml;nya ictimaiyy\u0259tin\u0259 &ccedil;atd\u0131r\u0131l\u0131b. M\u0259cburi k&ouml;&ccedil;k&uuml;nl\u0259rin sosial m&uuml;dafi\u0259sinin g&uuml;cl\u0259ndirilm\u0259si, ya\u015fay\u0131\u015f \u015f\u0259raitinin yax\u015f\u0131la\u015fd\u0131r\u0131lmas\u0131 il\u0259 ba\u011fl\u0131 ard\u0131c\u0131l v\u0259 m\u0259qs\u0259dy&ouml;nl&uuml; t\u0259dbirl\u0259r h\u0259yata ke&ccedil;ir\u0259n Prezident \u0130lham \u018fliyev t\u0259r\u0259find\u0259n 2003-2017-ci ill\u0259rd\u0259 55 f\u0259rman v\u0259 s\u0259r\u0259ncam verilib. 2001-2016-c\u0131 ill\u0259rd\u0259 95 q\u0259s\u0259b\u0259 sal\u0131n\u0131b, 151 m\u0259kt\u0259b, 58 m\u0259d\u0259niyy\u0259t m&uuml;\u0259ssis\u0259si, 59 s\u0259hiyy\u0259 oca\u011f\u0131 v\u0259 dig\u0259r infrastruktur obyektl\u0259ri tikilib. M\u0259cburi k&ouml;&ccedil;k&uuml;nl\u0259r aras\u0131nda yoxsulluq h\u0259ddi 75 faizd\u0259n 12 faiz\u0259 enib.<\/p>\n<p>Sonra ba\u015f nazirinin m&uuml;avini, Qa&ccedil;q\u0131nlar\u0131n v\u0259 M\u0259cburi K&ouml;&ccedil;k&uuml;nl\u0259rin \u0130\u015fl\u0259ri &uuml;zr\u0259 D&ouml;vl\u0259t Komit\u0259sinin s\u0259dri \u018fli H\u0259s\u0259nov, Bak\u0131 \u015e\u0259h\u0259r \u0130cra Hakimiyy\u0259tinin ba\u015f&ccedil;\u0131s\u0131 Hac\u0131bala Abutal\u0131bov, Sumqay\u0131t \u015e\u0259h\u0259r \u0130cra Hakimiyy\u0259tinin ba\u015f&ccedil;\u0131s\u0131 Zakir F\u0259r\u0259cov &ccedil;\u0131x\u0131\u015f edibl\u0259r.<\/p>\n<p>M&uuml;\u015favir\u0259y\u0259 yekun vuran Az\u0259rbaycan\u0131n Birinci vitse-prezidenti Mehriban \u018fliyeva bu m\u0259s\u0259l\u0259nin q\u0131sa zamanda h\u0259lli &uuml;&ccedil;&uuml;n birg\u0259 &ccedil;al\u0131\u015fma\u011f\u0131n \u0259h\u0259miyy\u0259tind\u0259n dan\u0131\u015f\u0131b. Mehriban \u018fliyeva u\u015faq ba\u011f&ccedil;alar\u0131n\u0131n tikintisi v\u0259 yenid\u0259nqurulmas\u0131 il\u0259 ba\u011fl\u0131 b&ouml;y&uuml;k i\u015fl\u0259rin g&ouml;r&uuml;ld&uuml;y&uuml;n&uuml; dey\u0259r\u0259k b\u0259zi hallarda bu ba\u011f&ccedil;alar\u0131n tam g&uuml;c&uuml; il\u0259 f\u0259aliyy\u0259t g&ouml;st\u0259rm\u0259diyini diqq\u0259t\u0259 &ccedil;atd\u0131r\u0131b. Vur\u011fulay\u0131b ki, m\u0259s\u0259l\u0259nin tezlikl\u0259 h\u0259lli &uuml;&ccedil;&uuml;n Maliyy\u0259 Nazirliyi il\u0259 Bak\u0131 \u015e\u0259h\u0259r \u0130cra Hakimiyy\u0259ti aras\u0131nda i\u015f&ccedil;i qrup yarad\u0131lmal\u0131d\u0131r. &ldquo;Bu g&uuml;n qar\u015f\u0131m\u0131zda duran \u0259sas m\u0259qs\u0259d Bak\u0131 v\u0259 Sumqay\u0131t \u015f\u0259h\u0259rl\u0259rind\u0259ki 4 min k&ouml;&ccedil;k&uuml;n ail\u0259sini yeni m\u0259nzill\u0259rl\u0259 t\u0259min etm\u0259kdir. \u018fn q\u0259zal\u0131, \u0259n a\u011f\u0131r v\u0259ziyy\u0259td\u0259 ya\u015fayan ail\u0259l\u0259r tezlikl\u0259 yeni binalara k&ouml;&ccedil;&uuml;r&uuml;lm\u0259lidir&rdquo;,- dey\u0259n Mehriban \u018fliyeva bu istiqam\u0259td\u0259 m&uuml;vafiq d&ouml;vl\u0259t orqanlar\u0131 aras\u0131nda \u0259laq\u0259l\u0259ndirilm\u0259nin apar\u0131lmas\u0131 il\u0259 ba\u011fl\u0131 tap\u015f\u0131r\u0131qlar\u0131n\u0131 verib. Az\u0259rbaycan\u0131n Birinci vitse-prezidenti qa&ccedil;q\u0131nlar\u0131n v\u0259 m\u0259cburi k&ouml;&ccedil;k&uuml;nl\u0259rin i\u015fl\u0259 t\u0259min olunmas\u0131 istiqam\u0259tind\u0259 rayon icra hakimyy\u0259tl\u0259rin\u0259 t\u0259klifl\u0259r haz\u0131rlama\u011f\u0131 tap\u015f\u0131r\u0131b. Mehriban \u018fliyeva Erm\u0259nistan-Az\u0259rbaycan, Da\u011fl\u0131q Qaraba\u011f m&uuml;naqi\u015f\u0259sinin \u0259dal\u0259tli h\u0259llini tapaca\u011f\u0131na, \u0259razi b&uuml;t&ouml;vl&uuml;y&uuml;m&uuml;z&uuml;n b\u0259rpa olunaca\u011f\u0131na, b&uuml;t&uuml;n qa&ccedil;q\u0131n v\u0259 m\u0259cburi k&ouml;&ccedil;k&uuml;nl\u0259rin &ouml;z do\u011fma yurdlar\u0131na qay\u0131daca\u011f\u0131na \u0259minliyini ifad\u0259 edib.&nbsp;<\/p>\n","protected":false},"excerpt":{"rendered":"<p>Bu g&uuml;n Az\u0259rbaycan\u0131n Birinci vitse-prezidenti xan\u0131m Mehriban \u018fliyevan\u0131n s\u0259drliyi il\u0259 Bak\u0131 v\u0259 Sumqay\u0131t \u015f\u0259h\u0259rl\u0259rinin yataqxanalar\u0131nda m&uuml;v\u0259qq\u0259ti m\u0259skunla\u015fm\u0131\u015f qa&ccedil;q\u0131n v\u0259 m\u0259cburi k&ouml;&ccedil;k&uuml;n ail\u0259l\u0259rinin k&ouml;&ccedil;&uuml;r&uuml;lm\u0259sin\u0259 h\u0259sr olunan m&uuml;\u015favir\u0259 ke&ccedil;irilib. Az\u0259rbaycan\u0131n Birinci vitse-prezidenti&hellip;<\/p>\n","protected":false},"author":1,"featured_media":251278,"comment_status":"open","ping_status":"open","sticky":false,"template":"","format":"standard","meta":{"_lmt_disableupdate":"","_lmt_disable":"","footnotes":""},"categories":[91],"tags":[],"class_list":["post-44513","post","type-post","status-publish","format-standard","has-post-thumbnail","hentry","category-olkeici"],"_links":{"self":[{"href":"https:\/\/ucnoqta.az\/index.php?rest_route=\/wp\/v2\/posts\/44513","targetHints":{"allow":["GET"]}}],"collection":[{"href":"https:\/\/ucnoqta.az\/index.php?rest_route=\/wp\/v2\/posts"}],"about":[{"href":"https:\/\/ucnoqta.az\/index.php?rest_route=\/wp\/v2\/types\/post"}],"author":[{"embeddable":true,"href":"https:\/\/ucnoqta.az\/index.php?rest_route=\/wp\/v2\/users\/1"}],"replies":[{"embeddable":true,"href":"https:\/\/ucnoqta.az\/index.php?rest_route=%2Fwp%2Fv2%2Fcomments&post=44513"}],"version-history":[{"count":0,"href":"https:\/\/ucnoqta.az\/index.php?rest_route=\/wp\/v2\/posts\/44513\/revisions"}],"wp:featuredmedia":[{"embeddable":true,"href":"https:\/\/ucnoqta.az\/index.php?rest_route=\/wp\/v2\/media\/251278"}],"wp:attachment":[{"href":"https:\/\/ucnoqta.az\/index.php?rest_route=%2Fwp%2Fv2%2Fmedia&parent=44513"}],"wp:term":[{"taxonomy":"category","embeddable":true,"href":"https:\/\/ucnoqta.az\/index.php?rest_route=%2Fwp%2Fv2%2Fcategories&post=44513"},{"taxonomy":"post_tag","embeddable":true,"href":"https:\/\/ucnoqta.az\/index.php?rest_route=%2Fwp%2Fv2%2Ftags&post=44513"}],"curies":[{"name":"wp","href":"https:\/\/api.w.org\/{rel}","templated":true}]}}