{"id":44508,"date":"2017-03-09T17:01:11","date_gmt":"2017-03-09T13:01:11","guid":{"rendered":""},"modified":"-0001-11-30T00:00:00","modified_gmt":"-0001-11-29T20:00:00","slug":"","status":"publish","type":"post","link":"https:\/\/ucnoqta.az\/?p=44508","title":{"rendered":"<b>Elmin \u0130nki\u015faf\u0131 Fondu \u201c2016-c\u0131 ilin alimi\u201d m\u00fckafat m\u00fcsabiq\u0259sini elan edib<\/b>"},"content":{"rendered":"<p><span style=\"line-height: 1.6em;\">Az\u0259rbaycan Respublikas\u0131n\u0131n Prezidenti yan\u0131nda Elmin \u0130nki\u015faf\u0131 Fondu &nbsp;&ldquo;\u018fn Layiqli Alim &ndash; \u018f.L.A.&rdquo; m\u0259qs\u0259dli qrant m&uuml;sabiq\u0259si &ccedil;\u0259r&ccedil;iv\u0259sind\u0259 &quot;2016-c\u0131 ilin alimi&quot; m&uuml;kafat m&uuml;sabiq\u0259sini elan edib.&nbsp;<\/span><span style=\"line-height: 1.6em;\">M&uuml;t\u0259madi olaraq ke&ccedil;irilm\u0259si n\u0259z\u0259rd\u0259 tutulmu\u015f &ldquo;\u018fn Layiqli Alim &ndash; \u018f.L.A.&rdquo; m&uuml;sabiq\u0259si aliml\u0259rin, o c&uuml;ml\u0259d\u0259n g\u0259nc aliml\u0259rin m&uuml;xt\u0259lif elm sah\u0259l\u0259ri &uuml;zr\u0259 h\u0259r il \u0259rzind\u0259 \u0259ld\u0259 etdiyi elmi v\u0259 elmi-t\u0259\u015fkilati nailiyy\u0259tl\u0259ri \u0259sas\u0131nda m&uuml;sabiq\u0259 yolu il\u0259 qiym\u0259tl\u0259ndirilm\u0259si v\u0259 m&uuml;kafatland\u0131r\u0131lmas\u0131n\u0131 n\u0259z\u0259rd\u0259 tutur. &ldquo;2016-c\u0131 ilin alimi&rdquo; m&uuml;kafat m&uuml;sabiq\u0259sinin m\u0259qs\u0259di Az\u0259rbaycanda 2016-c\u0131 ild\u0259 f\u0259al elmi f\u0259aliyy\u0259t g&ouml;st\u0259rmi\u015f, y&uuml;ks\u0259k elmi n\u0259tic\u0259l\u0259r\u0259 nail olmu\u015f, t\u0259sir (impakt) faktorlu, tan\u0131nm\u0131\u015f bazalarda indeksl\u0259n\u0259n n&uuml;fuzlu jurnallarda v\u0259 n\u0259\u015frl\u0259rd\u0259 d\u0259rc olunmu\u015f elmi m\u0259qal\u0259l\u0259ri v\u0259 dig\u0259r elmi \u0259s\u0259rl\u0259ri olan, elmi i\u015fl\u0259rin\u0259 istinad olunan, h\u0259m&ccedil;inin v\u0259 y&uuml;ks\u0259k elmi-t\u0259\u015fkilati f\u0259aliyy\u0259ti il\u0259 f\u0259rql\u0259nmi\u015f aliml\u0259rin Elmin \u0130nki\u015faf\u0131 Fondu t\u0259r\u0259find\u0259n m&uuml;\u0259yy\u0259nl\u0259\u015fdirilmi\u015f v\u0259 beyn\u0259lxalq standartlara uy\u011fun meyarlar &uuml;zr\u0259 qiym\u0259tl\u0259ndirilm\u0259si v\u0259 m&uuml;kafatland\u0131r\u0131lmas\u0131d\u0131r.<\/span><\/p>\n<p>M&uuml;sabiq\u0259 &uuml;zr\u0259 qalibl\u0259r a\u015fa\u011f\u0131dak\u0131 bir ne&ccedil;\u0259 nominasiya &uuml;zr\u0259 &ldquo;\u0130lin alimi-2016&rdquo;, &ldquo;\u0130lin g\u0259nc alimi-2016&rdquo; adlar\u0131n\u0131 alacaq, diplom v\u0259 pul m&uuml;kafatlar\u0131 il\u0259 t\u0259ltif edil\u0259c\u0259kl\u0259r:<\/p>\n<p>\u018fsas nominasiyalar:<\/p>\n<p>Fizika-riyaziyyat v\u0259 texnika elml\u0259ri &uuml;zr\u0259 &#8211; 1 m&uuml;kafat (3 000 manat);<br \/>\nKimya elml\u0259ri &uuml;zr\u0259 &#8211; 1 m&uuml;kafat (3 000 manat);<br \/>\nYer elml\u0259ri &uuml;zr\u0259 &#8211; 1 m&uuml;kafat (3 000 manat);&nbsp;<br \/>\nBiologiya, tibb v\u0259 aqrar elml\u0259ri &uuml;zr\u0259 &#8211; 1 m&uuml;kafat (3 000 manat);<br \/>\nHumanitar v\u0259 ictimai elml\u0259r &uuml;zr\u0259 &#8211; 1 m&uuml;kafat (3 000 manat).<\/p>\n<p>G\u0259nc aliml\u0259r &uuml;&ccedil;&uuml;n (35 ya\u015fad\u0259k) nominasiyalar:<\/p>\n<p>T\u0259bi\u0259t v\u0259 texnika elml\u0259ri &uuml;zr\u0259 &#8211; 1 m&uuml;kafat (2 000 manat);&nbsp;<br \/>\nH\u0259yat haqq\u0131nda elml\u0259r &uuml;zr\u0259 &#8211; 1 m&uuml;kafat (2 000 manat);&nbsp;<br \/>\nHumanitar v\u0259 ictimai elml\u0259r &uuml;zr\u0259 &#8211; 1 m&uuml;kafat (2 000 manat).<\/p>\n<p>M&uuml;sabiq\u0259d\u0259 i\u015ftirak etm\u0259k &uuml;&ccedil;&uuml;n s\u0259n\u0259dl\u0259r 2017-ci il mart\u0131n 10-dan aprelin 17-si saat 17:00-d\u0259k q\u0259bul olunacaq. N\u0259tic\u0259l\u0259rin 2017-ci ilin may ay\u0131n\u0131n ilk ong&uuml;nl&uuml;y&uuml;nd\u0259 a&ccedil;\u0131qlanmas\u0131 n\u0259z\u0259rd\u0259 tutulur. M&uuml;sabiq\u0259d\u0259 AMEA t\u0259\u015fkilatlar\u0131ndan, ali t\u0259hsil m&uuml;\u0259ssis\u0259l\u0259rind\u0259n, nazirlikl\u0259rin n\u0259zdind\u0259ki elmi-t\u0259dqiqat qurumlar\u0131ndan alim v\u0259 m&uuml;t\u0259x\u0259ssisl\u0259r f\u0259rdi \u015f\u0259kild\u0259 i\u015ftirak ed\u0259 bil\u0259rl\u0259r. M&uuml;sabiq\u0259 il\u0259 ba\u011fl\u0131 suallar\u0131n elektron-po&ccedil;t &uuml;nvan\u0131na g&ouml;nd\u0259rilm\u0259si v\u0259 ya onlar\u0131n z\u0259ng vasit\u0259si il\u0259 cavabland\u0131r\u0131lmas\u0131 m&uuml;mk&uuml;nd&uuml;r. S\u0259n\u0259dl\u0259rin q\u0259bulu &uuml;&ccedil;&uuml;n n\u0259z\u0259rd\u0259 tutulmu\u015f m&uuml;dd\u0259t \u0259rzind\u0259 iddia&ccedil;\u0131lara k&ouml;m\u0259k v\u0259 suallar\u0131n cavabland\u0131r\u0131lmas\u0131 m\u0259qs\u0259dil\u0259 Elmin \u0130nki\u015faf\u0131 Fondunda m\u0259sl\u0259h\u0259t seminarlar\u0131n\u0131n ke&ccedil;irilm\u0259si n\u0259z\u0259rd\u0259 tutulub. Bu haqda Fondun internet portal\u0131nda \u0259lav\u0259 m\u0259lumat veril\u0259c\u0259k.&nbsp;<\/p>\n","protected":false},"excerpt":{"rendered":"<p>Az\u0259rbaycan Respublikas\u0131n\u0131n Prezidenti yan\u0131nda Elmin \u0130nki\u015faf\u0131 Fondu &nbsp;&ldquo;\u018fn Layiqli Alim &ndash; \u018f.L.A.&rdquo; m\u0259qs\u0259dli qrant m&uuml;sabiq\u0259si &ccedil;\u0259r&ccedil;iv\u0259sind\u0259 &quot;2016-c\u0131 ilin alimi&quot; m&uuml;kafat m&uuml;sabiq\u0259sini elan edib.&nbsp;M&uuml;t\u0259madi olaraq ke&ccedil;irilm\u0259si n\u0259z\u0259rd\u0259 tutulmu\u015f &ldquo;\u018fn Layiqli Alim&hellip;<\/p>\n","protected":false},"author":1,"featured_media":251278,"comment_status":"open","ping_status":"open","sticky":false,"template":"","format":"standard","meta":{"_lmt_disableupdate":"","_lmt_disable":"","footnotes":""},"categories":[101],"tags":[],"class_list":["post-44508","post","type-post","status-publish","format-standard","has-post-thumbnail","hentry","category-cemiyyet"],"_links":{"self":[{"href":"https:\/\/ucnoqta.az\/index.php?rest_route=\/wp\/v2\/posts\/44508","targetHints":{"allow":["GET"]}}],"collection":[{"href":"https:\/\/ucnoqta.az\/index.php?rest_route=\/wp\/v2\/posts"}],"about":[{"href":"https:\/\/ucnoqta.az\/index.php?rest_route=\/wp\/v2\/types\/post"}],"author":[{"embeddable":true,"href":"https:\/\/ucnoqta.az\/index.php?rest_route=\/wp\/v2\/users\/1"}],"replies":[{"embeddable":true,"href":"https:\/\/ucnoqta.az\/index.php?rest_route=%2Fwp%2Fv2%2Fcomments&post=44508"}],"version-history":[{"count":0,"href":"https:\/\/ucnoqta.az\/index.php?rest_route=\/wp\/v2\/posts\/44508\/revisions"}],"wp:featuredmedia":[{"embeddable":true,"href":"https:\/\/ucnoqta.az\/index.php?rest_route=\/wp\/v2\/media\/251278"}],"wp:attachment":[{"href":"https:\/\/ucnoqta.az\/index.php?rest_route=%2Fwp%2Fv2%2Fmedia&parent=44508"}],"wp:term":[{"taxonomy":"category","embeddable":true,"href":"https:\/\/ucnoqta.az\/index.php?rest_route=%2Fwp%2Fv2%2Fcategories&post=44508"},{"taxonomy":"post_tag","embeddable":true,"href":"https:\/\/ucnoqta.az\/index.php?rest_route=%2Fwp%2Fv2%2Ftags&post=44508"}],"curies":[{"name":"wp","href":"https:\/\/api.w.org\/{rel}","templated":true}]}}