{"id":44507,"date":"2017-03-09T16:41:14","date_gmt":"2017-03-09T12:41:14","guid":{"rendered":""},"modified":"-0001-11-30T00:00:00","modified_gmt":"-0001-11-29T20:00:00","slug":"","status":"publish","type":"post","link":"https:\/\/ucnoqta.az\/?p=44507","title":{"rendered":"\u201c\u018fr quyusu\u201d filmi Ming\u0259\u00e7evird\u0259 n\u00fcmayi\u015f olundu"},"content":{"rendered":"<p>Paytaxt kinosev\u0259rl\u0259rinin &nbsp;&ouml;t\u0259n ay izl\u0259yib tan\u0131\u015f olduqlar\u0131 &ldquo;\u018fr quyusu&rdquo; filmi bu d\u0259f\u0259 ming\u0259&ccedil;evirli p\u0259r\u0259sti\u015fkarlar\u0131n g&ouml;r&uuml;\u015f&uuml;n\u0259 getdi.&nbsp;<br \/>\nYaz\u0131&ccedil;\u0131 S\u0259id\u0259 Haqverdiyevan\u0131n &ldquo;Qara q\u0131z\u0131n qara b\u0259xti&rdquo; hekay\u0259sinin motivl\u0259ri \u0259sas\u0131nda ekranla\u015fd\u0131rd\u0131\u011f\u0131 &ldquo;\u018fr quyusu&rdquo; adl\u0131 ilk ekran i\u015fini bu f\u0259d\u0259 Ming\u0259&ccedil;evir D&ouml;vl\u0259t Dram Teatr\u0131n\u0131n kino zal\u0131na topla\u015fan filmsev\u0259rl\u0259r izl\u0259m\u0259k \u015fans\u0131 qazand\u0131lar.<br \/>\n8 Mart &ndash; Beyn\u0259lxalq Qad\u0131nlar G&uuml;n&uuml;n\u0259 t\u0259sad&uuml;f ed\u0259n qala gec\u0259sind\u0259 tama\u015fa&ccedil;\u0131 qismind\u0259 d\u0259 el\u0259 \u0259sas etibaril\u0259 Ming\u0259&ccedil;evir xan\u0131mlar\u0131 i\u015ftirak edirdil\u0259r.<br \/>\nQala gec\u0259sind\u0259 tama\u015fa&ccedil;\u0131larla g&ouml;r&uuml;\u015f\u0259 filmin ssenari m&uuml;\u0259llifi v\u0259 rejissoru &nbsp;S\u0259id\u0259 Haqverdiyeva il\u0259 yana\u015f\u0131 ekran i\u015finin ba\u015f rol ifa&ccedil;\u0131lar\u0259 &Uuml;lviyy\u0259 \u018fliyeva, R\u0259smiyy\u0259 Nurm\u0259mm\u0259dova, Cavid Telman, K&ouml;n&uuml;l \u015eahbazova v\u0259 dig\u0259rl\u0259ri getmi\u015fdil\u0259r.<br \/>\nMing\u0259&ccedil;evirli kinosev\u0259rl\u0259r qar\u015f\u0131s\u0131nda &ccedil;\u0131x\u0131\u015f ed\u0259n sevil\u0259n aktrisa &Uuml;lviyy\u0259 \u018fliyeva film bar\u0259d\u0259 m\u0259lumat verdi v\u0259 h\u0259r k\u0259si mart\u0131n 19-d\u0259k h\u0259r g&uuml;n iki seans olmaqla n&uuml;mayi\u015f etdiril\u0259c\u0259k m\u0259\u015fi\u0259t m&ouml;vzulu tragikomik film\u0259 baxma\u011fa d\u0259v\u0259t etdi.<br \/>\nP\u0259r\u0259sti\u015fkarlar &uuml;&ccedil;&uuml;n t\u0259\u015fkil olunan imza m\u0259rasimind\u0259n sonra film\u0259 bax\u0131\u015f ke&ccedil;irildi. An\u015flaqla ke&ccedil;\u0259n qalan\u0131n tama\u015fa&ccedil;\u0131lar\u0131 sonda sevimli kino q\u0259hr\u0259manlar\u0131 il\u0259 \u015f\u0259kil &ccedil;\u0259kdirib &uuml;nsiyy\u0259t qurmaq imkan\u0131 da qazand\u0131lar.<br \/>\nQeyd ed\u0259k ki, bu film ssenarist-rejissorun ilk ekran i\u015fidir v\u0259 &ouml;z&uuml;nd\u0259 90-c\u0131 ill\u0259rin nostalji ya\u015fam t\u0259rzini \u0259ks etdirir. \u018fsas etibaril\u0259 q\u0131zlar\u0131n \u0259r\u0259 getm\u0259m\u0259si m\u0259s\u0259l\u0259sini sarkazmla ekrana k&ouml;&ccedil;&uuml;r\u0259n rejissor bel\u0259c\u0259 q\u0259hr\u0259mana &ccedil;evirdiyi 6 q\u0131z\u0131 olan ail\u0259nin \u0259slind\u0259 dramatik durumunu ustal\u0131qla \u0259ks etdirm\u0259y\u0259 nail olub.<br \/>\nTammetrajl\u0131 b\u0259dii filmin qurulu\u015f&ccedil;u operatoru R\u0259\u015fad Qarayev, &nbsp;b\u0259st\u0259kar\u0131 V&uuml;qar Camalzad\u0259, qurulu\u015f&ccedil;u r\u0259ssam\u0131 \u0130qbal \u018fliyev, rejissoru Jal\u0259 R\u0259himlidir.<br \/>\nFilmd\u0259 \u0259sas rollar\u0131 &nbsp;&Uuml;lviyy\u0259 \u018fliyeva, M\u0259h\u0259rr\u0259m Qurbanov, R\u0259smiyy\u0259 Nurm\u0259mm\u0259dova, Cavid Telman, K&ouml;n&uuml;l \u015eahbazova, Zemfira &nbsp;\u018fbd&uuml;ls\u0259m\u0259dova v\u0259 dig\u0259rl\u0259ri oynay\u0131r.<\/p>\n<p>&nbsp;<\/p>\n","protected":false},"excerpt":{"rendered":"<p>Paytaxt kinosev\u0259rl\u0259rinin &nbsp;&ouml;t\u0259n ay izl\u0259yib tan\u0131\u015f olduqlar\u0131 &ldquo;\u018fr quyusu&rdquo; filmi bu d\u0259f\u0259 ming\u0259&ccedil;evirli p\u0259r\u0259sti\u015fkarlar\u0131n g&ouml;r&uuml;\u015f&uuml;n\u0259 getdi.&nbsp; Yaz\u0131&ccedil;\u0131 S\u0259id\u0259 Haqverdiyevan\u0131n &ldquo;Qara q\u0131z\u0131n qara b\u0259xti&rdquo; hekay\u0259sinin motivl\u0259ri \u0259sas\u0131nda ekranla\u015fd\u0131rd\u0131\u011f\u0131 &ldquo;\u018fr quyusu&rdquo; adl\u0131&hellip;<\/p>\n","protected":false},"author":1,"featured_media":251278,"comment_status":"open","ping_status":"open","sticky":false,"template":"","format":"standard","meta":{"_lmt_disableupdate":"","_lmt_disable":"","footnotes":""},"categories":[102],"tags":[],"class_list":["post-44507","post","type-post","status-publish","format-standard","has-post-thumbnail","hentry","category-medeniyyet-butun-xeberler"],"_links":{"self":[{"href":"https:\/\/ucnoqta.az\/index.php?rest_route=\/wp\/v2\/posts\/44507","targetHints":{"allow":["GET"]}}],"collection":[{"href":"https:\/\/ucnoqta.az\/index.php?rest_route=\/wp\/v2\/posts"}],"about":[{"href":"https:\/\/ucnoqta.az\/index.php?rest_route=\/wp\/v2\/types\/post"}],"author":[{"embeddable":true,"href":"https:\/\/ucnoqta.az\/index.php?rest_route=\/wp\/v2\/users\/1"}],"replies":[{"embeddable":true,"href":"https:\/\/ucnoqta.az\/index.php?rest_route=%2Fwp%2Fv2%2Fcomments&post=44507"}],"version-history":[{"count":0,"href":"https:\/\/ucnoqta.az\/index.php?rest_route=\/wp\/v2\/posts\/44507\/revisions"}],"wp:featuredmedia":[{"embeddable":true,"href":"https:\/\/ucnoqta.az\/index.php?rest_route=\/wp\/v2\/media\/251278"}],"wp:attachment":[{"href":"https:\/\/ucnoqta.az\/index.php?rest_route=%2Fwp%2Fv2%2Fmedia&parent=44507"}],"wp:term":[{"taxonomy":"category","embeddable":true,"href":"https:\/\/ucnoqta.az\/index.php?rest_route=%2Fwp%2Fv2%2Fcategories&post=44507"},{"taxonomy":"post_tag","embeddable":true,"href":"https:\/\/ucnoqta.az\/index.php?rest_route=%2Fwp%2Fv2%2Ftags&post=44507"}],"curies":[{"name":"wp","href":"https:\/\/api.w.org\/{rel}","templated":true}]}}