{"id":44502,"date":"2017-03-09T15:41:50","date_gmt":"2017-03-09T11:41:50","guid":{"rendered":""},"modified":"-0001-11-30T00:00:00","modified_gmt":"-0001-11-29T20:00:00","slug":"","status":"publish","type":"post","link":"https:\/\/ucnoqta.az\/?p=44502","title":{"rendered":"Sosial s\u0131\u011forta haqlar\u0131 \u00fczr\u0259 daxilolmalar art\u0131b"},"content":{"rendered":"<p>&nbsp;\u018fm\u0259k v\u0259 \u018fhalinin Sosial M&uuml;dafi\u0259si Nazirliyi yan\u0131nda D&ouml;vl\u0259t Sosial M&uuml;dafi\u0259 Fondunun rayon (\u015f\u0259h\u0259r) orqanlar\u0131n\u0131n r\u0259hb\u0259r \u015f\u0259xsl\u0259rinin i\u015ftirak\u0131 il\u0259 Fondun f\u0259aliyy\u0259t sah\u0259l\u0259ri, o c&uuml;ml\u0259d\u0259n m\u0259cburi d&ouml;vl\u0259t sosial s\u0131\u011forta haqlar\u0131n\u0131n toplanmas\u0131, s\u0131\u011forta-pensiya m&uuml;nasib\u0259tl\u0259rinin t\u0259\u015fkili, sosial t\u0259minat i\u015fl\u0259rinin d&uuml;zg&uuml;n t\u0259\u015fkili v\u0259 s. &uuml;zr\u0259 cari m\u0259s\u0259l\u0259l\u0259rin m&uuml;zakir\u0259sin\u0259 h\u0259sr olunmu\u015f iclas ke&ccedil;irilib.<br \/>\n\u018fm\u0259k v\u0259 \u0259halinin sosial m&uuml;dafi\u0259si naziri S\u0259lim M&uuml;sl&uuml;mov Az\u0259rbaycan Prezidenti c\u0259nab \u0130lham \u018fliyevin r\u0259hb\u0259rliyi il\u0259 apar\u0131lan u\u011furlu islahatlar kursunun, d&ouml;vl\u0259t ba\u015f&ccedil;\u0131s\u0131n\u0131n imzalad\u0131\u011f\u0131 f\u0259rman v\u0259 s\u0259r\u0259ncamlar\u0131n, q\u0259bul etdiyi q\u0259rarlar\u0131n m&uuml;sb\u0259t n\u0259tic\u0259l\u0259rinin 2017-ci ilin ilk aylar\u0131nda da ayd\u0131n \u015f\u0259kild\u0259 &ouml;z&uuml;n&uuml; g&ouml;st\u0259rdiyini vur\u011fulay\u0131b: &ldquo;Buna misal olaraq, cari ilin ilk ay\u0131n\u0131n yekunlar\u0131, y\u0259ni yanvar ay\u0131nda art\u0131q &uuml;mumdaxili m\u0259hsul istehsal\u0131nda 0,8 faiz, x&uuml;sus\u0259n s\u0259nayenin qeyri-neft sektorunda 13,0 faiz, k\u0259nd t\u0259s\u0259rr&uuml;fat\u0131n\u0131n &uuml;mumi m\u0259hsulunda 3,5 faiz art\u0131m\u0131n qeyd\u0259 al\u0131nmas\u0131, \u0259halinin g\u0259lirl\u0259rinin 4,6 faiz &ccedil;oxalaraq 3476,1 milyon manata &ccedil;atmas\u0131 v\u0259 s. 2017-ci ilin &ouml;lk\u0259miz &uuml;&ccedil;&uuml;n u\u011furla ba\u015fland\u0131\u011f\u0131n\u0131, bu ilin d\u0259 &ouml;lk\u0259nin sosial-iqtisadi h\u0259yat\u0131nda n&ouml;vb\u0259ti ir\u0259lil\u0259yi\u015fl\u0259rl\u0259 m&uuml;\u015fahid\u0259 olunaca\u011f\u0131n\u0131 dem\u0259y\u0259 \u0259sas verir&rdquo;. Nazir sosial m&uuml;dafi\u0259 sah\u0259sind\u0259 qar\u015f\u0131da duran v\u0259zif\u0259l\u0259rin icras\u0131 y&ouml;n&uuml;nd\u0259 d\u0259 m\u0259qs\u0259dy&ouml;nl&uuml; i\u015fl\u0259rin apar\u0131ld\u0131\u011f\u0131n\u0131, sosial proqramlar\u0131n u\u011furla h\u0259yata ke&ccedil;irildiyini diqq\u0259t\u0259 &ccedil;atd\u0131r\u0131b. O bildirib ki, cari ilin ilk g&uuml;nl\u0259rind\u0259n aktiv m\u0259\u015f\u011fulluq t\u0259dbirl\u0259ri davam etdirilm\u0259kl\u0259, minimum \u0259m\u0259khaqq\u0131n\u0131n v\u0259 pensiyalar\u0131n s\u0131\u011forta hiss\u0259si indeksasiya olunmaqla bu &ouml;d\u0259ni\u015fl\u0259rin m\u0259bl\u0259\u011finin, &uuml;nvanl\u0131 d&ouml;vl\u0259t sosial yard\u0131m\u0131 &uuml;&ccedil;&uuml;n ehtiyac meyar\u0131n\u0131n m\u0259bl\u0259\u011finin n&ouml;vb\u0259ti d\u0259f\u0259 art\u0131r\u0131lmas\u0131 t\u0259min olunub. Bu amill\u0259r sosial m&uuml;dafi\u0259 sah\u0259sinin d&ouml;vl\u0259t ba\u015f&ccedil;\u0131s\u0131n\u0131n daim diqq\u0259tind\u0259 dayand\u0131\u011f\u0131n\u0131 bir daha t\u0259sdiql\u0259yir. Haz\u0131rk\u0131 iclasda da m\u0259qs\u0259d sosial m&uuml;dafi\u0259 sah\u0259sind\u0259 f\u0259aliyy\u0259tin &ouml;lk\u0259mizin dayan\u0131ql\u0131 inki\u015faf\u0131na y&ouml;n\u0259l\u0259n prosesl\u0259r\u0259 adekvat \u015f\u0259kild\u0259 daha s\u0259m\u0259r\u0259li t\u0259\u015fkili il\u0259 ba\u011fl\u0131 cari m\u0259s\u0259l\u0259l\u0259rin m&uuml;zakir\u0259 olunmas\u0131d\u0131r.<br \/>\nS.M&uuml;sl&uuml;mov nazirlik yan\u0131nda D&ouml;vl\u0259t Sosial M&uuml;dafi\u0259 Fondunun f\u0259aliyy\u0259tinin vacib sah\u0259l\u0259rind\u0259n birinin m\u0259cburi d&ouml;vl\u0259t sosial s\u0131\u011forta haqlar\u0131n\u0131n toplanmas\u0131 oldu\u011funu qeyd edib: &ldquo;&Ouml;t\u0259n d&ouml;vrd\u0259 Fonda daxilolmalarda, x&uuml;sus\u0259n d\u0259 qeyri-b&uuml;dc\u0259 sektoru &uuml;zr\u0259 daxilolmalarda art\u0131m dinamikas\u0131 m&ouml;vcuddur. Misal &uuml;&ccedil;&uuml;n, ke&ccedil;\u0259n il m\u0259cburi d&ouml;vl\u0259t sosial s\u0131\u011forta haqlar\u0131 &uuml;zr\u0259 daxilolmalar \u0259vv\u0259lki ill\u0259 m&uuml;qayis\u0259d\u0259 6,4 faiz, qeyri-b&uuml;dc\u0259 sektorundan daxilolmalar is\u0259 5,8 faiz &ccedil;ox olub. Bu daxilolmalarla ba\u011fl\u0131 iqtisadi v\u0259ziyy\u0259tin t\u0259hlili \u0259sas\u0131nda balansla\u015fd\u0131r\u0131lm\u0131\u015f v\u0259 reall\u0131\u011fa tam uy\u011fun proqnozlar t\u0259rtib olunur. 2017-ci ilin yanvar-fevral aylar\u0131 &uuml;zr\u0259 m\u0259cburi d&ouml;vl\u0259t sosial s\u0131\u011forta haqlar\u0131 &uuml;zr\u0259 proqnoza &uuml;mumilikd\u0259 101 faiz, qeyri-b&uuml;dc\u0259 sektoru &uuml;zr\u0259 is\u0259 102 faiz \u0259m\u0259l olunmas\u0131 bu sah\u0259d\u0259 m&uuml;sb\u0259t tendensiyan\u0131n cari ild\u0259 d\u0259 davam\u0131 etdiyini g&ouml;st\u0259rir&rdquo;. S.M&uuml;sl&uuml;mov bu sah\u0259d\u0259 f\u0259aliyy\u0259tin g&uuml;cl\u0259ndirilm\u0259si, x&uuml;sus\u0259n d\u0259 qeyri-formal \u015f\u0259kild\u0259 muzdlu \u0259m\u0259k f\u0259aliyy\u0259ti il\u0259 m\u0259\u015f\u011ful olanlar\u0131n \u0259m\u0259yinin r\u0259smil\u0259\u015fdirilm\u0259si, onlar\u0131n m\u0259cburi d&ouml;vl\u0259t sosial s\u0131\u011forta sistemin\u0259 c\u0259lb edilm\u0259si, bununla eyni zamanda onlar\u0131n g\u0259l\u0259c\u0259k pensiya v\u0259 dig\u0259r sosial m&uuml;dafi\u0259 h&uuml;quqlar\u0131na malik olmalar\u0131 &uuml;&ccedil;&uuml;n t\u0259dbirl\u0259rin g&uuml;cl\u0259ndirilm\u0259si il\u0259 \u0259laq\u0259dar m&uuml;vafiq g&ouml;st\u0259ri\u015fl\u0259rini verib.<br \/>\nF\u0259rdi u&ccedil;otun t\u0259\u015fkili sah\u0259sind\u0259 g&ouml;r&uuml;l\u0259n i\u015fl\u0259rd\u0259n b\u0259hs ed\u0259n S.M&uuml;sl&uuml;mov 2006-c\u0131 ild\u0259n m&uuml;asir s\u0131\u011forta-pensiya sisteminin vacib elementi kimi t\u0259tbiqin\u0259 ba\u015flan\u0131lan f\u0259rdi u&ccedil;ot sisteminin \u0259hat\u0259 dair\u0259sinin getdikc\u0259 geni\u015fl\u0259ndiyini vur\u011fulay\u0131b: &ldquo;Sistemd\u0259 f\u0259rdi \u015f\u0259xsi hesab\u0131 a&ccedil;\u0131lanlar\u0131n say\u0131 01 mart 2017-ci il tarix\u0259 art\u0131q 3 431 299 n\u0259f\u0259r\u0259 &ccedil;at\u0131b ki, bu da &ouml;t\u0259n ilin m&uuml;vafiq d&ouml;vr&uuml; il\u0259 m&uuml;qayis\u0259d\u0259 6,9 faiz &ccedil;oxdur. T\u0259kc\u0259 &ouml;t\u0259n il sistemd\u0259 \u0259lav\u0259 olaraq 191 754 n\u0259f\u0259r qeydiyyata al\u0131n\u0131b. Sistemd\u0259 qeydiyyata al\u0131nanlar\u0131n say\u0131nda h\u0259r ay \u0259h\u0259miyy\u0259tli art\u0131m &ouml;z&uuml;n&uuml; g&ouml;st\u0259rir. Misal &uuml;&ccedil;&uuml;n, cari ilin yanvar ay\u0131nda ad\u0131na f\u0259rdi \u015f\u0259xsi hesab a&ccedil;\u0131lanlar\u0131n say\u0131 \u0259vv\u0259lki ayla, y\u0259ni &ouml;t\u0259n ilin dekabr ay\u0131 il\u0259 m&uuml;qayis\u0259d\u0259 13,8 faiz, fevral ay\u0131nda is\u0259 yanvar ay\u0131 il\u0259 m&uuml;ayis\u0259d\u0259 85,7 faiz &ccedil;ox olub. Qeyd olunanlar f\u0259rdi u&ccedil;ot sisteminin pensiya v\u0259 sosial m&uuml;dafi\u0259 h&uuml;quqlar\u0131n\u0131n realla\u015fd\u0131r\u0131lmas\u0131nda \u0259h\u0259miyy\u0259tli rolunu v\u0259 buna g&ouml;r\u0259 d\u0259 i\u015fl\u0259y\u0259n \u0259halinin h\u0259min sistemd\u0259 i\u015ftirak etm\u0259y\u0259 mara\u011f\u0131n\u0131n artd\u0131\u011f\u0131n\u0131 g&ouml;st\u0259rir. Bu sah\u0259d\u0259 art\u0131m\u0131n davam etm\u0259si &uuml;&ccedil;&uuml;n qar\u015f\u0131dak\u0131 d&ouml;vrd\u0259 d\u0259 s\u0259yl\u0259r g&uuml;cl\u0259ndirilm\u0259lidir&rdquo;. S.M&uuml;sl&uuml;mov g&ouml;zl\u0259nil\u0259n pensiya islahatlar\u0131 il\u0259 ba\u011fl\u0131 f\u0259rdi u&ccedil;ot sistemind\u0259 d\u0259 g&ouml;r&uuml;l\u0259c\u0259k i\u015fl\u0259rl\u0259 ba\u011fl\u0131 tap\u015f\u0131r\u0131qlar\u0131n\u0131 verib.&nbsp;<br \/>\nNazir Az\u0259rbaycan Prezidenti c\u0259nab \u0130lham \u018fliyevin 23 fevral 2015-ci il tarixli F\u0259rman\u0131na \u0259sas\u0259n, &uuml;nvanl\u0131 d&ouml;vl\u0259t sosial yard\u0131m\u0131 &uuml;zr\u0259 Vahid Elektron M&uuml;raci\u0259t v\u0259 T\u0259yinat Alt Sisteminin (VEMTAS) yarad\u0131lmas\u0131 v\u0259 &ouml;t\u0259n il fevral ay\u0131n\u0131n 15-d\u0259n t\u0259tbiqin\u0259 ba\u015flanmas\u0131 n\u0259tic\u0259sind\u0259 sosial yard\u0131m sah\u0259sind\u0259 \u0259haliy\u0259 m&uuml;asir v\u0259 \u015f\u0259ffaf xidm\u0259tl\u0259r sisteminin formala\u015fd\u0131\u011f\u0131n\u0131 diqq\u0259t\u0259 &ccedil;atd\u0131r\u0131b: &ldquo;Praktikada &ouml;z&uuml;n&uuml; g&ouml;zl\u0259nil\u0259n s\u0259viyy\u0259d\u0259 do\u011fruldan, d&ouml;vl\u0259tin sosial yard\u0131mlar\u0131n\u0131n t\u0259yinat\u0131nda m\u0259mur-v\u0259t\u0259nda\u015f t\u0259maslar\u0131n\u0131 tam aradan qald\u0131ran bu avtomatla\u015fd\u0131r\u0131lm\u0131\u015f sistem m&uuml;t\u0259madi olaraq t\u0259kmill\u0259\u015fdirilir v\u0259 onun texniki imkanlar\u0131 daha da art\u0131r\u0131l\u0131r. Art\u0131q sosial yard\u0131mlar &uuml;zr\u0259 maliyy\u0259 idar\u0259&ccedil;iliyi, &uuml;nvanl\u0131 sosial yard\u0131mlar &uuml;zr\u0259 t\u0259l\u0259b olunan v\u0259saitl\u0259r\u0259 dair m\u0259lumatlar\u0131n \u0259ld\u0259 olunmas\u0131 v\u0259 &uuml;mumil\u0259\u015fdirilm\u0259si il\u0259 ba\u011fl\u0131 b&uuml;t&uuml;n prosedurlar\u0131n da m\u0259hz elektron sistem &uuml;z\u0259rind\u0259n h\u0259yata ke&ccedil;irilm\u0259sin\u0259 ba\u015flan\u0131b&rdquo;.<br \/>\n\u0130clasda D&ouml;vl\u0259t Sosial M&uuml;dafi\u0259 Fondunun f\u0259aliyy\u0259t sah\u0259l\u0259rin\u0259 dair m\u0259s\u0259l\u0259l\u0259r \u0259trafl\u0131 m&uuml;zakir\u0259 olunub v\u0259 aidiyy\u0259ti m\u0259s\u0259l\u0259l\u0259r, habel\u0259 \u0259haliy\u0259 daim n&uuml;mun\u0259vi xidm\u0259tin t\u0259\u015fkili il\u0259 ba\u011fl\u0131 tap\u015f\u0131r\u0131qlar verilib.<\/p>\n","protected":false},"excerpt":{"rendered":"<p>&nbsp;\u018fm\u0259k v\u0259 \u018fhalinin Sosial M&uuml;dafi\u0259si Nazirliyi yan\u0131nda D&ouml;vl\u0259t Sosial M&uuml;dafi\u0259 Fondunun rayon (\u015f\u0259h\u0259r) orqanlar\u0131n\u0131n r\u0259hb\u0259r \u015f\u0259xsl\u0259rinin i\u015ftirak\u0131 il\u0259 Fondun f\u0259aliyy\u0259t sah\u0259l\u0259ri, o c&uuml;ml\u0259d\u0259n m\u0259cburi d&ouml;vl\u0259t sosial s\u0131\u011forta haqlar\u0131n\u0131n toplanmas\u0131, s\u0131\u011forta-pensiya&hellip;<\/p>\n","protected":false},"author":1,"featured_media":251278,"comment_status":"open","ping_status":"open","sticky":false,"template":"","format":"standard","meta":{"_lmt_disableupdate":"","_lmt_disable":"","footnotes":""},"categories":[101],"tags":[],"class_list":["post-44502","post","type-post","status-publish","format-standard","has-post-thumbnail","hentry","category-cemiyyet"],"_links":{"self":[{"href":"https:\/\/ucnoqta.az\/index.php?rest_route=\/wp\/v2\/posts\/44502","targetHints":{"allow":["GET"]}}],"collection":[{"href":"https:\/\/ucnoqta.az\/index.php?rest_route=\/wp\/v2\/posts"}],"about":[{"href":"https:\/\/ucnoqta.az\/index.php?rest_route=\/wp\/v2\/types\/post"}],"author":[{"embeddable":true,"href":"https:\/\/ucnoqta.az\/index.php?rest_route=\/wp\/v2\/users\/1"}],"replies":[{"embeddable":true,"href":"https:\/\/ucnoqta.az\/index.php?rest_route=%2Fwp%2Fv2%2Fcomments&post=44502"}],"version-history":[{"count":0,"href":"https:\/\/ucnoqta.az\/index.php?rest_route=\/wp\/v2\/posts\/44502\/revisions"}],"wp:featuredmedia":[{"embeddable":true,"href":"https:\/\/ucnoqta.az\/index.php?rest_route=\/wp\/v2\/media\/251278"}],"wp:attachment":[{"href":"https:\/\/ucnoqta.az\/index.php?rest_route=%2Fwp%2Fv2%2Fmedia&parent=44502"}],"wp:term":[{"taxonomy":"category","embeddable":true,"href":"https:\/\/ucnoqta.az\/index.php?rest_route=%2Fwp%2Fv2%2Fcategories&post=44502"},{"taxonomy":"post_tag","embeddable":true,"href":"https:\/\/ucnoqta.az\/index.php?rest_route=%2Fwp%2Fv2%2Ftags&post=44502"}],"curies":[{"name":"wp","href":"https:\/\/api.w.org\/{rel}","templated":true}]}}