{"id":44496,"date":"2017-03-09T18:23:45","date_gmt":"2017-03-09T14:23:45","guid":{"rendered":""},"modified":"-0001-11-30T00:00:00","modified_gmt":"-0001-11-29T20:00:00","slug":"","status":"publish","type":"post","link":"https:\/\/ucnoqta.az\/?p=44496","title":{"rendered":"\u201cDinimiz milli-m\u0259n\u0259vi s\u0259rv\u0259timizdir\u201d"},"content":{"rendered":"<p><strong>&Ouml;lk\u0259d\u0259 he&ccedil; kim he&ccedil; vaxt dini bax\u0131\u015f\u0131na, inanc\u0131na g&ouml;r\u0259 t\u0259qib olunmay\u0131b v\u0259 s\u0131x\u0131\u015fd\u0131r\u0131lmay\u0131b<\/strong><\/p>\n<p>Bu g&uuml;n Az\u0259rbaycan m&uuml;xt\u0259lif dinl\u0259r aras\u0131nda s\u0259mimi m&uuml;nasib\u0259tl\u0259rin h&ouml;km s&uuml;rd&uuml;y&uuml;, y&uuml;ks\u0259k tolerantl\u0131q m&uuml;hitin\u0259 malik bir &ouml;lk\u0259y\u0259 &ccedil;evrilib. V\u0259t\u0259nda\u015flar Prezident \u0130lham \u018fliyevin y&uuml;r&uuml;td&uuml;y&uuml; siyas\u0259td\u0259n, dini d\u0259y\u0259rl\u0259r\u0259 olan ehtiramdan &ccedil;ox raz\u0131d\u0131rlar. Bu, Az\u0259rbaycanda tolerant m&uuml;hitin formala\u015fmas\u0131nda v\u0259 &ouml;lk\u0259mizin inki\u015faf etdirilm\u0259si, g&uuml;cl\u0259nm\u0259sind\u0259 &ouml;n\u0259mli rol oynay\u0131r. Az\u0259rbaycan Respublikas\u0131 Dini Qurumlarla \u0130\u015f &uuml;zr\u0259 D&ouml;vl\u0259t Komit\u0259sinin s\u0259dri M&uuml;bariz Qurbanl\u0131 bildirib: &quot;Bizim \u0259n &uuml;md\u0259 m\u0259qs\u0259dimiz m&uuml;st\u0259qil d&ouml;vl\u0259timimizi inki\u015faf etdirm\u0259k, g&uuml;cl\u0259ndirm\u0259k, bununla yana\u015f\u0131 milli-m\u0259n\u0259vi d\u0259y\u0259rl\u0259rimizi, dini v\u0259 milli kimliyimizi qoruyub saxlamaqd\u0131r. Az\u0259rbaycan \u0130slam &ouml;lk\u0259si say\u0131l\u0131r, \u0130slam dininin r\u0259mzi say\u0131lan ya\u015f\u0131l r\u0259ng bizim bayra\u011f\u0131m\u0131zda \u0259ks olunub v\u0259 \u0130slam bizim m\u0259n\u0259vi d\u0259y\u0259rimizdir. Ulu &Ouml;nd\u0259r Heyd\u0259r \u018fliyevin dediyi kimi: &ldquo;Dinimiz-milli-m\u0259n\u0259vi s\u0259rv\u0259timizdir&rdquo;. Biz h\u0259r hans\u0131 xarici q&uuml;vv\u0259l\u0259r\u0259 milli-m\u0259n\u0259vi d\u0259y\u0259rl\u0259rimiz\u0259 m&uuml;daxil\u0259 etm\u0259y\u0259 imkan verm\u0259y\u0259c\u0259yik. \u0130ndi ideoloji m&uuml;bariz\u0259 gedir. Bizim ideologiyam\u0131z\u0131n ad\u0131 &ldquo;Az\u0259rbaycan&ccedil;\u0131l\u0131q&rdquo;d\u0131r&quot;. &nbsp;&nbsp;<br \/>\nM.Qurbanl\u0131 &ouml;lk\u0259d\u0259 d&ouml;vl\u0259t-din m&uuml;nasib\u0259tl\u0259rind\u0259n dan\u0131\u015faraq qeyd edib ki, Az\u0259rbaycanda he&ccedil; vaxt dini radikalizm olmay\u0131b, amma vaxtil\u0259 siyasi radikalizmin &ouml;lk\u0259y\u0259 nec\u0259 ziyan g\u0259tirdiyinin \u015fahidi olmu\u015fuq. Ulu &ouml;nd\u0259r Heyd\u0259r \u018fliyevin ikinci d\u0259f\u0259 hakimiyy\u0259t\u0259 g\u0259lm\u0259si il\u0259 &ouml;lk\u0259mizd\u0259 siyasi radikalizm\u0259 d\u0259 son verilib v\u0259 sabit inki\u015faf\u0131n \u0259sas\u0131 qoyulub. &quot; &Uuml;mummilli liderimizin hakimiyy\u0259t\u0259 yenid\u0259n qay\u0131d\u0131\u015f\u0131ndan sonra bu sah\u0259d\u0259 g&ouml;r&uuml;l\u0259n i\u015fl\u0259r &ouml;lk\u0259d\u0259 dini f\u0259aliyy\u0259t sah\u0259sind\u0259 sabitliy\u0259 nail olunmas\u0131, konfessiyalar aras\u0131nda d&ouml;z&uuml;ml&uuml;l&uuml;k m&uuml;hitinin qorunub saxlan\u0131lmas\u0131 v\u0259 m&ouml;hk\u0259ml\u0259ndirilm\u0259sin\u0259 s\u0259b\u0259b oldu. Dini etiqad azadl\u0131\u011f\u0131na geni\u015f imkanlar a&ccedil;\u0131ld\u0131 v\u0259 n\u0259tic\u0259d\u0259 dini icmalar\u0131n normal f\u0259aliyy\u0259ti &uuml;&ccedil;&uuml;n h&uuml;quqi-m\u0259n\u0259vi \u015f\u0259rait yarad\u0131ld\u0131, xalq\u0131n milli m\u0259n\u0259vi d\u0259y\u0259rl\u0259rin\u0259 qay\u0131d\u0131\u015f s&uuml;r\u0259tl\u0259ndi&quot;.<br \/>\nOnun s&ouml;zl\u0259rin\u0259 g&ouml;r\u0259, Prezident \u0130lham \u018fliyev t\u0259r\u0259find\u0259n u\u011furla davam etdiril\u0259n d&ouml;vl\u0259t-din m&uuml;nasib\u0259tl\u0259ri say\u0259sind\u0259 bu g&uuml;n Az\u0259rbaycan\u0131n tolerantl\u0131\u011f\u0131, multikultural \u0259n\u0259n\u0259l\u0259r\u0259 sadiqliyi il\u0259 b&uuml;t&uuml;n d&uuml;nyaya &ouml;rn\u0259k g&ouml;st\u0259ril\u0259n &ouml;lk\u0259l\u0259rd\u0259n biridir. M&uuml;bariz Qurbanl\u0131 bildirib ki, d&ouml;vl\u0259timizin ba\u015f&ccedil;\u0131s\u0131n\u0131n s\u0259r\u0259ncamlar\u0131, tap\u015f\u0131r\u0131q v\u0259 t&ouml;vsiy\u0259l\u0259ri il\u0259 &ouml;lk\u0259mizd\u0259 onlarla m\u0259scid tikilib, t\u0259mir v\u0259 b\u0259rpa olunub, &ouml;lk\u0259d\u0259 dini maarifl\u0259ndirm\u0259 v\u0259 milli-m\u0259n\u0259vi d\u0259y\u0259rl\u0259rin t\u0259bli\u011fi i\u015fini daha da g&uuml;cl\u0259ndirm\u0259k m\u0259qs\u0259dil\u0259 dini icmalara maliyy\u0259 yard\u0131m\u0131 g&ouml;st\u0259rilir v\u0259 bu, dini z\u0259mind\u0259 &nbsp;Az\u0259rbaycanda m&uuml;xt\u0259lif m\u0259zh\u0259bl\u0259r\u0259 m\u0259nsub insanlar\u0131n m\u0259scidl\u0259rd\u0259 birg\u0259 ibad\u0259t etm\u0259l\u0259ri t\u0259min olunur. \u0130slam dini &uuml;zr\u0259 g\u0259nc, pe\u015f\u0259kar dini v\u0259 d&uuml;ny\u0259vi bilikl\u0259r\u0259 malik ixtisasl\u0131 kadrlar\u0131n haz\u0131rlanmas\u0131 diqq\u0259t m\u0259rk\u0259zind\u0259 saxlan\u0131l\u0131r&quot;.&nbsp;<br \/>\nO bildirib ki, prezidentin apard\u0131\u011f\u0131 siyas\u0259t n\u0259tic\u0259sind\u0259 Az\u0259rbaycanda milli m\u0259n\u0259vi d\u0259y\u0259rl\u0259r h\u0259mi\u015f\u0259 diqq\u0259t m\u0259rk\u0259zind\u0259 olub: &quot;B&uuml;t&uuml;n dinl\u0259r\u0259 h&ouml;rm\u0259t g&ouml;st\u0259rilir, qar\u015f\u0131l\u0131ql\u0131 m&uuml;nasib\u0259tl\u0259r y&uuml;ks\u0259k s\u0259viyy\u0259d\u0259dir. Milli m\u0259n\u0259vi d\u0259y\u0259rl\u0259rin t\u0259rkib hiss\u0259si olan islami d\u0259y\u0259rl\u0259r\u0259 x&uuml;susil\u0259 h&ouml;rm\u0259tl\u0259 yana\u015f\u0131l\u0131r. Az\u0259rbaycanda \u0130slam dininin apar\u0131c\u0131 din olmas\u0131 r\u0259smi \u015f\u0259kild\u0259 t\u0259sbit olunmur. Lakin biz \u0130slam dininin d\u0259y\u0259rl\u0259rini daim qorumu\u015fuq&quot;.<br \/>\nKomit\u0259 s\u0259dri deyib ki, Az\u0259rbaycanda \u0130slam dini il\u0259 yana\u015f\u0131, dig\u0259r dinl\u0259rin n&uuml;may\u0259nd\u0259l\u0259ri d\u0259 f\u0259aliyy\u0259t g&ouml;st\u0259rir v\u0259 onlara he&ccedil; bir mane\u0259 yoxdur: Bu, Az\u0259rbaycan Konstitusiyas\u0131nda da t\u0259sbit olunub. &Ouml;lk\u0259d\u0259 he&ccedil; kim he&ccedil; vaxt dini bax\u0131\u015f\u0131na, inanc\u0131na g&ouml;r\u0259 t\u0259qib olunmay\u0131b v\u0259 s\u0131x\u0131\u015fd\u0131r\u0131lmay\u0131b. M&uuml;xt\u0259lif sivilizasiyalar\u0131n v\u0259 m\u0259d\u0259niyy\u0259tl\u0259rin qovu\u015fu\u011funda yerl\u0259\u015f\u0259n Az\u0259rbaycan b&uuml;t&uuml;n d&uuml;nyaya tolerantl\u0131q n&uuml;mun\u0259sidir. Az\u0259rbaycan m\u0259d\u0259niyy\u0259tl\u0259raras\u0131 v\u0259 sivilizasiyalararas\u0131 dialoqa m&uuml;h&uuml;m t&ouml;hf\u0259 verir, &ouml;lk\u0259mizd\u0259 multikultural m&uuml;hit h&ouml;km s&uuml;r&uuml;r&quot;.<br \/>\nM.Qurbanl\u0131 \u0259lav\u0259 edib ki, insanlar aras\u0131nda ayr\u0131-se&ccedil;kilik v\u0259 onlar\u0131n s\u0131x\u0131\u015fd\u0131r\u0131lmas\u0131 t\u0259hl&uuml;k\u0259li n\u0259tic\u0259l\u0259r\u0259 g\u0259tirib &ccedil;\u0131xara bil\u0259r: &quot;H\u0259yat g&ouml;st\u0259rir ki, insanlar m&uuml;tl\u0259q bir araya g\u0259lm\u0259lidirl\u0259r, s&uuml;lh, dostluq \u015f\u0259raitind\u0259 ya\u015famal\u0131d\u0131rlar. Ayr\u0131-ayr\u0131 dinl\u0259r, m\u0259d\u0259niyy\u0259tl\u0259r aras\u0131nda qar\u015f\u0131durma b\u0259\u015f\u0259riyy\u0259t &uuml;&ccedil;&uuml;n t\u0259hl&uuml;k\u0259 yarada bil\u0259r. Az\u0259rbaycanda insanlar dig\u0259r dinl\u0259r v\u0259 m\u0259d\u0259niyy\u0259tl\u0259rd\u0259n b\u0259hr\u0259l\u0259ns\u0259l\u0259r d\u0259, ad\u0259t-\u0259n\u0259n\u0259l\u0259rini v\u0259 \u0130slam dininin d\u0259y\u0259rl\u0259rin\u0259 sadiqliyini d\u0259yi\u015fm\u0259yibl\u0259r&quot;.&nbsp;<br \/>\nKomit\u0259 s\u0259dri qeyd edib ki, bu g&uuml;n &ouml;lk\u0259mizin h\u0259r k\u0259s &uuml;&ccedil;&uuml;n multikultural m\u0259kana &ccedil;evrildiyi t\u0259kzibedilm\u0259z faktd\u0131r. Az\u0259rbaycanda ya\u015fayan m&uuml;xt\u0259lif xalqlar, m\u0259d\u0259niyy\u0259t v\u0259 din ard\u0131c\u0131llar\u0131 aras\u0131nda qar\u015f\u0131l\u0131ql\u0131 h&ouml;rm\u0259tin, birg\u0259ya\u015fay\u0131\u015f \u0259n\u0259n\u0259sinin m&ouml;vcudlu\u011fu \u0259ks\u0259r d&uuml;nya &ouml;lk\u0259l\u0259ri, beyn\u0259lxalq t\u0259\u015fkilatlar, diplomatlar, din xadiml\u0259ri t\u0259r\u0259find\u0259n d\u0259 q\u0259bul edilir v\u0259 m&uuml;xt\u0259lif t\u0259dbirl\u0259rd\u0259 bir &ccedil;ox d&ouml;vl\u0259tl\u0259r &uuml;&ccedil;&uuml;n &ouml;rn\u0259k g&ouml;st\u0259rilir. &quot;Bu g&uuml;n m&uuml;s\u0259lman d&uuml;nyas\u0131nda din amilind\u0259n istifad\u0259 ed\u0259r\u0259k yarad\u0131lan qar\u015f\u0131durmalar\u0131n qar\u015f\u0131s\u0131n\u0131 almaq &uuml;&ccedil;&uuml;n alternativ yollar tapma\u011fa h\u0259r zamank\u0131ndan daha &ccedil;ox ehtiyac var. Bu yol is\u0259 dini tolerantl\u0131\u011f\u0131n, birg\u0259ya\u015fay\u0131\u015f\u0131n, multikultural d\u0259y\u0259rl\u0259rin, eyni zamanda, m&uuml;s\u0259lmanlar aras\u0131nda h\u0259mr\u0259ylik ideyas\u0131n\u0131n t\u0259bli\u011f v\u0259 t\u0259\u015fviq olunmas\u0131ndan ke&ccedil;ir&quot;.<br \/>\nM&uuml;bariz Qurbanl\u0131 vur\u011fulay\u0131b ki, bu c&uuml;r xo\u015fag\u0259lm\u0259z hallar\u0131n qar\u015f\u0131s\u0131n\u0131 almaq &uuml;&ccedil;&uuml;n d&uuml;nyaya \u0130slam\u0131n s&uuml;lh dini oldu\u011funu v\u0259 m&uuml;s\u0259lmanlar\u0131n terror&ccedil;u deyil, dinind\u0259n, irqind\u0259n, sosial m\u0259nsubiyy\u0259tind\u0259n as\u0131l\u0131 olmayaraq h\u0259r k\u0259s\u0259 d&ouml;z&uuml;ml&uuml;, b\u0259rab\u0259r yana\u015fan toplumlar oldu\u011funu &ccedil;atd\u0131rma\u011fa ehtiyac duyulur. Nec\u0259 ki, xalq\u0131m\u0131z\u0131n sahib oldu\u011fu bu d\u0259y\u0259rl\u0259r art\u0131q &ouml;lk\u0259mizd\u0259 h\u0259yat t\u0259rzin\u0259 &ccedil;evrilib v\u0259 biz bununla d&uuml;nyaya &ldquo;bu yolun alternativi yoxdur&rdquo; mesaj\u0131n\u0131 verm\u0259kd\u0259yik.<br \/>\nKomit\u0259 s\u0259dri bildirib ki, \u0130slam h\u0259mr\u0259yliyi istiqam\u0259tind\u0259 g&ouml;r&uuml;l\u0259n i\u015fl\u0259r islamofobiya, \u0130slam\u0131n g&ouml;zd\u0259n sal\u0131nmas\u0131, bu dinin terrorla eynil\u0259\u015fdirilm\u0259si istiqam\u0259tind\u0259 apar\u0131lan kampaniyaya da &ccedil;ox ciddi z\u0259rb\u0259 vuracaq. &ldquo;\u0130slam H\u0259mr\u0259yliyi \u0130li&rdquo; &ccedil;\u0259r&ccedil;iv\u0259sind\u0259 \u0130slam d&uuml;nyas\u0131 il\u0259 dig\u0259r dini konfessiyalar\u0131n m&ouml;vcud oldu\u011fu &ouml;lk\u0259l\u0259r aras\u0131nda h\u0259mr\u0259ylik ba\u011f\u0131 yarad\u0131lacaq. Bu da \u0130slam h\u0259mr\u0259yliyin\u0259 b&ouml;y&uuml;k t&ouml;hf\u0259 ver\u0259c\u0259k. &ldquo;\u0130slam H\u0259mr\u0259yliyi \u0130li&rdquo; d\u0259 &ouml;lk\u0259miz v\u0259 b&uuml;t&uuml;n \u0130slam d&uuml;nyas\u0131 &uuml;&ccedil;&uuml;n u\u011furlu ill\u0259rd\u0259n biri olacaq. Bu il \u0130slam m\u0259d\u0259niyy\u0259tinin t\u0259bli\u011fi v\u0259 t\u0259\u015fviqi, \u0130slam dininin oldu\u011fu kimi d&uuml;nya ictimaiyy\u0259tin\u0259 &ccedil;atd\u0131r\u0131lmas\u0131, \u0259n \u0259sas\u0131 \u0130slam\u0131 g&ouml;zd\u0259n salan dair\u0259l\u0259rin h\u0259r\u0259k\u0259tl\u0259rin\u0259 qar\u015f\u0131 arqumentl\u0259rin ortaya qoyulmas\u0131 istiqam\u0259tind\u0259 veril\u0259n t&ouml;hf\u0259l\u0259rl\u0259 yadda qalacaq.<br \/>\nM&uuml;bariz Qurbanl\u0131 qeyd edib ki, bu g&uuml;n beyn\u0259lxalq al\u0259md\u0259 &ouml;z&uuml;n\u0259m\u0259xsus yer tutan v\u0259 \u0130slam \u018fm\u0259kda\u015fl\u0131q T\u0259\u015fkilat\u0131nda birl\u0259\u015f\u0259n m&uuml;s\u0259lman &ouml;lk\u0259l\u0259ri d&uuml;nya \u0259halisinin t\u0259qrib\u0259n 22 faizini t\u0259\u015fkil edir. Bu g&ouml;st\u0259ricinin 2050-ci ill\u0259rd\u0259 30 faiz\u0259 yax\u0131nla\u015faca\u011f\u0131 ehtimal olunur. Bu is\u0259 onu g&ouml;st\u0259rir ki, \u0130slam faktoru d&uuml;nya siyas\u0259tind\u0259 &ccedil;ox ciddi rol oynay\u0131r. &ldquo;Biz bilirik ki, \u0130slam d&uuml;nyas\u0131nda b\u0259zi m\u0259s\u0259l\u0259l\u0259rl\u0259 \u0259laq\u0259dar ziddiyy\u0259tl\u0259r, fikir ayr\u0131l\u0131qlar\u0131 var, ayr\u0131-ayr\u0131 m&uuml;s\u0259lman &ouml;lk\u0259l\u0259ri aras\u0131nda qar\u015f\u0131durmalar m&ouml;vcuddur&rdquo;, &ndash; dey\u0259n komit\u0259 s\u0259dri vur\u011fulay\u0131b ki, \u0130slam dini ad\u0131 alt\u0131nda f\u0259aliyy\u0259t g&ouml;st\u0259r\u0259n terror t\u0259\u015fkilatlar\u0131n\u0131 d\u0259st\u0259kl\u0259y\u0259n qruplar\u0131n d&uuml;nyada islamofobiya meyill\u0259rinin artmas\u0131na r\u0259vac verdikl\u0259ri dan\u0131lmaz faktd\u0131r. T\u0259\u0259ss&uuml;f ki, Avropa ictimai r\u0259yini diqq\u0259tl\u0259 izl\u0259s\u0259k, b&uuml;t&uuml;n terror aktlar\u0131n\u0131n \u0130slam dini il\u0259 \u0259laq\u0259l\u0259ndirildiyini g&ouml;r\u0259rik. Halbuki, &uuml;mumilikd\u0259 d&uuml;nya &uuml;zr\u0259 terrorlar\u0131n 70 faizi m&uuml;s\u0259lman, 5 faizi is\u0259 Avropa &ouml;lk\u0259l\u0259rind\u0259 ba\u015f verib. Lakin d&uuml;nya medias\u0131nda apar\u0131lan m\u0259qs\u0259dy&ouml;nl&uuml; informasiya siyas\u0259ti n\u0259tic\u0259sind\u0259 5 faizin \u0259traf\u0131nda qopar\u0131lan hay-k&uuml;y 70 faizin s\u0259sini bat\u0131r\u0131b. M&uuml;s\u0259lman &ouml;lk\u0259l\u0259rind\u0259 terror t&ouml;r\u0259d\u0259nl\u0259r \u0130slam ad\u0131 alt\u0131nda f\u0259aliyy\u0259t g&ouml;st\u0259r\u0259n v\u0259 b\u0259zi dair\u0259l\u0259r t\u0259r\u0259find\u0259n maliyy\u0259l\u0259\u015fdiril\u0259n qruplard\u0131r.<br \/>\n&nbsp;Biz \u0130slam\u0131 elmi-maarif&ccedil;ilik n&ouml;qteyi-n\u0259z\u0259rind\u0259n t\u0259bli\u011f etm\u0259liyik&quot;.<br \/>\n&quot;\u0130slam m&uuml;t\u0259r\u0259qqi ruha, &uuml;lvi d\u0259y\u0259rl\u0259r\u0259, z\u0259ngin elmi-m\u0259d\u0259ni irs\u0259 malik dindir&quot; dey\u0259n komit\u0259 s\u0259dri bildirib ki, bu g&uuml;n ictimaiyy\u0259t, x&uuml;sus\u0259n d\u0259 g\u0259ncl\u0259r aras\u0131nda \u0130slam dini m\u0259hz bu y&ouml;nd\u0259n t\u0259bli\u011f olunmal\u0131, radikal meyll\u0259rin qar\u015f\u0131s\u0131n\u0131n al\u0131nmas\u0131nda maarif&ccedil;ilik prinsipi \u0259sas g&ouml;t&uuml;r&uuml;lm\u0259lidir.<\/p>\n","protected":false},"excerpt":{"rendered":"<p>&Ouml;lk\u0259d\u0259 he&ccedil; kim he&ccedil; vaxt dini bax\u0131\u015f\u0131na, inanc\u0131na g&ouml;r\u0259 t\u0259qib olunmay\u0131b v\u0259 s\u0131x\u0131\u015fd\u0131r\u0131lmay\u0131b Bu g&uuml;n Az\u0259rbaycan m&uuml;xt\u0259lif dinl\u0259r aras\u0131nda s\u0259mimi m&uuml;nasib\u0259tl\u0259rin h&ouml;km s&uuml;rd&uuml;y&uuml;, y&uuml;ks\u0259k tolerantl\u0131q m&uuml;hitin\u0259 malik bir &ouml;lk\u0259y\u0259 &ccedil;evrilib.&hellip;<\/p>\n","protected":false},"author":1,"featured_media":251278,"comment_status":"open","ping_status":"open","sticky":false,"template":"","format":"standard","meta":{"_lmt_disableupdate":"","_lmt_disable":"","footnotes":""},"categories":[1],"tags":[],"class_list":["post-44496","post","type-post","status-publish","format-standard","has-post-thumbnail","hentry","category-esas"],"_links":{"self":[{"href":"https:\/\/ucnoqta.az\/index.php?rest_route=\/wp\/v2\/posts\/44496","targetHints":{"allow":["GET"]}}],"collection":[{"href":"https:\/\/ucnoqta.az\/index.php?rest_route=\/wp\/v2\/posts"}],"about":[{"href":"https:\/\/ucnoqta.az\/index.php?rest_route=\/wp\/v2\/types\/post"}],"author":[{"embeddable":true,"href":"https:\/\/ucnoqta.az\/index.php?rest_route=\/wp\/v2\/users\/1"}],"replies":[{"embeddable":true,"href":"https:\/\/ucnoqta.az\/index.php?rest_route=%2Fwp%2Fv2%2Fcomments&post=44496"}],"version-history":[{"count":0,"href":"https:\/\/ucnoqta.az\/index.php?rest_route=\/wp\/v2\/posts\/44496\/revisions"}],"wp:featuredmedia":[{"embeddable":true,"href":"https:\/\/ucnoqta.az\/index.php?rest_route=\/wp\/v2\/media\/251278"}],"wp:attachment":[{"href":"https:\/\/ucnoqta.az\/index.php?rest_route=%2Fwp%2Fv2%2Fmedia&parent=44496"}],"wp:term":[{"taxonomy":"category","embeddable":true,"href":"https:\/\/ucnoqta.az\/index.php?rest_route=%2Fwp%2Fv2%2Fcategories&post=44496"},{"taxonomy":"post_tag","embeddable":true,"href":"https:\/\/ucnoqta.az\/index.php?rest_route=%2Fwp%2Fv2%2Ftags&post=44496"}],"curies":[{"name":"wp","href":"https:\/\/api.w.org\/{rel}","templated":true}]}}