{"id":42273,"date":"2017-01-06T12:40:34","date_gmt":"2017-01-06T08:40:34","guid":{"rendered":""},"modified":"-0001-11-30T00:00:00","modified_gmt":"-0001-11-29T20:00:00","slug":"","status":"publish","type":"post","link":"https:\/\/ucnoqta.az\/?p=42273","title":{"rendered":"<font color=red><b>Con Kerri siyas\u0259td\u0259n gedir<\/b><\/font>"},"content":{"rendered":"<p><span style=\"line-height: 1.6em;\">AB\u015e d&ouml;vl\u0259t katibi Con Kerri yanvar\u0131n 20-d\u0259 istefa verdikd\u0259n sonra d&ouml;vl\u0259t qulluq&ccedil;usu karyeras\u0131n\u0131 ba\u015fa vuracaq.&nbsp;<\/span><span style=\"line-height: 1.6em;\">&quot;Report&quot; x\u0259b\u0259r verir ki, bu bar\u0259d\u0259 o, Va\u015finqtonda ke&ccedil;irdiyi m\u0259tbuat konfrans\u0131nda bildirib.<\/span><\/p>\n<p>73 ya\u015fl\u0131 C.Kerri 2013-c&uuml; ilin fevral ay\u0131ndan d&ouml;vl\u0259t katibi v\u0259zif\u0259sind\u0259 &ccedil;al\u0131\u015f\u0131r v\u0259 Barak Obama administrasiyas\u0131 il\u0259 birlikd\u0259 istefaya ged\u0259c\u0259k.<\/p>\n<p>Qeyd ed\u0259k ki, C.Kerri t\u0259xmin\u0259n 30 il \u0259rzind\u0259 Massa&ccedil;usets \u015ftat\u0131ndan senator olub. O, 2004-c&uuml; ild\u0259 AB\u015e-da ke&ccedil;iril\u0259n prezident se&ccedil;kil\u0259rind\u0259 Demokratlar Partiyas\u0131ndan namiz\u0259d olsa da, se&ccedil;kil\u0259rd\u0259 ikinci m&uuml;dd\u0259t\u0259 d&ouml;vl\u0259t ba\u015f&ccedil;\u0131s\u0131 se&ccedil;il\u0259n ki&ccedil;ik Corc Bu\u015fa m\u0259\u011flub olub.<\/p>\n","protected":false},"excerpt":{"rendered":"<p>AB\u015e d&ouml;vl\u0259t katibi Con Kerri yanvar\u0131n 20-d\u0259 istefa verdikd\u0259n sonra d&ouml;vl\u0259t qulluq&ccedil;usu karyeras\u0131n\u0131 ba\u015fa vuracaq.&nbsp;&quot;Report&quot; x\u0259b\u0259r verir ki, bu bar\u0259d\u0259 o, Va\u015finqtonda ke&ccedil;irdiyi m\u0259tbuat konfrans\u0131nda bildirib. 73 ya\u015fl\u0131 C.Kerri 2013-c&uuml;&hellip;<\/p>\n","protected":false},"author":1,"featured_media":251278,"comment_status":"open","ping_status":"open","sticky":false,"template":"","format":"standard","meta":{"_lmt_disableupdate":"","_lmt_disable":"","footnotes":""},"categories":[],"tags":[],"class_list":["post-42273","post","type-post","status-publish","format-standard","has-post-thumbnail","hentry"],"_links":{"self":[{"href":"https:\/\/ucnoqta.az\/index.php?rest_route=\/wp\/v2\/posts\/42273","targetHints":{"allow":["GET"]}}],"collection":[{"href":"https:\/\/ucnoqta.az\/index.php?rest_route=\/wp\/v2\/posts"}],"about":[{"href":"https:\/\/ucnoqta.az\/index.php?rest_route=\/wp\/v2\/types\/post"}],"author":[{"embeddable":true,"href":"https:\/\/ucnoqta.az\/index.php?rest_route=\/wp\/v2\/users\/1"}],"replies":[{"embeddable":true,"href":"https:\/\/ucnoqta.az\/index.php?rest_route=%2Fwp%2Fv2%2Fcomments&post=42273"}],"version-history":[{"count":0,"href":"https:\/\/ucnoqta.az\/index.php?rest_route=\/wp\/v2\/posts\/42273\/revisions"}],"wp:featuredmedia":[{"embeddable":true,"href":"https:\/\/ucnoqta.az\/index.php?rest_route=\/wp\/v2\/media\/251278"}],"wp:attachment":[{"href":"https:\/\/ucnoqta.az\/index.php?rest_route=%2Fwp%2Fv2%2Fmedia&parent=42273"}],"wp:term":[{"taxonomy":"category","embeddable":true,"href":"https:\/\/ucnoqta.az\/index.php?rest_route=%2Fwp%2Fv2%2Fcategories&post=42273"},{"taxonomy":"post_tag","embeddable":true,"href":"https:\/\/ucnoqta.az\/index.php?rest_route=%2Fwp%2Fv2%2Ftags&post=42273"}],"curies":[{"name":"wp","href":"https:\/\/api.w.org\/{rel}","templated":true}]}}