{"id":42272,"date":"2017-01-06T12:37:51","date_gmt":"2017-01-06T08:37:51","guid":{"rendered":""},"modified":"-0001-11-30T00:00:00","modified_gmt":"-0001-11-29T20:00:00","slug":"","status":"publish","type":"post","link":"https:\/\/ucnoqta.az\/?p=42272","title":{"rendered":"<b><font color=red>&#8220;New York Times&#8221;: <\/font>Donald Tramp AB\u015e-\u0131n b\u00fct\u00fcn s\u0259firl\u0259rini geri \u00e7a\u011f\u0131racaq<\/b>"},"content":{"rendered":"<p><span style=\"line-height: 1.6em;\">AB\u015e-\u0131n yeni se&ccedil;ilmi\u015f prezidenti Donald Tramp\u0131n ke&ccedil;id q\u0259rargah\u0131 yanvar\u0131n 20-d\u0259 ke&ccedil;iril\u0259c\u0259k andi&ccedil;m\u0259 m\u0259rasimin\u0259 q\u0259d\u0259r AB\u015e-\u0131n xarici &ouml;lk\u0259l\u0259rd\u0259ki b&uuml;t&uuml;n s\u0259firl\u0259rinin geri &ccedil;a\u011fr\u0131lmas\u0131 bar\u0259d\u0259 s\u0259r\u0259ncam imzalay\u0131b.&nbsp;<\/span><span style=\"line-height: 1.6em;\">Bu bar\u0259d\u0259 &quot;Report&quot; &quot;New York Times&quot;a istinad\u0259n x\u0259b\u0259r verir.&nbsp;<\/span><span style=\"line-height: 1.6em;\">N\u0259\u015fr qeyd edib ki, bu, diplomatlara AB\u015e-a qay\u0131tmazdan \u0259vv\u0259l h\u0259m pe\u015f\u0259kar, h\u0259m d\u0259 \u015f\u0259xsi i\u015fl\u0259rini ba\u015fa &ccedil;atd\u0131rmaq &uuml;&ccedil;&uuml;n vaxt verilm\u0259diyi ilk hald\u0131r.<\/span><\/p>\n<p>S\u0259r\u0259ncamda, h\u0259m&ccedil;inin bu s\u0259n\u0259din istinas\u0131z olaraq b&uuml;t&uuml;n s\u0259firl\u0259r\u0259 \u015famil edildiyi vur\u011fulan\u0131b. H\u0259r&ccedil;\u0259nd \u0259vv\u0259ll\u0259r x&uuml;sus\u0259n m\u0259kt\u0259b ya\u015fl\u0131 u\u015faqlar\u0131 olanlara m&uuml;\u0259yy\u0259n g&uuml;z\u0259\u015ft edilib, onlar\u0131n t\u0259dris ilini ba\u015fa vurmas\u0131 g&ouml;zl\u0259nilib.<\/p>\n","protected":false},"excerpt":{"rendered":"<p>AB\u015e-\u0131n yeni se&ccedil;ilmi\u015f prezidenti Donald Tramp\u0131n ke&ccedil;id q\u0259rargah\u0131 yanvar\u0131n 20-d\u0259 ke&ccedil;iril\u0259c\u0259k andi&ccedil;m\u0259 m\u0259rasimin\u0259 q\u0259d\u0259r AB\u015e-\u0131n xarici &ouml;lk\u0259l\u0259rd\u0259ki b&uuml;t&uuml;n s\u0259firl\u0259rinin geri &ccedil;a\u011fr\u0131lmas\u0131 bar\u0259d\u0259 s\u0259r\u0259ncam imzalay\u0131b.&nbsp;Bu bar\u0259d\u0259 &quot;Report&quot; &quot;New York Times&quot;a istinad\u0259n&hellip;<\/p>\n","protected":false},"author":1,"featured_media":251278,"comment_status":"open","ping_status":"open","sticky":false,"template":"","format":"standard","meta":{"_lmt_disableupdate":"","_lmt_disable":"","footnotes":""},"categories":[],"tags":[],"class_list":["post-42272","post","type-post","status-publish","format-standard","has-post-thumbnail","hentry"],"_links":{"self":[{"href":"https:\/\/ucnoqta.az\/index.php?rest_route=\/wp\/v2\/posts\/42272","targetHints":{"allow":["GET"]}}],"collection":[{"href":"https:\/\/ucnoqta.az\/index.php?rest_route=\/wp\/v2\/posts"}],"about":[{"href":"https:\/\/ucnoqta.az\/index.php?rest_route=\/wp\/v2\/types\/post"}],"author":[{"embeddable":true,"href":"https:\/\/ucnoqta.az\/index.php?rest_route=\/wp\/v2\/users\/1"}],"replies":[{"embeddable":true,"href":"https:\/\/ucnoqta.az\/index.php?rest_route=%2Fwp%2Fv2%2Fcomments&post=42272"}],"version-history":[{"count":0,"href":"https:\/\/ucnoqta.az\/index.php?rest_route=\/wp\/v2\/posts\/42272\/revisions"}],"wp:featuredmedia":[{"embeddable":true,"href":"https:\/\/ucnoqta.az\/index.php?rest_route=\/wp\/v2\/media\/251278"}],"wp:attachment":[{"href":"https:\/\/ucnoqta.az\/index.php?rest_route=%2Fwp%2Fv2%2Fmedia&parent=42272"}],"wp:term":[{"taxonomy":"category","embeddable":true,"href":"https:\/\/ucnoqta.az\/index.php?rest_route=%2Fwp%2Fv2%2Fcategories&post=42272"},{"taxonomy":"post_tag","embeddable":true,"href":"https:\/\/ucnoqta.az\/index.php?rest_route=%2Fwp%2Fv2%2Ftags&post=42272"}],"curies":[{"name":"wp","href":"https:\/\/api.w.org\/{rel}","templated":true}]}}