{"id":42263,"date":"2017-01-06T11:39:14","date_gmt":"2017-01-06T07:39:14","guid":{"rendered":""},"modified":"-0001-11-30T00:00:00","modified_gmt":"-0001-11-29T20:00:00","slug":"","status":"publish","type":"post","link":"https:\/\/ucnoqta.az\/?p=42263","title":{"rendered":"Tramp AB\u015e-\u0131n b\u00fct\u00fcn \u00f6lk\u0259l\u0259rd\u0259ki s\u0259firl\u0259rini geri \u00e7a\u011f\u0131racaq"},"content":{"rendered":"<p><span style=\"line-height: 1.6em;\">AB\u015e-\u0131n yeni prezidenti Donald Tramp andi&ccedil;m\u0259 m\u0259rasimi g&uuml;n&uuml; xarici &ouml;lk\u0259l\u0259r\u0259 t\u0259yin olunmu\u015f b&uuml;t&uuml;n s\u0259firl\u0259ri geri &ccedil;a\u011f\u0131racaq.&nbsp;<\/span><span style=\"line-height: 1.6em;\">APA-n\u0131n x\u0259b\u0259rin\u0259 g&ouml;r\u0259, bu bar\u0259d\u0259 &quot;New York Times&quot; q\u0259zeti D. Tramp\u0131n plan\u0131 il\u0259 tan\u0131\u015f olan bir ne&ccedil;\u0259 diplomata istinad\u0259n m\u0259lumat yay\u0131b.<\/span><br \/>\n<span style=\"line-height: 1.6em;\">Q\u0259zet yaz\u0131r ki, D. Tramp bununla ba\u011fl\u0131 AB\u015e D&ouml;vl\u0259t Departamentin\u0259 bildiri\u015f g&ouml;nd\u0259rib.<\/span><br \/>\n<span style=\"line-height: 1.6em;\">D. Tramp\u0131n ke&ccedil;id komandas\u0131n\u0131n dekabr\u0131n 23-d\u0259 g&ouml;nd\u0259rdiyi bildiri\u015fd\u0259 Obama Administrasiyas\u0131 d&ouml;vr&uuml;nd\u0259 t\u0259yin olunmu\u015f b&uuml;t&uuml;n s\u0259firl\u0259rin istisnas\u0131z olaraq yanvar\u0131n 20-d\u0259 geri &ccedil;a\u011f\u0131r\u0131laca\u011f\u0131 deyilir.<\/span><br \/>\n<span style=\"line-height: 1.6em;\">D. Tramp art\u0131q &Ccedil;in v\u0259 \u0130srail kimi b\u0259zi &ouml;lk\u0259l\u0259r\u0259 kiml\u0259ri s\u0259fir t\u0259yin ed\u0259c\u0259yini a&ccedil;\u0131qlay\u0131b.<\/span><br \/>\n<span style=\"line-height: 1.6em;\">Qeyd ed\u0259k ki, D. Tramp\u0131n inauqurasiya m\u0259rasimi yanvar\u0131n 20-da ke&ccedil;iril\u0259c\u0259k.<\/span><br \/>\n<span style=\"line-height: 1.6em;\">AB\u015e-\u0131n Az\u0259rbaycandak\u0131 s\u0259firi Robert Sekutad\u0131r. O, 2015-ci ild\u0259n bu v\u0259zif\u0259ni icra edir.<\/span><\/p>\n","protected":false},"excerpt":{"rendered":"<p>AB\u015e-\u0131n yeni prezidenti Donald Tramp andi&ccedil;m\u0259 m\u0259rasimi g&uuml;n&uuml; xarici &ouml;lk\u0259l\u0259r\u0259 t\u0259yin olunmu\u015f b&uuml;t&uuml;n s\u0259firl\u0259ri geri &ccedil;a\u011f\u0131racaq.&nbsp;APA-n\u0131n x\u0259b\u0259rin\u0259 g&ouml;r\u0259, bu bar\u0259d\u0259 &quot;New York Times&quot; q\u0259zeti D. Tramp\u0131n plan\u0131 il\u0259 tan\u0131\u015f olan&hellip;<\/p>\n","protected":false},"author":1,"featured_media":251278,"comment_status":"open","ping_status":"open","sticky":false,"template":"","format":"standard","meta":{"_lmt_disableupdate":"","_lmt_disable":"","footnotes":""},"categories":[89],"tags":[],"class_list":["post-42263","post","type-post","status-publish","format-standard","has-post-thumbnail","hentry","category-dunya-butun-xeberler"],"_links":{"self":[{"href":"https:\/\/ucnoqta.az\/index.php?rest_route=\/wp\/v2\/posts\/42263","targetHints":{"allow":["GET"]}}],"collection":[{"href":"https:\/\/ucnoqta.az\/index.php?rest_route=\/wp\/v2\/posts"}],"about":[{"href":"https:\/\/ucnoqta.az\/index.php?rest_route=\/wp\/v2\/types\/post"}],"author":[{"embeddable":true,"href":"https:\/\/ucnoqta.az\/index.php?rest_route=\/wp\/v2\/users\/1"}],"replies":[{"embeddable":true,"href":"https:\/\/ucnoqta.az\/index.php?rest_route=%2Fwp%2Fv2%2Fcomments&post=42263"}],"version-history":[{"count":0,"href":"https:\/\/ucnoqta.az\/index.php?rest_route=\/wp\/v2\/posts\/42263\/revisions"}],"wp:featuredmedia":[{"embeddable":true,"href":"https:\/\/ucnoqta.az\/index.php?rest_route=\/wp\/v2\/media\/251278"}],"wp:attachment":[{"href":"https:\/\/ucnoqta.az\/index.php?rest_route=%2Fwp%2Fv2%2Fmedia&parent=42263"}],"wp:term":[{"taxonomy":"category","embeddable":true,"href":"https:\/\/ucnoqta.az\/index.php?rest_route=%2Fwp%2Fv2%2Fcategories&post=42263"},{"taxonomy":"post_tag","embeddable":true,"href":"https:\/\/ucnoqta.az\/index.php?rest_route=%2Fwp%2Fv2%2Ftags&post=42263"}],"curies":[{"name":"wp","href":"https:\/\/api.w.org\/{rel}","templated":true}]}}